{"id":9985,"date":"2020-08-09T14:45:09","date_gmt":"2020-08-09T20:45:09","guid":{"rendered":"https:\/\/informativoelvalledeaguascalientes.online\/?p=9985"},"modified":"2020-08-09T14:45:09","modified_gmt":"2020-08-09T20:45:09","slug":"inversion-en-aguascalientes-no-se-detiene-y-con-ello-se-generaran-nuevas-fuentes-de-empleo-mos","status":"publish","type":"post","link":"https:\/\/informativoelvalledeaguascalientes.online\/?p=9985","title":{"rendered":"INVERSI\u00d3N EN AGUASCALIENTES NO SE DETIENE Y CON ELLO\u00a0 SE GENERAR\u00c1N NUEVAS FUENTES DE EMPLEO: MOS"},"content":{"rendered":"<p dir=\"ltr\">\u25cf \u00a0\u00a0\u00a0 La planta Continental se alista para iniciar los trabajos previos a su arranque formal.<\/p>\n<p dir=\"ltr\">\u25cf \u00a0\u00a0\u00a0 Se busca que empresas locales puedan integrarse como proveedores, adem\u00e1s que para el pr\u00f3ximo a\u00f1o se abrir\u00e1n nuevas vacantes de empleos especializados<\/p>\n<p dir=\"ltr\">\n<p dir=\"ltr\">La inversi\u00f3n en Aguascalientes no se detiene, a pesar de la dif\u00edcil situaci\u00f3n econ\u00f3mica que ha generado la emergencia sanitaria, y gracias a la confianza de los empresarios, se podr\u00e1 reactiva tambi\u00e9n un clima favorable para la generaci\u00f3n de empleos, as\u00ed lo se\u00f1al\u00f3 el gobernador Mart\u00edn Orozco Sandoval al conocer que en breve se iniciar\u00e1 operaci\u00f3n formal de Continental en Aguascalientes.<\/p>\n<p dir=\"ltr\">En este sentido, el mandatario se\u00f1al\u00f3 que de acuerdo a los inversionistas, la planta Continental en el estado registra un avance del 90 por ciento en su construcci\u00f3n, con lo que se vislumbra la ampliaci\u00f3n de la oferta laboral.<\/p>\n<p dir=\"ltr\">Orozco Sandoval apunt\u00f3 que con el inicio de operaciones, se generar\u00e1n empleos especializados de alta calidad y oportunidades para que las peque\u00f1as empresas locales puedan integrarse a su cadena de proveedur\u00eda, contribuyendo al proceso de reactivaci\u00f3n econ\u00f3mica de Aguascalientes.<\/p>\n<p dir=\"ltr\">La l\u00edder de Continental en Aguascalientes, Ina Seterbakken, coment\u00f3 que en los pr\u00f3ximos meses comenzar\u00e1n a operar con los trabajos previos al arranque formal, previsto para inicio del pr\u00f3ximo a\u00f1o, dando prioridad al capital humano de la entidad para ocupar posiciones clave en cada uno de sus procesos.<\/p>\n<p dir=\"ltr\">El titular de la secretar\u00eda de desarrollo econ\u00f3mico, Manuel Alejandro Gonz\u00e1lez Mart\u00ednez coment\u00f3 que en estos meses previos al arranque de operaciones, se apoyar\u00e1 a las empresas locales para que puedan cumplir con los est\u00e1ndares de calidad que requiere esta gran industria, para formar parte de su cat\u00e1logo de proveedores.<\/p>\n<p dir=\"ltr\">Cabe destacar que algunos de los dispositivos electr\u00f3nicos que se fabricar\u00e1n en la planta, son unidades de control para iluminaci\u00f3n, apertura de puertas y climatizaci\u00f3n en los asientos de veh\u00edculos, as\u00ed como c\u00e1maras de monitoreo del conductor, antenas inteligentes para la recepci\u00f3n de redes de datos y diversos sistemas de pantalla integrados, entre otros encaminados a la industria 4.0.<\/p>\n<p dir=\"ltr\">\n","protected":false},"excerpt":{"rendered":"<p>\u25cf \u00a0\u00a0\u00a0 La planta Continental se alista para iniciar los trabajos previos a su arranque formal. \u25cf \u00a0\u00a0\u00a0 Se busca que empresas locales puedan integrarse como proveedores, adem\u00e1s que para el pr\u00f3ximo a\u00f1o se abrir\u00e1n nuevas vacantes de empleos especializados La inversi\u00f3n en Aguascalientes no se detiene, a pesar de la dif\u00edcil situaci\u00f3n econ\u00f3mica que [&hellip;]<\/p>\n","protected":false},"author":1,"featured_media":9986,"comment_status":"closed","ping_status":"open","sticky":false,"template":"","format":"standard","meta":{"advanced_seo_description":"","jetpack_seo_html_title":"","jetpack_seo_noindex":false,"_jetpack_memberships_contains_paid_content":false,"footnotes":"","jetpack_publicize_message":"","jetpack_publicize_feature_enabled":true,"jetpack_social_post_already_shared":true,"jetpack_social_options":{"image_generator_settings":{"template":"highway","default_image_id":0,"font":"","enabled":false},"version":2}},"categories":[21,4],"tags":[22,31,104],"class_list":["post-9985","post","type-post","status-publish","format-standard","has-post-thumbnail","hentry","category-aguascalientes","category-gobierno-del-estado-aguascalientes","tag-aguascalientes","tag-mos","tag-sedec"],"jetpack_publicize_connections":[],"jetpack_featured_media_url":"https:\/\/i0.wp.com\/informativoelvalledeaguascalientes.online\/wp-content\/uploads\/2020\/08\/mos_continental_09082020.jpg?fit=1111%2C625&ssl=1","jetpack-related-posts":[],"jetpack_sharing_enabled":true,"jetpack_likes_enabled":true,"_links":{"self":[{"href":"https:\/\/informativoelvalledeaguascalientes.online\/index.php?rest_route=\/wp\/v2\/posts\/9985","targetHints":{"allow":["GET"]}}],"collection":[{"href":"https:\/\/informativoelvalledeaguascalientes.online\/index.php?rest_route=\/wp\/v2\/posts"}],"about":[{"href":"https:\/\/informativoelvalledeaguascalientes.online\/index.php?rest_route=\/wp\/v2\/types\/post"}],"author":[{"embeddable":true,"href":"https:\/\/informativoelvalledeaguascalientes.online\/index.php?rest_route=\/wp\/v2\/users\/1"}],"replies":[{"embeddable":true,"href":"https:\/\/informativoelvalledeaguascalientes.online\/index.php?rest_route=%2Fwp%2Fv2%2Fcomments&post=9985"}],"version-history":[{"count":1,"href":"https:\/\/informativoelvalledeaguascalientes.online\/index.php?rest_route=\/wp\/v2\/posts\/9985\/revisions"}],"predecessor-version":[{"id":9987,"href":"https:\/\/informativoelvalledeaguascalientes.online\/index.php?rest_route=\/wp\/v2\/posts\/9985\/revisions\/9987"}],"wp:featuredmedia":[{"embeddable":true,"href":"https:\/\/informativoelvalledeaguascalientes.online\/index.php?rest_route=\/wp\/v2\/media\/9986"}],"wp:attachment":[{"href":"https:\/\/informativoelvalledeaguascalientes.online\/index.php?rest_route=%2Fwp%2Fv2%2Fmedia&parent=9985"}],"wp:term":[{"taxonomy":"category","embeddable":true,"href":"https:\/\/informativoelvalledeaguascalientes.online\/index.php?rest_route=%2Fwp%2Fv2%2Fcategories&post=9985"},{"taxonomy":"post_tag","embeddable":true,"href":"https:\/\/informativoelvalledeaguascalientes.online\/index.php?rest_route=%2Fwp%2Fv2%2Ftags&post=9985"}],"curies":[{"name":"wp","href":"https:\/\/api.w.org\/{rel}","templated":true}]}}