{"id":9967,"date":"2020-08-08T19:50:07","date_gmt":"2020-08-09T01:50:07","guid":{"rendered":"https:\/\/informativoelvalledeaguascalientes.online\/?p=9967"},"modified":"2020-08-08T19:50:07","modified_gmt":"2020-08-09T01:50:07","slug":"vigila-proteccion-civil-municipal-ags-fincas-en-riesgo-por-temporada-de-lluvias","status":"publish","type":"post","link":"https:\/\/informativoelvalledeaguascalientes.online\/?p=9967","title":{"rendered":"VIGILA PROTECCI\u00d3N CIVIL MUNICIPAL AGS. FINCAS EN RIESGO POR TEMPORADA DE LLUVIAS"},"content":{"rendered":"<div class=\"opinion-section opinion-single-cover opinion-indent opinion-overlay\">\n<div class=\"container\">\n<div class=\"section-head row justify-content-center text-center\"><\/div>\n<\/div>\n<\/div>\n<div class=\"opinion-section\">\n<div class=\"container\">\n<div class=\"section-content row justify-content-center\">\n<div class=\"col-12 col-lg-8 opinion-order-1\">\n<article class=\"opinion-post opinion-single post-18668 post type-post status-publish format-standard has-post-thumbnail hentry category-proteccion-civil tag-viviendas-en-riesgo\">\n<div class=\"entry-content\">\n<ul>\n<li><strong>Al momento se tienen registrados 72 inmuebles con da\u00f1o estructural<\/strong><\/li>\n<\/ul>\n<p>Ante la presente temporada de lluvias la Coordinaci\u00f3n Municipal de Protecci\u00f3n Civil se mantiene alerta realizando operativos para supervisar y detectar viviendas que presenten riesgo por da\u00f1o estructural, ya sea por antig\u00fcedad, falta de mantenimiento, entre otros, as\u00ed lo declar\u00f3\u00a0<strong>Jes\u00fas Eduardo Mu\u00f1oz de Le\u00f3n<\/strong>,<span data-contrast=\"auto\">\u00a0titular del \u00e1rea.\u00a0<\/span><\/p>\n<p>Mencion\u00f3 que debido a las precipitaciones pluviales es com\u00fan el reblandecimiento de bardas en fincas que presentan desgaste , es por ello que durante esta temporada del a\u00f1o se redoblan los operativos para prevenir da\u00f1os mayores.<\/p>\n<p>Dio a conocer que al momento se tiene el registro de 72 inmuebles\u00a0con da\u00f1o estructural\u00a0ubicados en territorio municipal , por lo que se canalizaron los reportes a la Secretar\u00eda de Desarrollo Urbano Municipal\u00a0 (SEDUM), para su valoraci\u00f3n y la localizaci\u00f3n de los due\u00f1os de la fincas.<\/p>\n<p>De estas fincas, 47 se encuentran protegidas por el Instituto Nacional de Antropolog\u00eda e Historia (INAH), por lo que de igual manera se notific\u00f3 a la dependencia federal para que procedan a su restauraci\u00f3n.<\/p>\n<p><span data-contrast=\"auto\"><strong>Mu\u00f1oz de Le\u00f3n<\/strong>,<\/span><span data-contrast=\"auto\">\u00a0explic\u00f3 que en caso de un colapso inminente, se solicta la intervenci\u00f3n de la Secretar\u00eda de Obras P\u00fablicas Municipales (SOPMA), con quienes se trabaja de la mano con el fin de eliminar cualquier riesgo para la poblaci\u00f3n.<\/span><span data-ccp-props=\"{&quot;134233117&quot;:true,&quot;134233118&quot;:true,&quot;335551550&quot;:6,&quot;335551620&quot;:6}\">\u00a0<\/span><\/p>\n<p><span data-contrast=\"auto\">Invit\u00f3 a la ciudadan\u00eda a reportar cualquier inmueble que presente da\u00f1os en su estructura y que represente peligro, a los n\u00fameros 072 y 918 28 11 .<\/span><\/p>\n<\/div>\n<\/article>\n<\/div>\n<\/div>\n<\/div>\n<\/div>\n","protected":false},"excerpt":{"rendered":"<p>Al momento se tienen registrados 72 inmuebles con da\u00f1o estructural Ante la presente temporada de lluvias la Coordinaci\u00f3n Municipal de Protecci\u00f3n Civil se mantiene alerta realizando operativos para supervisar y detectar viviendas que presenten riesgo por da\u00f1o estructural, ya sea por antig\u00fcedad, falta de mantenimiento, entre otros, as\u00ed lo declar\u00f3\u00a0Jes\u00fas Eduardo Mu\u00f1oz de Le\u00f3n,\u00a0titular del [&hellip;]<\/p>\n","protected":false},"author":1,"featured_media":9968,"comment_status":"closed","ping_status":"open","sticky":false,"template":"","format":"standard","meta":{"advanced_seo_description":"","jetpack_seo_html_title":"","jetpack_seo_noindex":false,"_jetpack_memberships_contains_paid_content":false,"footnotes":"","jetpack_publicize_message":"","jetpack_publicize_feature_enabled":true,"jetpack_social_post_already_shared":true,"jetpack_social_options":{"image_generator_settings":{"template":"highway","default_image_id":0,"font":"","enabled":false},"version":2}},"categories":[21,3],"tags":[22,25],"class_list":["post-9967","post","type-post","status-publish","format-standard","has-post-thumbnail","hentry","category-aguascalientes","category-municipio-aguascalientes","tag-aguascalientes","tag-mpio-aguascalientes"],"jetpack_publicize_connections":[],"jetpack_featured_media_url":"https:\/\/i0.wp.com\/informativoelvalledeaguascalientes.online\/wp-content\/uploads\/2020\/08\/mpio_ags_08082020.jpg?fit=1024%2C683&ssl=1","jetpack-related-posts":[],"jetpack_sharing_enabled":true,"jetpack_likes_enabled":true,"_links":{"self":[{"href":"https:\/\/informativoelvalledeaguascalientes.online\/index.php?rest_route=\/wp\/v2\/posts\/9967","targetHints":{"allow":["GET"]}}],"collection":[{"href":"https:\/\/informativoelvalledeaguascalientes.online\/index.php?rest_route=\/wp\/v2\/posts"}],"about":[{"href":"https:\/\/informativoelvalledeaguascalientes.online\/index.php?rest_route=\/wp\/v2\/types\/post"}],"author":[{"embeddable":true,"href":"https:\/\/informativoelvalledeaguascalientes.online\/index.php?rest_route=\/wp\/v2\/users\/1"}],"replies":[{"embeddable":true,"href":"https:\/\/informativoelvalledeaguascalientes.online\/index.php?rest_route=%2Fwp%2Fv2%2Fcomments&post=9967"}],"version-history":[{"count":1,"href":"https:\/\/informativoelvalledeaguascalientes.online\/index.php?rest_route=\/wp\/v2\/posts\/9967\/revisions"}],"predecessor-version":[{"id":9969,"href":"https:\/\/informativoelvalledeaguascalientes.online\/index.php?rest_route=\/wp\/v2\/posts\/9967\/revisions\/9969"}],"wp:featuredmedia":[{"embeddable":true,"href":"https:\/\/informativoelvalledeaguascalientes.online\/index.php?rest_route=\/wp\/v2\/media\/9968"}],"wp:attachment":[{"href":"https:\/\/informativoelvalledeaguascalientes.online\/index.php?rest_route=%2Fwp%2Fv2%2Fmedia&parent=9967"}],"wp:term":[{"taxonomy":"category","embeddable":true,"href":"https:\/\/informativoelvalledeaguascalientes.online\/index.php?rest_route=%2Fwp%2Fv2%2Fcategories&post=9967"},{"taxonomy":"post_tag","embeddable":true,"href":"https:\/\/informativoelvalledeaguascalientes.online\/index.php?rest_route=%2Fwp%2Fv2%2Ftags&post=9967"}],"curies":[{"name":"wp","href":"https:\/\/api.w.org\/{rel}","templated":true}]}}