{"id":9961,"date":"2020-08-08T19:41:40","date_gmt":"2020-08-09T01:41:40","guid":{"rendered":"https:\/\/informativoelvalledeaguascalientes.online\/?p=9961"},"modified":"2020-08-08T19:41:40","modified_gmt":"2020-08-09T01:41:40","slug":"llama-martin-orozco-a-emprender-acciones-para-proteger-nuestro-medio-ambiente","status":"publish","type":"post","link":"https:\/\/informativoelvalledeaguascalientes.online\/?p=9961","title":{"rendered":"LLAMA MART\u00cdN OROZCO A EMPRENDER ACCIONES PARA PROTEGER NUESTRO MEDIO AMBIENTE\u00a0"},"content":{"rendered":"<ul>\n<li dir=\"ltr\">\n<p dir=\"ltr\">El gobernador arranc\u00f3 con la reforestaci\u00f3n del CEMA en Calvillo<\/p>\n<\/li>\n<li dir=\"ltr\">\n<p dir=\"ltr\">900 \u00e1rboles de los invernaderos estatales fueron donados para contribuir a la conformaci\u00f3n de este bosque urbano<\/p>\n<\/li>\n<li dir=\"ltr\">\n<p dir=\"ltr\">La estrategia de reforestaci\u00f3n 2020 presenta un 70% de avance<\/p>\n<\/li>\n<\/ul>\n<p dir=\"ltr\">\n<p dir=\"ltr\">La pandemia por el covid 19 nos ha dejado grandes lecciones, una de ellas es la urgencia de\u00a0 implementar acciones que protejan nuestra gran casa, el planeta tierra.<\/p>\n<p>&nbsp;<\/p>\n<p dir=\"ltr\">As\u00ed lo expres\u00f3 el gobernador Mart\u00edn Orozco Sandoval, quien hoy arranc\u00f3 la reforestaci\u00f3n del Centro de Estudios Medioambientales CEMA en Calvillo, el cual pretende convertirse en un espacio de preservaci\u00f3n del Medio Ambiente, as\u00ed como donde las familias puedan disfrutar del esparcimiento al aire libre.<\/p>\n<p>&nbsp;<\/p>\n<p dir=\"ltr\">El gobernador se\u00f1al\u00f3 que la emergencia sanitaria ha sido una llamada de atenci\u00f3n para replantear la forma en la que hemos estado actuando,\u00a0 por lo que ser\u00eda muy valioso mejorar nuestro entorno, con acciones de protecci\u00f3n al ambiente desde lo individual y como sociedad.<\/p>\n<p>&nbsp;<\/p>\n<p dir=\"ltr\">Por su parte, el secretario de Sustentabilidad Medio Ambiente y Agua, Julio C\u00e9sar Medina Delgado inform\u00f3 que a lo largo de 12 hect\u00e1reas se desarrollar\u00e1 este centro, en el cual hoy se sembraron 900 \u00e1rboles provenientes de los invernaderos estatales.<\/p>\n<p>&nbsp;<\/p>\n<p dir=\"ltr\">Con esta reforestaci\u00f3n, el secretario apunt\u00f3 que se tienen un avance del 70% en la meta de plantaci\u00f3n y seguimiento de \u00e1rboles que tiene la SSMAA para este a\u00f1o.<\/p>\n<p>&nbsp;<\/p>\n<p dir=\"ltr\">Adem\u00e1s, el presidente municipal de Calvillo, Ad\u00e1n Valdivia L\u00f3pez refiri\u00f3 que la importancia del impulso a este tipo de espacios en las ciudades, as\u00ed como la conformaci\u00f3n de este bosque urbano, es de gran impacto en la formaci\u00f3n de una cultura ecol\u00f3gica en ni\u00f1as, ni\u00f1os y j\u00f3venes.<\/p>\n","protected":false},"excerpt":{"rendered":"<p>El gobernador arranc\u00f3 con la reforestaci\u00f3n del CEMA en Calvillo 900 \u00e1rboles de los invernaderos estatales fueron donados para contribuir a la conformaci\u00f3n de este bosque urbano La estrategia de reforestaci\u00f3n 2020 presenta un 70% de avance La pandemia por el covid 19 nos ha dejado grandes lecciones, una de ellas es la urgencia de\u00a0 [&hellip;]<\/p>\n","protected":false},"author":1,"featured_media":9962,"comment_status":"closed","ping_status":"open","sticky":false,"template":"","format":"standard","meta":{"advanced_seo_description":"","jetpack_seo_html_title":"","jetpack_seo_noindex":false,"_jetpack_memberships_contains_paid_content":false,"footnotes":"","jetpack_publicize_message":"","jetpack_publicize_feature_enabled":true,"jetpack_social_post_already_shared":true,"jetpack_social_options":{"image_generator_settings":{"template":"highway","default_image_id":0,"font":"","enabled":false},"version":2}},"categories":[21,13,4],"tags":[22,29,306,31],"class_list":["post-9961","post","type-post","status-publish","format-standard","has-post-thumbnail","hentry","category-aguascalientes","category-calvillo-aguascalientes","category-gobierno-del-estado-aguascalientes","tag-aguascalientes","tag-calvillo-aguascalientes","tag-cema","tag-mos"],"jetpack_publicize_connections":[],"jetpack_featured_media_url":"https:\/\/i0.wp.com\/informativoelvalledeaguascalientes.online\/wp-content\/uploads\/2020\/08\/mos_cema_08082020.jpg?fit=1171%2C781&ssl=1","jetpack-related-posts":[],"jetpack_sharing_enabled":true,"jetpack_likes_enabled":true,"_links":{"self":[{"href":"https:\/\/informativoelvalledeaguascalientes.online\/index.php?rest_route=\/wp\/v2\/posts\/9961","targetHints":{"allow":["GET"]}}],"collection":[{"href":"https:\/\/informativoelvalledeaguascalientes.online\/index.php?rest_route=\/wp\/v2\/posts"}],"about":[{"href":"https:\/\/informativoelvalledeaguascalientes.online\/index.php?rest_route=\/wp\/v2\/types\/post"}],"author":[{"embeddable":true,"href":"https:\/\/informativoelvalledeaguascalientes.online\/index.php?rest_route=\/wp\/v2\/users\/1"}],"replies":[{"embeddable":true,"href":"https:\/\/informativoelvalledeaguascalientes.online\/index.php?rest_route=%2Fwp%2Fv2%2Fcomments&post=9961"}],"version-history":[{"count":1,"href":"https:\/\/informativoelvalledeaguascalientes.online\/index.php?rest_route=\/wp\/v2\/posts\/9961\/revisions"}],"predecessor-version":[{"id":9963,"href":"https:\/\/informativoelvalledeaguascalientes.online\/index.php?rest_route=\/wp\/v2\/posts\/9961\/revisions\/9963"}],"wp:featuredmedia":[{"embeddable":true,"href":"https:\/\/informativoelvalledeaguascalientes.online\/index.php?rest_route=\/wp\/v2\/media\/9962"}],"wp:attachment":[{"href":"https:\/\/informativoelvalledeaguascalientes.online\/index.php?rest_route=%2Fwp%2Fv2%2Fmedia&parent=9961"}],"wp:term":[{"taxonomy":"category","embeddable":true,"href":"https:\/\/informativoelvalledeaguascalientes.online\/index.php?rest_route=%2Fwp%2Fv2%2Fcategories&post=9961"},{"taxonomy":"post_tag","embeddable":true,"href":"https:\/\/informativoelvalledeaguascalientes.online\/index.php?rest_route=%2Fwp%2Fv2%2Ftags&post=9961"}],"curies":[{"name":"wp","href":"https:\/\/api.w.org\/{rel}","templated":true}]}}