{"id":996,"date":"2019-12-19T11:02:45","date_gmt":"2019-12-19T17:02:45","guid":{"rendered":"http:\/\/informativoelvalledeaguascalientes.online\/?p=996"},"modified":"2019-12-19T11:02:45","modified_gmt":"2019-12-19T17:02:45","slug":"regresan-a-la-uta-alumnos-de-intercambio","status":"publish","type":"post","link":"https:\/\/informativoelvalledeaguascalientes.online\/?p=996","title":{"rendered":"REGRESAN A LA UTA ALUMNOS DE INTERCAMBIO"},"content":{"rendered":"<ul>\n<li dir=\"ltr\">\n<p dir=\"ltr\">Los estudiantes estuvieron durante cuatro meses en Canad\u00e1<\/p>\n<\/li>\n<li dir=\"ltr\">\n<p dir=\"ltr\">Fueron apoyados por el programa de movilidad \u201cB\u00e9calos-Santander\u201d<\/p>\n<\/li>\n<\/ul>\n<p><b>\u00a0<\/b><\/p>\n<p dir=\"ltr\">Recibe el rector de la Universidad Tecnol\u00f3gica de Aguascalientes (UTA), Miguel Antonio Ch\u00e1vez Mart\u00ednez, a los alumnos beneficiarios del programa de movilidad estudiantil: \u201cB\u00e9calos &#8211; Santander\u201d.<\/p>\n<p><b>\u00a0<\/b><\/p>\n<p dir=\"ltr\">Gracias a este apoyo, los estudiantes, cursaron materias complementarias a su formaci\u00f3n profesional en Universidades de Canad\u00e1, donde adem\u00e1s, reforzaron el manejo del idioma ingl\u00e9s, en un nivel C1, el cual les otorga competencias en la expresi\u00f3n de ideas con fluidez y espontaneidad, en la redacci\u00f3n de textos claros, detallados y bien estructurados sobre temas complejos, as\u00ed como en el uso del idioma con flexibilidad y eficacia con fines sociales, acad\u00e9micos y profesionales.<\/p>\n<p><b>\u00a0<\/b><\/p>\n<p dir=\"ltr\">Cabe se\u00f1alar que la beca cubri\u00f3 la colegiatura de cuatro meses, hospedaje, transporte, manutenci\u00f3n y seguro de gastos m\u00e9dicos.<\/p>\n<p><b>\u00a0<\/b><\/p>\n<p dir=\"ltr\">Ch\u00e1vez Mart\u00ednez destac\u00f3 en su mensaje de bienvenida que las experiencias que la\u00a0<a href=\"https:\/\/movilidad.universiablogs.net\/movilidad-una-experiencia-para-la-vida\" target=\"_blank\" rel=\"noopener noreferrer\" data-saferedirecturl=\"https:\/\/www.google.com\/url?q=https:\/\/movilidad.universiablogs.net\/movilidad-una-experiencia-para-la-vida&amp;source=gmail&amp;ust=1576859447934000&amp;usg=AFQjCNEHLFFXhQRw7l_9V42zZTKBlKLSYg\">movilidad estudiantil<\/a>\u00a0ofrece son ilimitadas, ya que a trav\u00e9s de ella, se expande la manera de pensar y se adquieren nuevos conocimientos.<\/p>\n<p><b>\u00a0<\/b><\/p>\n<p dir=\"ltr\">\u201cEs por ello, que la UTA, trabaja de manera permanente para vincular a sus estudiantes con otros lugares del mundo y tambi\u00e9n del propio pa\u00eds, con el objetivo de formar ciudadanos del mundo\u201d, coment\u00f3.<\/p>\n<p><b>\u00a0<\/b><\/p>\n<p dir=\"ltr\">Finalmente, el rector felicit\u00f3 a los nueve estudiantes, pertenecientes a las carreras de Tecnolog\u00edas de la Informaci\u00f3n, Mecatr\u00f3nica, Contadur\u00eda, Mercadotecnia y Procesos de Producci\u00f3n: Alberto Campos Hern\u00e1ndez, Juan Daniel Gonz\u00e1lez \u00c1vila, Emiliano Gonz\u00e1lez Roque, Jorge Emilio Mart\u00ednez Esqueda, Rosalinda Isabel M\u00e9ndez \u00c1vila, Paula Pe\u00f1a Soledad, Jos\u00e9 Eduardo P\u00e9rez Mares, Juan Daniel Ram\u00edrez Torres y Luz Isabel Ramos Mares.<\/p>\n<p>&nbsp;<\/p>\n","protected":false},"excerpt":{"rendered":"<p>Los estudiantes estuvieron durante cuatro meses en Canad\u00e1 Fueron apoyados por el programa de movilidad \u201cB\u00e9calos-Santander\u201d \u00a0 Recibe el rector de la Universidad Tecnol\u00f3gica de Aguascalientes (UTA), Miguel Antonio Ch\u00e1vez Mart\u00ednez, a los alumnos beneficiarios del programa de movilidad estudiantil: \u201cB\u00e9calos &#8211; Santander\u201d. \u00a0 Gracias a este apoyo, los estudiantes, cursaron materias complementarias a su [&hellip;]<\/p>\n","protected":false},"author":1,"featured_media":997,"comment_status":"closed","ping_status":"open","sticky":false,"template":"","format":"standard","meta":{"_monsterinsights_skip_tracking":false,"advanced_seo_description":"","jetpack_seo_html_title":"","jetpack_seo_noindex":false,"jetpack_seo_schema_type":"","_jetpack_newsletter_access":"","_jetpack_dont_email_post_to_subs":false,"_jetpack_newsletter_tier_id":0,"_jetpack_memberships_contains_paywalled_content":false,"_jetpack_feature_clip_id":0,"_jetpack_memberships_contains_paid_content":false,"footnotes":"","jetpack_publicize_message":"","jetpack_publicize_feature_enabled":true,"jetpack_social_post_already_shared":false,"jetpack_social_options":{"image_generator_settings":{"template":"highway","default_image_id":0,"font":"","enabled":false},"version":2},"jetpack_post_was_ever_published":false},"categories":[21,4],"tags":[22,28],"class_list":["post-996","post","type-post","status-publish","format-standard","has-post-thumbnail","hentry","category-aguascalientes","category-gobierno-del-estado-aguascalientes","tag-aguascalientes","tag-uta"],"jetpack_publicize_connections":[],"jetpack_featured_media_url":"https:\/\/i0.wp.com\/informativoelvalledeaguascalientes.online\/wp-content\/uploads\/2019\/12\/uta_18122019.jpg?fit=873%2C582&ssl=1","jetpack-related-posts":[],"jetpack_sharing_enabled":true,"jetpack_likes_enabled":true,"_links":{"self":[{"href":"https:\/\/informativoelvalledeaguascalientes.online\/index.php?rest_route=\/wp\/v2\/posts\/996","targetHints":{"allow":["GET"]}}],"collection":[{"href":"https:\/\/informativoelvalledeaguascalientes.online\/index.php?rest_route=\/wp\/v2\/posts"}],"about":[{"href":"https:\/\/informativoelvalledeaguascalientes.online\/index.php?rest_route=\/wp\/v2\/types\/post"}],"author":[{"embeddable":true,"href":"https:\/\/informativoelvalledeaguascalientes.online\/index.php?rest_route=\/wp\/v2\/users\/1"}],"replies":[{"embeddable":true,"href":"https:\/\/informativoelvalledeaguascalientes.online\/index.php?rest_route=%2Fwp%2Fv2%2Fcomments&post=996"}],"version-history":[{"count":1,"href":"https:\/\/informativoelvalledeaguascalientes.online\/index.php?rest_route=\/wp\/v2\/posts\/996\/revisions"}],"predecessor-version":[{"id":998,"href":"https:\/\/informativoelvalledeaguascalientes.online\/index.php?rest_route=\/wp\/v2\/posts\/996\/revisions\/998"}],"wp:featuredmedia":[{"embeddable":true,"href":"https:\/\/informativoelvalledeaguascalientes.online\/index.php?rest_route=\/wp\/v2\/media\/997"}],"wp:attachment":[{"href":"https:\/\/informativoelvalledeaguascalientes.online\/index.php?rest_route=%2Fwp%2Fv2%2Fmedia&parent=996"}],"wp:term":[{"taxonomy":"category","embeddable":true,"href":"https:\/\/informativoelvalledeaguascalientes.online\/index.php?rest_route=%2Fwp%2Fv2%2Fcategories&post=996"},{"taxonomy":"post_tag","embeddable":true,"href":"https:\/\/informativoelvalledeaguascalientes.online\/index.php?rest_route=%2Fwp%2Fv2%2Ftags&post=996"}],"curies":[{"name":"wp","href":"https:\/\/api.w.org\/{rel}","templated":true}]}}