{"id":9925,"date":"2020-08-07T15:28:54","date_gmt":"2020-08-07T21:28:54","guid":{"rendered":"https:\/\/informativoelvalledeaguascalientes.online\/?p=9925"},"modified":"2020-08-07T15:28:54","modified_gmt":"2020-08-07T21:28:54","slug":"me-siento-listo-para-subir-al-podio-juan-el-arabe-cantu","status":"publish","type":"post","link":"https:\/\/informativoelvalledeaguascalientes.online\/?p=9925","title":{"rendered":"\u00abME SIENTO LISTO PARA SUBIR AL PODIO\u00bb: JUAN \u00abEL ARABE\u00bb CANTU"},"content":{"rendered":"<p>\u00abEstoy muy contento con el reinicio de la S\u00faper Copa y de los Tractocamiones Freightliner, va a ser mi segunda carrera en esa pista, y el equipo ya est\u00e1 listo para partir rumbo a San Luis, si bien en M\u00e9rida no pude terminar, en esta ocasi\u00f3n ser\u00e1 diferente\u00bb, dijo el piloto ARZYZ Metals.<\/p>\n<p>Fue claro al expresar que estuvo practicando mucho en lo virtual y realizando un acondicionamiento f\u00edsico especial, para que un novato que corre con los mejores pilotos de M\u00e9xico, pueda subir al podio este a\u00f1o.<\/p>\n<p>Cantu coment\u00f3 que ya platicaron en su gente todo los relacionado a las medidas que hay que tomar en lo referente a las normas de salud impuestas por las autoridades sanitarias y que en ese aspecto est\u00e1n totalmente preparados.<\/p>\n<p>\u00abSi todos cumplimos con las normas de salud, los Estados van a ir abriendo sus puertas a todos los seriales y eso beneficiar\u00e1 a muchas familias que viven del deporte motor\u00bb.<\/p>\n<p>Aclar\u00f3 que en M\u00e9rida el p\u00fablico disfrut\u00f3 del gran espect\u00e1culo que brindan los Freightliner y que en San Luis Potos\u00ed aunque la competencia ser\u00e1 a puertas cerradas, la pista se presta para que los tractocamiones corran muy pegados y que eso los aficionados podr\u00e1n verlo en los diferentes medios de comunicaci\u00f3n.<\/p>\n<p>El regiomontano coment\u00f3 tambi\u00e9n que para \u00e9l era importante que en una \u00e9poca dif\u00edcil en lo que respecta a patrocinios, ARZYZ Metals le haya confirmado el apoyo en las 6 carreras que se correr\u00e1n el resto de la temporada.<\/p>\n<p>\u00abEst\u00e1n construyendo un planta en Monterrey que ser\u00e1 la m\u00e1s grande de Latinoam\u00e9rica y nos encontramos en conversaciones para ver que el a\u00f1o que viene patrocinen tambi\u00e9n un Mercedes-Benz. Est\u00e1n estudiando la posibilidad de hablar con Jourdain y estudiar la posibilidad de fabricar algunas piezas de esos autos en M\u00e9xico\u00bb, expres\u00f3.<\/p>\n<p>Por \u00faltimo se le pregunt\u00f3 de la carrera regiomontana y dijo que cuando las autoridades de ese Estado vean que en San Luis Potos\u00ed, Quer\u00e9taro y Guanajuato, S\u00faper Copa cumple con todos los lineamientos sanitarios, considera que no existir\u00e1 ning\u00fan problema para que se dispute la carrera.<\/p>\n<p>&nbsp;<\/p>\n","protected":false},"excerpt":{"rendered":"<p>\u00abEstoy muy contento con el reinicio de la S\u00faper Copa y de los Tractocamiones Freightliner, va a ser mi segunda carrera en esa pista, y el equipo ya est\u00e1 listo para partir rumbo a San Luis, si bien en M\u00e9rida no pude terminar, en esta ocasi\u00f3n ser\u00e1 diferente\u00bb, dijo el piloto ARZYZ Metals. Fue claro [&hellip;]<\/p>\n","protected":false},"author":1,"featured_media":9926,"comment_status":"closed","ping_status":"open","sticky":false,"template":"","format":"standard","meta":{"advanced_seo_description":"","jetpack_seo_html_title":"","jetpack_seo_noindex":false,"_jetpack_memberships_contains_paid_content":false,"footnotes":"","jetpack_publicize_message":"","jetpack_publicize_feature_enabled":true,"jetpack_social_post_already_shared":true,"jetpack_social_options":{"image_generator_settings":{"template":"highway","default_image_id":0,"font":"","enabled":false},"version":2}},"categories":[19],"tags":[232,125],"class_list":["post-9925","post","type-post","status-publish","format-standard","has-post-thumbnail","hentry","category-informacion-general","tag-informacion-general","tag-super-copa"],"jetpack_publicize_connections":[],"jetpack_featured_media_url":"https:\/\/i0.wp.com\/informativoelvalledeaguascalientes.online\/wp-content\/uploads\/2020\/08\/super_copa_07082020.jpg?fit=939%2C625&ssl=1","jetpack-related-posts":[],"jetpack_sharing_enabled":true,"jetpack_likes_enabled":true,"_links":{"self":[{"href":"https:\/\/informativoelvalledeaguascalientes.online\/index.php?rest_route=\/wp\/v2\/posts\/9925","targetHints":{"allow":["GET"]}}],"collection":[{"href":"https:\/\/informativoelvalledeaguascalientes.online\/index.php?rest_route=\/wp\/v2\/posts"}],"about":[{"href":"https:\/\/informativoelvalledeaguascalientes.online\/index.php?rest_route=\/wp\/v2\/types\/post"}],"author":[{"embeddable":true,"href":"https:\/\/informativoelvalledeaguascalientes.online\/index.php?rest_route=\/wp\/v2\/users\/1"}],"replies":[{"embeddable":true,"href":"https:\/\/informativoelvalledeaguascalientes.online\/index.php?rest_route=%2Fwp%2Fv2%2Fcomments&post=9925"}],"version-history":[{"count":1,"href":"https:\/\/informativoelvalledeaguascalientes.online\/index.php?rest_route=\/wp\/v2\/posts\/9925\/revisions"}],"predecessor-version":[{"id":9927,"href":"https:\/\/informativoelvalledeaguascalientes.online\/index.php?rest_route=\/wp\/v2\/posts\/9925\/revisions\/9927"}],"wp:featuredmedia":[{"embeddable":true,"href":"https:\/\/informativoelvalledeaguascalientes.online\/index.php?rest_route=\/wp\/v2\/media\/9926"}],"wp:attachment":[{"href":"https:\/\/informativoelvalledeaguascalientes.online\/index.php?rest_route=%2Fwp%2Fv2%2Fmedia&parent=9925"}],"wp:term":[{"taxonomy":"category","embeddable":true,"href":"https:\/\/informativoelvalledeaguascalientes.online\/index.php?rest_route=%2Fwp%2Fv2%2Fcategories&post=9925"},{"taxonomy":"post_tag","embeddable":true,"href":"https:\/\/informativoelvalledeaguascalientes.online\/index.php?rest_route=%2Fwp%2Fv2%2Ftags&post=9925"}],"curies":[{"name":"wp","href":"https:\/\/api.w.org\/{rel}","templated":true}]}}