{"id":9862,"date":"2020-08-05T15:37:12","date_gmt":"2020-08-05T21:37:12","guid":{"rendered":"https:\/\/informativoelvalledeaguascalientes.online\/?p=9862"},"modified":"2020-08-05T15:37:12","modified_gmt":"2020-08-05T21:37:12","slug":"desabasto-de-medicinas-e-insumos-medicos-fue-motivo-de-debate-en-la-diputacion-permanente-hce-ags","status":"publish","type":"post","link":"https:\/\/informativoelvalledeaguascalientes.online\/?p=9862","title":{"rendered":"DESABASTO DE MEDICINAS E INSUMOS M\u00c9DICOS, FUE MOTIVO DE DEBATE EN LA DIPUTACI\u00d3N PERMANENTE HCE AGS."},"content":{"rendered":"<ul>\n<li><em>Su presidente, legislador Heder Guzm\u00e1n, en un posicionamiento sostuvo que esta situaci\u00f3n no seguir\u00e1 ocurriendo, como suced\u00eda en sexenios anteriores, debido a la reforma a la Ley de Adquisiciones, Arrendamiento y Servicios del Sector P\u00fablico, que aprob\u00f3 el Congreso de la Uni\u00f3n.<\/em><\/li>\n<li><em>En contraparte, las diputadas Elsa Land\u00edn y Gladys Ram\u00edrez, visualizaron un riesgo con la modificaci\u00f3n al marco legal, lo que permitir\u00eda que la compra directa de medicamentos en el extranjero derive en actos de corrupci\u00f3n, pues \u201cunos cuantos har\u00edan un gran negocio\u201d.<\/em><\/li>\n<li><em>Por su parte, el legislador Cuauht\u00e9moc Cardona hizo un llamado a la unidad y coordinaci\u00f3n entre los tres \u00f3rdenes de gobierno, en vez de exigir remociones de funcionarios p\u00fablicos del sector salud.<\/em><\/li>\n<\/ul>\n<p><em>\u00a0<\/em><\/p>\n<p>Durante la sesi\u00f3n de la Diputaci\u00f3n Permanente de este mi\u00e9rcoles, su presidente, legislador Heder Guzm\u00e1n Espejel, al hacer uso de la voz en el apartado de asuntos generales, expres\u00f3 un posicionamiento a trav\u00e9s del cual\u00a0asegur\u00f3 que con la reforma que aprob\u00f3 el Congreso de la Uni\u00f3n al art\u00edculo primero de la Ley de Adquisiciones, Arrendamiento y Servicios del Sector P\u00fablico, se acabar\u00e1 la corrupci\u00f3n que existi\u00f3 en administraciones pasadas en torno a la compra, abasto de medicinas e insumos m\u00e9dicos.<\/p>\n<p>El diputado de MORENA afirm\u00f3 que esta modificaci\u00f3n al marco legal permitir\u00e1 comprarlos de manera directa en el extranjero y sin intermediarios, los cuales estar\u00e1n supervisados por la Organizaci\u00f3n Mundial de la Salud, por lo que ahora dijo, \u201cs\u00ed terminaremos con la corrupci\u00f3n, el acaparamiento y privilegios que ten\u00edan las farmac\u00e9uticas que las vend\u00edan al precio que quer\u00edan y cuando quer\u00edan\u201d.<\/p>\n<p>Asimismo, record\u00f3 que 10 empresas del giro farmac\u00e9utico fueron privilegiadas en el sexenio pasado al concentrar el 79 por ciento del gasto p\u00fablico y en donde adem\u00e1s se les condonaron m\u00e1s de 7 mil millones de pesos por concepto de impuestos a 6 de \u00e9stas, al dejar en claro que con esta reforma se acab\u00f3 el negocio. Por lo que ahora \u201clos mexicanos contar\u00e1n con medicinas para los ni\u00f1os con c\u00e1ncer, para gente que padecer VIH, enfermedades cr\u00f3nicas y dem\u00e1s padecimientos\u201d.<\/p>\n<p>En su oportunidad,\u00a0la legisladora del PRI, Elsa Amabel Land\u00edn Olivares\u00a0se\u00f1al\u00f3 su preocupaci\u00f3n por la reforma aprobada, ya que derivada de ella, la compra de medicamentos ser\u00e1 negocio de unos cuantos, ya que adquirirlos en el\u00a0\u00a0extranjero de manera directa conlleva riesgos muy altos al pa\u00eds, en particular a la salud y al bolsillo de los mexicanos. Adem\u00e1s lament\u00f3 que diputados de su partido hayan aprobado esta reforma y confi\u00f3 que no haya habido \u201cmoches\u201d.<\/p>\n<p>La congresista expres\u00f3 que con esta reforma se pas\u00f3 de un proceso de licitaci\u00f3n p\u00fablica y transparente, a la compra de asignaci\u00f3n directa a empresas extranjeras, que no podr\u00e1n ser auditadas por la Secretar\u00eda de Hacienda, Cofepris ni por el sector salud. Incluso, se\u00f1al\u00f3, que M\u00e9xico es uno de los pocos pa\u00edses que cuenta con una industria farmac\u00e9utica que tiene la capacidad de cubrir la mayor parte de la demanda de la ciudadan\u00eda.<\/p>\n<p>A su vez, el legislador de Morena, Cuauht\u00e9moc Cardona Campos\u00a0pidi\u00f3 a sus hom\u00f3logos a pronunciarse a favor de la unidad, solidaridad y trabajo para enfrentar de mejor manera la pandemia del coronavirus, en vez de pedir remociones y cuestionar el quehacer de los funcionarios de los tres \u00f3rdenes de gobierno.<\/p>\n<p>De igual manera, la\u00a0diputada del PAN, Gladys Ram\u00edrez Aguilar\u00a0confi\u00f3 que la citada modificaci\u00f3n al marco legal, sea en beneficio de los mexicanos y que se tengan los medicamentos para satisfacer la demanda social, ya que la realidad indica la que el desbasto de medicamentos existe y gran parte de los pacientes y sus familiares no cuentan con la solvencia econ\u00f3mica para comprar sus tratamientos, situaci\u00f3n que se agrav\u00f3 por la pandemia.<\/p>\n<p>Para cerrar el tema de debate, el\u00a0congresista de Morena, Heder Pedro Guzm\u00e1n Espejel,\u00a0recalc\u00f3 que \u201cahora s\u00ed los medicamentos ser\u00e1n de calidad y no de agua destilada como se entregaban en los estados de Veracruz, Guanajuato y Chihuahua durante la administraci\u00f3n federal encabezada por Enrique Pe\u00f1a Nieto\u201d.<\/p>\n<p>Y refiri\u00f3 que anteriormente, las farmac\u00e9uticas estaban a cargo de Manlio Fabio Beltrones y Humberto Moreira, ambos, emanados del Partido Revolucionario Institucional; hoy dijo, \u201cse tendr\u00e1 un ahorro de hasta un 60 por ciento\u201d.<\/p>\n<p>En seguida, el presidente de la Diputaci\u00f3n Permanente, legislador Heder Guzm\u00e1n, dio por concluida la sesi\u00f3n ordinaria, al tiempo que convoc\u00f3 a sus compa\u00f1eros de la mesa directiva a la siguiente reuni\u00f3n, la cual, su hora y fecha estar\u00e1 sujeta a previa notificaci\u00f3n.<\/p>\n","protected":false},"excerpt":{"rendered":"<p>Su presidente, legislador Heder Guzm\u00e1n, en un posicionamiento sostuvo que esta situaci\u00f3n no seguir\u00e1 ocurriendo, como suced\u00eda en sexenios anteriores, debido a la reforma a la Ley de Adquisiciones, Arrendamiento y Servicios del Sector P\u00fablico, que aprob\u00f3 el Congreso de la Uni\u00f3n. En contraparte, las diputadas Elsa Land\u00edn y Gladys Ram\u00edrez, visualizaron un riesgo con [&hellip;]<\/p>\n","protected":false},"author":1,"featured_media":9863,"comment_status":"closed","ping_status":"open","sticky":false,"template":"","format":"standard","meta":{"advanced_seo_description":"","jetpack_seo_html_title":"","jetpack_seo_noindex":false,"_jetpack_memberships_contains_paid_content":false,"footnotes":"","jetpack_publicize_message":"","jetpack_publicize_feature_enabled":true,"jetpack_social_post_already_shared":true,"jetpack_social_options":{"image_generator_settings":{"template":"highway","default_image_id":0,"font":"","enabled":false},"version":2}},"categories":[21,5],"tags":[22,44],"class_list":["post-9862","post","type-post","status-publish","format-standard","has-post-thumbnail","hentry","category-aguascalientes","category-h-congreso-del-estado-aguascalientes","tag-aguascalientes","tag-lxiv-legislatura-aguascalientes"],"jetpack_publicize_connections":[],"jetpack_featured_media_url":"https:\/\/i0.wp.com\/informativoelvalledeaguascalientes.online\/wp-content\/uploads\/2020\/08\/hce_perm_05082020.jpg?fit=1284%2C576&ssl=1","jetpack-related-posts":[],"jetpack_sharing_enabled":true,"jetpack_likes_enabled":true,"_links":{"self":[{"href":"https:\/\/informativoelvalledeaguascalientes.online\/index.php?rest_route=\/wp\/v2\/posts\/9862","targetHints":{"allow":["GET"]}}],"collection":[{"href":"https:\/\/informativoelvalledeaguascalientes.online\/index.php?rest_route=\/wp\/v2\/posts"}],"about":[{"href":"https:\/\/informativoelvalledeaguascalientes.online\/index.php?rest_route=\/wp\/v2\/types\/post"}],"author":[{"embeddable":true,"href":"https:\/\/informativoelvalledeaguascalientes.online\/index.php?rest_route=\/wp\/v2\/users\/1"}],"replies":[{"embeddable":true,"href":"https:\/\/informativoelvalledeaguascalientes.online\/index.php?rest_route=%2Fwp%2Fv2%2Fcomments&post=9862"}],"version-history":[{"count":1,"href":"https:\/\/informativoelvalledeaguascalientes.online\/index.php?rest_route=\/wp\/v2\/posts\/9862\/revisions"}],"predecessor-version":[{"id":9864,"href":"https:\/\/informativoelvalledeaguascalientes.online\/index.php?rest_route=\/wp\/v2\/posts\/9862\/revisions\/9864"}],"wp:featuredmedia":[{"embeddable":true,"href":"https:\/\/informativoelvalledeaguascalientes.online\/index.php?rest_route=\/wp\/v2\/media\/9863"}],"wp:attachment":[{"href":"https:\/\/informativoelvalledeaguascalientes.online\/index.php?rest_route=%2Fwp%2Fv2%2Fmedia&parent=9862"}],"wp:term":[{"taxonomy":"category","embeddable":true,"href":"https:\/\/informativoelvalledeaguascalientes.online\/index.php?rest_route=%2Fwp%2Fv2%2Fcategories&post=9862"},{"taxonomy":"post_tag","embeddable":true,"href":"https:\/\/informativoelvalledeaguascalientes.online\/index.php?rest_route=%2Fwp%2Fv2%2Ftags&post=9862"}],"curies":[{"name":"wp","href":"https:\/\/api.w.org\/{rel}","templated":true}]}}