{"id":9806,"date":"2020-08-04T18:07:36","date_gmt":"2020-08-05T00:07:36","guid":{"rendered":"https:\/\/informativoelvalledeaguascalientes.online\/?p=9806"},"modified":"2020-08-04T18:07:36","modified_gmt":"2020-08-05T00:07:36","slug":"municipio-de-ags-y-sociedad-civil-emprenden-acciones-de-conservacion-en-el-bosque-de-los-cobos","status":"publish","type":"post","link":"https:\/\/informativoelvalledeaguascalientes.online\/?p=9806","title":{"rendered":"MUNICIPIO DE AGS. Y SOCIEDAD CIVIL EMPRENDEN ACCIONES DE CONSERVACI\u00d3N EN EL BOSQUE DE LOS COBOS"},"content":{"rendered":"<div class=\"opinion-section\">\n<div class=\"container\">\n<div class=\"section-content row justify-content-center\">\n<div class=\"col-12 col-lg-8 opinion-order-1\">\n<article class=\"opinion-post opinion-single post-19040 post type-post status-publish format-standard has-post-thumbnail hentry category-medio-ambiente tag-cobos tag-medio-ambiente tag-semadesu\">\n<div class=\"entry-content\">\n<ul>\n<li><strong>Se realizaron tareas de limpieza y reforestaci\u00f3n en esta importante \u00e1rea natural, logrando retirar m\u00e1s de 40 toneladas de escombro y residuos<\/strong><\/li>\n<\/ul>\n<p>&nbsp;<\/p>\n<p>Con el fin de conservar el \u00e1rea natural de Bosque de Los Cobos, se llev\u00f3 a cabo una jornada masiva de limpieza y reforestaci\u00f3n en este que es uno de los patrimonios naturales m\u00e1s importantes con los que cuenta la capital.<\/p>\n<p>Gracias al trabajo conjunto del Municipio de Aguascalientes a trav\u00e9s de la Secretar\u00eda de Medio Ambiente y Desarrollo Sustentable (SEMADESU), la Comisi\u00f3n de Ecolog\u00eda, Parques y Jardines del H. Ayuntamiento que preside la Regidora\u00a0<strong>Mirna Rubiela Medina<\/strong>, asociaciones civiles como Guardabosques de Cobos, Movimiento Ambiental y la Universidad Interamericana para el Desarrollo (UNID), fue posible coordinar acciones para hacer distintas tareas en el sitio.<\/p>\n<p>La titular de SEMADESU\u00a0<strong>Sarah\u00ed Mac\u00edas Alicea<\/strong>, dio a conocer que se realiz\u00f3 el levantamiento de desechos y de escombro logrando retirar m\u00e1s de 40 toneladas, reforestaci\u00f3n, adem\u00e1s de que se coloc\u00f3 una lona para advertir a la poblaci\u00f3n de que est\u00e1 prohibido tirar escombro, lo que incluso puede ocasionar multas a quien sea sorprendido.<\/p>\n<p>Inform\u00f3 que se plantaron decenas de mezquites en esta zona, especie nativa ideal para su desarrollo en este tipo de suelo.<\/p>\n<p>Agradeci\u00f3 el inter\u00e9s de la alcaldesa\u00a0<strong>Tere Jim\u00e9nez<\/strong>\u00a0por hacer equipo con las organizaciones civiles para que en su administraci\u00f3n se declararan las dos primeras \u00e1reas naturales protegidas de competencia municipal: La Pona y el terreno propiedad municipal que se encuentra en Bosque de Los Cobos.<\/p>\n<p>Se\u00f1al\u00f3 que estas declaratorias han permitido hacer proyectos de conservaci\u00f3n y mantenimiento en cada una de estas zonas, a los que se les dar\u00e1 seguimiento con el fin de preservar estos pulmones naturales para las siguientes generaciones.<\/p>\n<p>De igual manera destac\u00f3 el compromiso que han tenido asociaciones civiles como Guardabosques de Cobos y Movimiento Ambiental, para de manera voluntaria cuidar esta importante reserva natural.<\/p>\n<\/div>\n<\/article>\n<\/div>\n<\/div>\n<\/div>\n<\/div>\n","protected":false},"excerpt":{"rendered":"<p>Se realizaron tareas de limpieza y reforestaci\u00f3n en esta importante \u00e1rea natural, logrando retirar m\u00e1s de 40 toneladas de escombro y residuos &nbsp; Con el fin de conservar el \u00e1rea natural de Bosque de Los Cobos, se llev\u00f3 a cabo una jornada masiva de limpieza y reforestaci\u00f3n en este que es uno de los patrimonios [&hellip;]<\/p>\n","protected":false},"author":1,"featured_media":9807,"comment_status":"closed","ping_status":"open","sticky":false,"template":"","format":"standard","meta":{"_monsterinsights_skip_tracking":false,"advanced_seo_description":"","jetpack_seo_html_title":"","jetpack_seo_noindex":false,"jetpack_seo_schema_type":"","_jetpack_newsletter_access":"","_jetpack_dont_email_post_to_subs":false,"_jetpack_newsletter_tier_id":0,"_jetpack_memberships_contains_paywalled_content":false,"_jetpack_feature_clip_id":0,"_jetpack_memberships_contains_paid_content":false,"footnotes":"","jetpack_publicize_message":"","jetpack_publicize_feature_enabled":true,"jetpack_social_post_already_shared":true,"jetpack_social_options":{"image_generator_settings":{"template":"highway","default_image_id":0,"font":"","enabled":false},"version":2},"jetpack_post_was_ever_published":false},"categories":[21,3],"tags":[22,151],"class_list":["post-9806","post","type-post","status-publish","format-standard","has-post-thumbnail","hentry","category-aguascalientes","category-municipio-aguascalientes","tag-aguascalientes","tag-mpio-aguascalientes-semadesu"],"jetpack_publicize_connections":[],"jetpack_featured_media_url":"https:\/\/i0.wp.com\/informativoelvalledeaguascalientes.online\/wp-content\/uploads\/2020\/08\/mpio_ags_reforest_04082020.jpg?fit=1024%2C683&ssl=1","jetpack-related-posts":[],"jetpack_sharing_enabled":true,"jetpack_likes_enabled":true,"_links":{"self":[{"href":"https:\/\/informativoelvalledeaguascalientes.online\/index.php?rest_route=\/wp\/v2\/posts\/9806","targetHints":{"allow":["GET"]}}],"collection":[{"href":"https:\/\/informativoelvalledeaguascalientes.online\/index.php?rest_route=\/wp\/v2\/posts"}],"about":[{"href":"https:\/\/informativoelvalledeaguascalientes.online\/index.php?rest_route=\/wp\/v2\/types\/post"}],"author":[{"embeddable":true,"href":"https:\/\/informativoelvalledeaguascalientes.online\/index.php?rest_route=\/wp\/v2\/users\/1"}],"replies":[{"embeddable":true,"href":"https:\/\/informativoelvalledeaguascalientes.online\/index.php?rest_route=%2Fwp%2Fv2%2Fcomments&post=9806"}],"version-history":[{"count":1,"href":"https:\/\/informativoelvalledeaguascalientes.online\/index.php?rest_route=\/wp\/v2\/posts\/9806\/revisions"}],"predecessor-version":[{"id":9808,"href":"https:\/\/informativoelvalledeaguascalientes.online\/index.php?rest_route=\/wp\/v2\/posts\/9806\/revisions\/9808"}],"wp:featuredmedia":[{"embeddable":true,"href":"https:\/\/informativoelvalledeaguascalientes.online\/index.php?rest_route=\/wp\/v2\/media\/9807"}],"wp:attachment":[{"href":"https:\/\/informativoelvalledeaguascalientes.online\/index.php?rest_route=%2Fwp%2Fv2%2Fmedia&parent=9806"}],"wp:term":[{"taxonomy":"category","embeddable":true,"href":"https:\/\/informativoelvalledeaguascalientes.online\/index.php?rest_route=%2Fwp%2Fv2%2Fcategories&post=9806"},{"taxonomy":"post_tag","embeddable":true,"href":"https:\/\/informativoelvalledeaguascalientes.online\/index.php?rest_route=%2Fwp%2Fv2%2Ftags&post=9806"}],"curies":[{"name":"wp","href":"https:\/\/api.w.org\/{rel}","templated":true}]}}