{"id":9758,"date":"2020-08-03T17:56:52","date_gmt":"2020-08-03T23:56:52","guid":{"rendered":"https:\/\/informativoelvalledeaguascalientes.online\/?p=9758"},"modified":"2020-08-03T17:56:52","modified_gmt":"2020-08-03T23:56:52","slug":"programas-educativos-de-la-uta-responden-a-las-necesidades-del-mundo-actual","status":"publish","type":"post","link":"https:\/\/informativoelvalledeaguascalientes.online\/?p=9758","title":{"rendered":"PROGRAMAS EDUCATIVOS DE LA UTA RESPONDEN A LAS NECESIDADES DEL MUNDO ACTUAL\u00a0\u00a0"},"content":{"rendered":"<ul style=\"font-weight: 400;\">\n<li><strong><em>La UTA forma a los alumnos con un perfil global para estar a la vanguardia de conocimientos en sus campos profesionales\u00a0<\/em><\/strong><\/li>\n<li><strong><em>Los programas educativos son evaluados constantemente por autoridades en materia educativa, econ\u00f3mica y empresarios, para responder de manera pertinente al ambiente productivo actual\u00a0<\/em><\/strong>\n<p>La Universidad Tecnol\u00f3gica de Aguascalientes actualiza constantemente sus programas educativos de acuerdo a la pertinencia local, nacional e internacional y a las necesidades del sector productivo con el objetivo de ofrecer una educaci\u00f3n superior integral de calidad y pertinente al alumnado, as\u00ed lo inform\u00f3 Guillermo Hern\u00e1ndez Duque Delgadillo, titular de la instituci\u00f3n.<\/p>\n<p>Por ello, el pasado 31 de julio se llev\u00f3 a cabo la primer Reuni\u00f3n de Consejo de Vinculaci\u00f3n y Pertinencia (CVyP) del a\u00f1o, en la cual autoridades universitarias, representantes del Instituto de Educaci\u00f3n de Aguascalientes (IEA), de la Secretar\u00eda de Desarrollo Econ\u00f3mico del Estado (SEDEC) y del Instituto de Servicios de Salud (ISSEA) como consejeros gubernamentales y representantes del sector empresarial local, nacional e internacional, como consejeros del sector productivo, incluyendo empresarios alemanes, evaluaron los programas educativos que ofrece la instituci\u00f3n, con la finalidad de que est\u00e9n vinculados con el sector p\u00fablico, social y privado y respondan a las necesidades profesionales del entorno.<\/p>\n<p>Dicho Consejo de Vinculaci\u00f3n y Pertinencia es un cuerpo colegiado de consulta, planeaci\u00f3n, apoyo y orientaci\u00f3n que coadyuva al desarrollo de la UTA y del medio socioecon\u00f3mico del estado y la regi\u00f3n.<\/p>\n<p>El rector se\u00f1al\u00f3 que, con el objetivo de que los alumnos tengan un perfil global y est\u00e9n a la vanguardia de la ense\u00f1anza en sus campos profesionales, la UTA involucra las capacidades del sector p\u00fablico, privado, social y acad\u00e9mico para analizar los programas educativos en su totalidad, desde la pertinencia de sus asignaturas, el trabajo de los docentes y los requerimientos en conocimiento y certificaciones que se pudieran requerirse.<\/p>\n<p>As\u00ed mismo, inform\u00f3 que durante la reuni\u00f3n se presentaron los logros en resultados de vinculaci\u00f3n con el sector productivo que tuvieron lugar en la primera mitad del a\u00f1o, como lo fueron los convenios de colaboraci\u00f3n entre la Universidad y el Consejo Coordinador Empresarial y con la asociaci\u00f3n Mujeres Empresarias de Aguascalientes (MEMAC), los cuales abrieron diferentes oportunidades y beneficios profesionales para los j\u00f3venes estudiantes.<\/p>\n<p>Finalmente, Hern\u00e1ndez Duque Delgadillo destac\u00f3 que la finalidad de fortalecer el v\u00ednculo colaborativo entre el sector p\u00fablico y privado, que es parte del continuo trabajo para cumplir la visi\u00f3n de la universidad de ser una instituci\u00f3n con liderazgo global que contribuya al desarrollo sustentable, es que los alumnos puedan aportar soluciones para el sector laboral, implementando acciones y proyectos que beneficien su desarrollo profesional, as\u00ed como el de la formaci\u00f3n acad\u00e9mica y los sectores productivos de la entidad y del pa\u00eds.<\/li>\n<\/ul>\n","protected":false},"excerpt":{"rendered":"<p>La UTA forma a los alumnos con un perfil global para estar a la vanguardia de conocimientos en sus campos profesionales\u00a0 Los programas educativos son evaluados constantemente por autoridades en materia educativa, econ\u00f3mica y empresarios, para responder de manera pertinente al ambiente productivo actual\u00a0 La Universidad Tecnol\u00f3gica de Aguascalientes actualiza constantemente sus programas educativos de [&hellip;]<\/p>\n","protected":false},"author":1,"featured_media":9759,"comment_status":"closed","ping_status":"open","sticky":false,"template":"","format":"standard","meta":{"_monsterinsights_skip_tracking":false,"advanced_seo_description":"","jetpack_seo_html_title":"","jetpack_seo_noindex":false,"jetpack_seo_schema_type":"","_jetpack_newsletter_access":"","_jetpack_dont_email_post_to_subs":false,"_jetpack_newsletter_tier_id":0,"_jetpack_memberships_contains_paywalled_content":false,"_jetpack_feature_clip_id":0,"_jetpack_memberships_contains_paid_content":false,"footnotes":"","jetpack_publicize_message":"","jetpack_publicize_feature_enabled":true,"jetpack_social_post_already_shared":true,"jetpack_social_options":{"image_generator_settings":{"template":"highway","default_image_id":0,"font":"","enabled":false},"version":2},"jetpack_post_was_ever_published":false},"categories":[21,4],"tags":[22,28],"class_list":["post-9758","post","type-post","status-publish","format-standard","has-post-thumbnail","hentry","category-aguascalientes","category-gobierno-del-estado-aguascalientes","tag-aguascalientes","tag-uta"],"jetpack_publicize_connections":[],"jetpack_featured_media_url":"https:\/\/i0.wp.com\/informativoelvalledeaguascalientes.online\/wp-content\/uploads\/2020\/08\/utaverde.jpg?fit=1024%2C683&ssl=1","jetpack-related-posts":[],"jetpack_sharing_enabled":true,"jetpack_likes_enabled":true,"_links":{"self":[{"href":"https:\/\/informativoelvalledeaguascalientes.online\/index.php?rest_route=\/wp\/v2\/posts\/9758","targetHints":{"allow":["GET"]}}],"collection":[{"href":"https:\/\/informativoelvalledeaguascalientes.online\/index.php?rest_route=\/wp\/v2\/posts"}],"about":[{"href":"https:\/\/informativoelvalledeaguascalientes.online\/index.php?rest_route=\/wp\/v2\/types\/post"}],"author":[{"embeddable":true,"href":"https:\/\/informativoelvalledeaguascalientes.online\/index.php?rest_route=\/wp\/v2\/users\/1"}],"replies":[{"embeddable":true,"href":"https:\/\/informativoelvalledeaguascalientes.online\/index.php?rest_route=%2Fwp%2Fv2%2Fcomments&post=9758"}],"version-history":[{"count":1,"href":"https:\/\/informativoelvalledeaguascalientes.online\/index.php?rest_route=\/wp\/v2\/posts\/9758\/revisions"}],"predecessor-version":[{"id":9760,"href":"https:\/\/informativoelvalledeaguascalientes.online\/index.php?rest_route=\/wp\/v2\/posts\/9758\/revisions\/9760"}],"wp:featuredmedia":[{"embeddable":true,"href":"https:\/\/informativoelvalledeaguascalientes.online\/index.php?rest_route=\/wp\/v2\/media\/9759"}],"wp:attachment":[{"href":"https:\/\/informativoelvalledeaguascalientes.online\/index.php?rest_route=%2Fwp%2Fv2%2Fmedia&parent=9758"}],"wp:term":[{"taxonomy":"category","embeddable":true,"href":"https:\/\/informativoelvalledeaguascalientes.online\/index.php?rest_route=%2Fwp%2Fv2%2Fcategories&post=9758"},{"taxonomy":"post_tag","embeddable":true,"href":"https:\/\/informativoelvalledeaguascalientes.online\/index.php?rest_route=%2Fwp%2Fv2%2Ftags&post=9758"}],"curies":[{"name":"wp","href":"https:\/\/api.w.org\/{rel}","templated":true}]}}