{"id":9754,"date":"2020-08-03T13:15:36","date_gmt":"2020-08-03T19:15:36","guid":{"rendered":"https:\/\/informativoelvalledeaguascalientes.online\/?p=9754"},"modified":"2020-08-03T13:15:36","modified_gmt":"2020-08-03T19:15:36","slug":"municipios-ayudaran-a-concientizar-sobre-el-uso-de-cubrebocas-issea","status":"publish","type":"post","link":"https:\/\/informativoelvalledeaguascalientes.online\/?p=9754","title":{"rendered":"MUNICIPIOS AYUDAR\u00c1N A CONCIENTIZAR SOBRE EL USO DE CUBREBOCAS: ISSEA\u00a0"},"content":{"rendered":"<ul>\n<li dir=\"ltr\">\n<p dir=\"ltr\">En autom\u00f3viles, el cubrebocas solo es necesario en caso de compartir el veh\u00edculo con m\u00e1s personas<\/p>\n<\/li>\n<li dir=\"ltr\">\n<p dir=\"ltr\">Se reportan 5 mil 384 casos confirmados, 4 mil 19 recuperados y 295 defunciones<\/p>\n<\/li>\n<li dir=\"ltr\">\n<p dir=\"ltr\">La disponibilidad de camas se mantiene arriba del 50 por ciento en ambos casos<\/p>\n<\/li>\n<\/ul>\n<p dir=\"ltr\">Como una acci\u00f3n para reforzar las estrategias de contenci\u00f3n del coronavirus en nuestra entidad, el uso del cubrebocas en todos los espacios p\u00fablicos y\/o lugares donde se conviva con m\u00e1s gente o sean de uso com\u00fan, como los veh\u00edculos compartidos, se ha hecho necesario, por lo cual tambi\u00e9n se trabaja en coordinaci\u00f3n con las autoridades municipales.<\/p>\n<p dir=\"ltr\">En este sentido, el Instituto de Servicios de la Salud del Estado de Aguascalientes (ISSEA), se\u00f1al\u00f3 en rueda de prensa que esta acci\u00f3n deber\u00e1 ir de la mano con el fortalecimiento del actuar ciudadano, en funci\u00f3n de que las medidas de higiene y prevenci\u00f3n que ya se han venido aplicado deben tomarse con mayor apego.<\/p>\n<p dir=\"ltr\">Adem\u00e1s, durante el informe, se apunt\u00f3 que en la entidad ha crecido la cantidad de pacientes que se han recuperado de COVID-19, los cuales representan m\u00e1s del 70 por ciento de los contagiados, siendo un total de 4 mil 19 aguascalentenses que han logrado sobrellevar con \u00e9xito la enfermedad.<\/p>\n<p dir=\"ltr\">As\u00ed mismo, se reportan un total de 5 mil 384 casos confirmados, de los cuales 295 han sido defunciones; se ha tomado muestra a 19 mil 154 pacientes y, atendiendo a la estrategia que nos posiciona como la cuarta entidad que m\u00e1s pruebas aplica por cada 100 mil habitantes, est\u00e1n en an\u00e1lisis los tests de 125 personas.<\/p>\n<p dir=\"ltr\">Se inform\u00f3 tambi\u00e9n que la tasa de letalidad se mantiene en 5.5, y 4.9 tomando solamente la informaci\u00f3n local; la disponibilidad de camas generales es del 72 por ciento; y 59 por ciento de disponibilidad de camas con ventiladores.<\/p>\n<p dir=\"ltr\">Se reportan 47 graves y 62 muy graves, as\u00ed como los decesos de cuatro hombres y una mujer, todos mayores de 60 a\u00f1os.<\/p>\n<p dir=\"ltr\">Se recuerda a la ciudadan\u00eda la importancia del uso de cubrebocas, el lavado de manos constante,\u00a0 el uso de gel antibacterial, evitar acudir a sitios donde se re\u00fana gran cantidad de personas, as\u00ed como el monitoreo de s\u00edntomas como fiebre, tos seca, dolor de cabeza, malestar general y diarrea, ante lo cual es necesario acudir a atenci\u00f3n m\u00e9dica.<\/p>\n","protected":false},"excerpt":{"rendered":"<p>En autom\u00f3viles, el cubrebocas solo es necesario en caso de compartir el veh\u00edculo con m\u00e1s personas Se reportan 5 mil 384 casos confirmados, 4 mil 19 recuperados y 295 defunciones La disponibilidad de camas se mantiene arriba del 50 por ciento en ambos casos Como una acci\u00f3n para reforzar las estrategias de contenci\u00f3n del coronavirus [&hellip;]<\/p>\n","protected":false},"author":1,"featured_media":9755,"comment_status":"closed","ping_status":"open","sticky":false,"template":"","format":"standard","meta":{"advanced_seo_description":"","jetpack_seo_html_title":"","jetpack_seo_noindex":false,"_jetpack_memberships_contains_paid_content":false,"footnotes":"","jetpack_publicize_message":"","jetpack_publicize_feature_enabled":true,"jetpack_social_post_already_shared":true,"jetpack_social_options":{"image_generator_settings":{"template":"highway","default_image_id":0,"font":"","enabled":false},"version":2}},"categories":[21,4],"tags":[22,30],"class_list":["post-9754","post","type-post","status-publish","format-standard","has-post-thumbnail","hentry","category-aguascalientes","category-gobierno-del-estado-aguascalientes","tag-aguascalientes","tag-issea"],"jetpack_publicize_connections":[],"jetpack_featured_media_url":"https:\/\/i0.wp.com\/informativoelvalledeaguascalientes.online\/wp-content\/uploads\/2020\/08\/issea_03082020.jpg?fit=720%2C1280&ssl=1","jetpack-related-posts":[],"jetpack_sharing_enabled":true,"jetpack_likes_enabled":true,"_links":{"self":[{"href":"https:\/\/informativoelvalledeaguascalientes.online\/index.php?rest_route=\/wp\/v2\/posts\/9754","targetHints":{"allow":["GET"]}}],"collection":[{"href":"https:\/\/informativoelvalledeaguascalientes.online\/index.php?rest_route=\/wp\/v2\/posts"}],"about":[{"href":"https:\/\/informativoelvalledeaguascalientes.online\/index.php?rest_route=\/wp\/v2\/types\/post"}],"author":[{"embeddable":true,"href":"https:\/\/informativoelvalledeaguascalientes.online\/index.php?rest_route=\/wp\/v2\/users\/1"}],"replies":[{"embeddable":true,"href":"https:\/\/informativoelvalledeaguascalientes.online\/index.php?rest_route=%2Fwp%2Fv2%2Fcomments&post=9754"}],"version-history":[{"count":1,"href":"https:\/\/informativoelvalledeaguascalientes.online\/index.php?rest_route=\/wp\/v2\/posts\/9754\/revisions"}],"predecessor-version":[{"id":9756,"href":"https:\/\/informativoelvalledeaguascalientes.online\/index.php?rest_route=\/wp\/v2\/posts\/9754\/revisions\/9756"}],"wp:featuredmedia":[{"embeddable":true,"href":"https:\/\/informativoelvalledeaguascalientes.online\/index.php?rest_route=\/wp\/v2\/media\/9755"}],"wp:attachment":[{"href":"https:\/\/informativoelvalledeaguascalientes.online\/index.php?rest_route=%2Fwp%2Fv2%2Fmedia&parent=9754"}],"wp:term":[{"taxonomy":"category","embeddable":true,"href":"https:\/\/informativoelvalledeaguascalientes.online\/index.php?rest_route=%2Fwp%2Fv2%2Fcategories&post=9754"},{"taxonomy":"post_tag","embeddable":true,"href":"https:\/\/informativoelvalledeaguascalientes.online\/index.php?rest_route=%2Fwp%2Fv2%2Ftags&post=9754"}],"curies":[{"name":"wp","href":"https:\/\/api.w.org\/{rel}","templated":true}]}}