{"id":9747,"date":"2020-08-03T12:46:25","date_gmt":"2020-08-03T18:46:25","guid":{"rendered":"https:\/\/informativoelvalledeaguascalientes.online\/?p=9747"},"modified":"2020-08-03T12:46:25","modified_gmt":"2020-08-03T18:46:25","slug":"invita-municipio-ags-a-conferencia-lactancia-materna-y-covid-19-disipando-dudas-miedos-y-mitos","status":"publish","type":"post","link":"https:\/\/informativoelvalledeaguascalientes.online\/?p=9747","title":{"rendered":"INVITA MUNICIPIO AGS. A CONFERENCIA LACTANCIA MATERNA Y COVID-19, DISIPANDO DUDAS, MIEDOS Y MITOS"},"content":{"rendered":"<div class=\"opinion-section opinion-single-cover opinion-indent opinion-overlay\">\n<div class=\"container\">\n<div class=\"section-head row justify-content-center text-center\">\n<div class=\"col-12 col-md-8\">\n<div class=\"section-meta\">Con motivo del mes de la lactancia materna 2020 y con el objetivo de promover entre la sociedad la importancia de alimentar a los peque\u00f1os de esta manera, el Instituto Municipal de la Mujer (IMMA), invita a la poblaci\u00f3n a ser parte de la conferencia \u201cLactancia Materna y COVID-19 , disipando dudas, miedos y mitos\u201d.<\/div>\n<\/div>\n<\/div>\n<\/div>\n<\/div>\n<div class=\"opinion-section\">\n<div class=\"container\">\n<div class=\"section-content row justify-content-center\">\n<div class=\"col-12 col-lg-8 opinion-order-1\">\n<article class=\"opinion-post opinion-single post-18761 post type-post status-publish format-standard has-post-thumbnail hentry category-imma tag-conferencia tag-lactancia-materna tag-zayra-angelica-rosales-tirado\">\n<div class=\"entry-content\">\n<p><strong>Zayra Angelica Rosales Tirado,<\/strong>\u00a0titular del IMMA inform\u00f3 que este encuentro ser\u00e1 virtual el d\u00eda mi\u00e9rcoles 5 de agosto en punto de las 18:00 horas, a trav\u00e9s de la plataforma zoom.<\/p>\n<p>Es necesario realizar un previo registro en el siguiente enlace:<\/p>\n<p>https:\/\/us02web.com.os\/meeting\/register\/tzA9qdmvr)gGNH_eopwk64xBtwux104b58<\/p>\n<p>Para mayores informes marcar al 9 16 36 10.<\/p>\n<\/div>\n<\/article>\n<\/div>\n<\/div>\n<\/div>\n<\/div>\n","protected":false},"excerpt":{"rendered":"<p>Con motivo del mes de la lactancia materna 2020 y con el objetivo de promover entre la sociedad la importancia de alimentar a los peque\u00f1os de esta manera, el Instituto Municipal de la Mujer (IMMA), invita a la poblaci\u00f3n a ser parte de la conferencia \u201cLactancia Materna y COVID-19 , disipando dudas, miedos y mitos\u201d. [&hellip;]<\/p>\n","protected":false},"author":1,"featured_media":9748,"comment_status":"closed","ping_status":"open","sticky":false,"template":"","format":"standard","meta":{"advanced_seo_description":"","jetpack_seo_html_title":"","jetpack_seo_noindex":false,"_jetpack_memberships_contains_paid_content":false,"footnotes":"","jetpack_publicize_message":"","jetpack_publicize_feature_enabled":true,"jetpack_social_post_already_shared":true,"jetpack_social_options":{"image_generator_settings":{"template":"highway","default_image_id":0,"font":"","enabled":false},"version":2}},"categories":[21,3],"tags":[22,132],"class_list":["post-9747","post","type-post","status-publish","format-standard","has-post-thumbnail","hentry","category-aguascalientes","category-municipio-aguascalientes","tag-aguascalientes","tag-mpio-aguascalientes-imma"],"jetpack_publicize_connections":[],"jetpack_featured_media_url":"https:\/\/i0.wp.com\/informativoelvalledeaguascalientes.online\/wp-content\/uploads\/2020\/08\/mpio_ags_imma_lactancia_03082020.jpeg?fit=1280%2C1141&ssl=1","jetpack-related-posts":[],"jetpack_sharing_enabled":true,"jetpack_likes_enabled":true,"_links":{"self":[{"href":"https:\/\/informativoelvalledeaguascalientes.online\/index.php?rest_route=\/wp\/v2\/posts\/9747","targetHints":{"allow":["GET"]}}],"collection":[{"href":"https:\/\/informativoelvalledeaguascalientes.online\/index.php?rest_route=\/wp\/v2\/posts"}],"about":[{"href":"https:\/\/informativoelvalledeaguascalientes.online\/index.php?rest_route=\/wp\/v2\/types\/post"}],"author":[{"embeddable":true,"href":"https:\/\/informativoelvalledeaguascalientes.online\/index.php?rest_route=\/wp\/v2\/users\/1"}],"replies":[{"embeddable":true,"href":"https:\/\/informativoelvalledeaguascalientes.online\/index.php?rest_route=%2Fwp%2Fv2%2Fcomments&post=9747"}],"version-history":[{"count":1,"href":"https:\/\/informativoelvalledeaguascalientes.online\/index.php?rest_route=\/wp\/v2\/posts\/9747\/revisions"}],"predecessor-version":[{"id":9749,"href":"https:\/\/informativoelvalledeaguascalientes.online\/index.php?rest_route=\/wp\/v2\/posts\/9747\/revisions\/9749"}],"wp:featuredmedia":[{"embeddable":true,"href":"https:\/\/informativoelvalledeaguascalientes.online\/index.php?rest_route=\/wp\/v2\/media\/9748"}],"wp:attachment":[{"href":"https:\/\/informativoelvalledeaguascalientes.online\/index.php?rest_route=%2Fwp%2Fv2%2Fmedia&parent=9747"}],"wp:term":[{"taxonomy":"category","embeddable":true,"href":"https:\/\/informativoelvalledeaguascalientes.online\/index.php?rest_route=%2Fwp%2Fv2%2Fcategories&post=9747"},{"taxonomy":"post_tag","embeddable":true,"href":"https:\/\/informativoelvalledeaguascalientes.online\/index.php?rest_route=%2Fwp%2Fv2%2Ftags&post=9747"}],"curies":[{"name":"wp","href":"https:\/\/api.w.org\/{rel}","templated":true}]}}