{"id":9744,"date":"2020-08-03T12:35:55","date_gmt":"2020-08-03T18:35:55","guid":{"rendered":"https:\/\/informativoelvalledeaguascalientes.online\/?p=9744"},"modified":"2020-08-03T12:35:55","modified_gmt":"2020-08-03T18:35:55","slug":"gobierno-del-estado-iniciara-diseno-de-politicas-educativas-para-regreso-virtual-al-ciclo-escolar-2020-2021","status":"publish","type":"post","link":"https:\/\/informativoelvalledeaguascalientes.online\/?p=9744","title":{"rendered":"GOBIERNO DEL ESTADO INICIAR\u00c1 DISE\u00d1O DE POL\u00cdTICAS EDUCATIVAS PARA REGRESO VIRTUAL AL CICLO ESCOLAR 2020-2021\u00a0"},"content":{"rendered":"<ul>\n<li dir=\"ltr\">\n<p dir=\"ltr\">Se privilegiar\u00e1 la formaci\u00f3n de aquellos estudiantes que no cuentan con accesibilidad tecnol\u00f3gica<\/p>\n<\/li>\n<li dir=\"ltr\">\n<p dir=\"ltr\">Nuevo impulso a estrategia Centinela para evaluar comportamiento actual\u00a0 de COVID 19 en Aguascalientes.<\/p>\n<\/li>\n<\/ul>\n<p>&nbsp;<\/p>\n<p dir=\"ltr\">El gobernador Mart\u00edn Orozco Sandoval anunci\u00f3 que se dise\u00f1ar\u00e1n estrategias particulares en la entidad para arrancar de forma virtual el ciclo escolar 2020- 2021, a partir del 24 de agosto, como lo ha anunciado la SEcretar\u00eda de Educaci\u00f3n P\u00fablica.<\/p>\n<p>&nbsp;<\/p>\n<p dir=\"ltr\">El mandatario destac\u00f3 que esta misma semana se reunir\u00e1 de forma virtual con Esteban Moctezuma y o con Ra\u00fal Silva Perezchica, titular del IEA, para coordinar las estrategias y\u00a0 pol\u00edticas educativas que privilegien la formaci\u00f3n de aquellos estudiantes que no cuentan con una accesibilidad tecnol\u00f3gica, a fin de evitar un rezago acad\u00e9mico.<\/p>\n<p>&nbsp;<\/p>\n<p dir=\"ltr\">Orozco Sandoval agreg\u00f3 que su administraci\u00f3n seguir\u00e1 afinando las estrategias sanitarias para el momento en que el sem\u00e1foro verde permita el regreso a las aulas y con ello determinar los protocolos para que los estudiantes puedan convivir de manera segura y privilegiando su salud.<\/p>\n<p>&nbsp;<\/p>\n<p dir=\"ltr\">Por lo pronto, coment\u00f3 que se reforzar\u00e1 la conectividad y se buscar\u00e1 incluso llevar internet a algunas colonias o comunidades en donde no existe un acceso adecuado para lograr el m\u00e1ximo aprovechamiento de los conocimientos, adicionalmente destac\u00f3 que a nivel local, se seguir\u00e1 destinando una de las frecuencias de canal 26, para transmitir los contenidos, ya que el alcance de la televisora abarca incluso las zonas que no tienen cobertura e internet.<\/p>\n<p>&nbsp;<\/p>\n<p dir=\"ltr\">Respecto al tema de salud, el el jefe del Ejecutivo inform\u00f3 que la estrategia Centinela se fortalecer\u00e1 en todo el territorio estatal, esto para hacer una medici\u00f3n de este momento sobre el comportamiento de la pandemia y establecer cercos epidemiol\u00f3gicos y seguir previendo las necesidades de insumos, pruebas y capacidad hospitalaria.<\/p>\n<p>&nbsp;<\/p>\n<p dir=\"ltr\">Detall\u00f3 tambi\u00e9n que se reunir\u00e1 con los delegados del Seguro Social, ISSSTE y el director del Centenario Hospital Miguel Hidalgo para generar nuevas estrategias para la atenci\u00f3n hospitalaria, condiciones laborales del personal m\u00e9dico y de enfermer\u00eda, a quienes nuevamente extern\u00f3 su reconocimiento.<\/p>\n<p>&nbsp;<\/p>\n<p dir=\"ltr\">Finalmente, destac\u00f3 la voluntad de las alcaldesas y alcaldes para sumarse a las acciones de prevenci\u00f3n, coordinando esfuerzos para concientizar a la poblaci\u00f3n del uso de cubrebocas, adem\u00e1s de hacer un nuevo llamado a la sociedad para continuar con las medidas de sana distancia, evitar reuniones sociales o familiares que puedan propiciar contagios, ya que en el \u00e1mbito laboral se est\u00e1n llevando a cabo las medidas de prevenci\u00f3n.<\/p>\n<p>&nbsp;<\/p>\n","protected":false},"excerpt":{"rendered":"<p>Se privilegiar\u00e1 la formaci\u00f3n de aquellos estudiantes que no cuentan con accesibilidad tecnol\u00f3gica Nuevo impulso a estrategia Centinela para evaluar comportamiento actual\u00a0 de COVID 19 en Aguascalientes. &nbsp; El gobernador Mart\u00edn Orozco Sandoval anunci\u00f3 que se dise\u00f1ar\u00e1n estrategias particulares en la entidad para arrancar de forma virtual el ciclo escolar 2020- 2021, a partir del [&hellip;]<\/p>\n","protected":false},"author":1,"featured_media":9745,"comment_status":"closed","ping_status":"open","sticky":false,"template":"","format":"standard","meta":{"advanced_seo_description":"","jetpack_seo_html_title":"","jetpack_seo_noindex":false,"_jetpack_memberships_contains_paid_content":false,"footnotes":"","jetpack_publicize_message":"","jetpack_publicize_feature_enabled":true,"jetpack_social_post_already_shared":true,"jetpack_social_options":{"image_generator_settings":{"template":"highway","default_image_id":0,"font":"","enabled":false},"version":2}},"categories":[21,4],"tags":[22,39,31],"class_list":["post-9744","post","type-post","status-publish","format-standard","has-post-thumbnail","hentry","category-aguascalientes","category-gobierno-del-estado-aguascalientes","tag-aguascalientes","tag-iea","tag-mos"],"jetpack_publicize_connections":[],"jetpack_featured_media_url":"https:\/\/i0.wp.com\/informativoelvalledeaguascalientes.online\/wp-content\/uploads\/2020\/08\/mos_iea_03082020.jpg?fit=768%2C576&ssl=1","jetpack-related-posts":[],"jetpack_sharing_enabled":true,"jetpack_likes_enabled":true,"_links":{"self":[{"href":"https:\/\/informativoelvalledeaguascalientes.online\/index.php?rest_route=\/wp\/v2\/posts\/9744","targetHints":{"allow":["GET"]}}],"collection":[{"href":"https:\/\/informativoelvalledeaguascalientes.online\/index.php?rest_route=\/wp\/v2\/posts"}],"about":[{"href":"https:\/\/informativoelvalledeaguascalientes.online\/index.php?rest_route=\/wp\/v2\/types\/post"}],"author":[{"embeddable":true,"href":"https:\/\/informativoelvalledeaguascalientes.online\/index.php?rest_route=\/wp\/v2\/users\/1"}],"replies":[{"embeddable":true,"href":"https:\/\/informativoelvalledeaguascalientes.online\/index.php?rest_route=%2Fwp%2Fv2%2Fcomments&post=9744"}],"version-history":[{"count":1,"href":"https:\/\/informativoelvalledeaguascalientes.online\/index.php?rest_route=\/wp\/v2\/posts\/9744\/revisions"}],"predecessor-version":[{"id":9746,"href":"https:\/\/informativoelvalledeaguascalientes.online\/index.php?rest_route=\/wp\/v2\/posts\/9744\/revisions\/9746"}],"wp:featuredmedia":[{"embeddable":true,"href":"https:\/\/informativoelvalledeaguascalientes.online\/index.php?rest_route=\/wp\/v2\/media\/9745"}],"wp:attachment":[{"href":"https:\/\/informativoelvalledeaguascalientes.online\/index.php?rest_route=%2Fwp%2Fv2%2Fmedia&parent=9744"}],"wp:term":[{"taxonomy":"category","embeddable":true,"href":"https:\/\/informativoelvalledeaguascalientes.online\/index.php?rest_route=%2Fwp%2Fv2%2Fcategories&post=9744"},{"taxonomy":"post_tag","embeddable":true,"href":"https:\/\/informativoelvalledeaguascalientes.online\/index.php?rest_route=%2Fwp%2Fv2%2Ftags&post=9744"}],"curies":[{"name":"wp","href":"https:\/\/api.w.org\/{rel}","templated":true}]}}