{"id":9256,"date":"2020-07-21T13:22:45","date_gmt":"2020-07-21T19:22:45","guid":{"rendered":"https:\/\/informativoelvalledeaguascalientes.online\/?p=9256"},"modified":"2020-07-21T13:22:45","modified_gmt":"2020-07-21T19:22:45","slug":"presenta-tono-martin-del-campo-iniciativas-para-contrarrestar-el-desempleo-en-mexico","status":"publish","type":"post","link":"https:\/\/informativoelvalledeaguascalientes.online\/?p=9256","title":{"rendered":"PRESENTA TO\u00d1O MART\u00cdN DEL CAMPO INICIATIVAS PARA CONTRARRESTAR EL DESEMPLEO EN M\u00c9XICO"},"content":{"rendered":"<ul>\n<li><b>Se estima que a la fecha se han perdido m\u00e1s de un mill\u00f3n de empleos en todo el pa\u00eds producto de la pandemia y se prev\u00e9 la ca\u00edda de entre el 10 al 12% en el PIB\u00a0<\/b><\/li>\n<li style=\"font-weight: 400;\"><b>Por tal motivo el legislador propone el incremento al ISR en la adquisici\u00f3n de veh\u00edculos en beneficio de los sectores automotriz y empresarial<\/b><\/li>\n<li style=\"font-weight: 400;\"><b>Asimismo, el GPPAN presentar\u00e1 un punto de acuerdo para establecer un Ingreso B\u00e1sico Universal de tres mil 207 pesos por un lapso de 6 meses\u00a0<\/b><\/li>\n<\/ul>\n<p>&nbsp;<\/p>\n<p><span style=\"font-weight: 400;\">Con el objetivo de frenar el cada vez mayor \u00edndice de desempleo en el pa\u00eds producto de la pandemia de COVID-19 y con ello garantizar un piso m\u00e1s parejo a todos los mexicanos, el Senador de la Rep\u00fablica, To\u00f1o Mart\u00edn del Campo se ha dado a la tarea de trabajar en el dise\u00f1o de diferentes estrategias que permitan la reactivaci\u00f3n de los distintos sectores econ\u00f3micos a la brevedad.<\/span><\/p>\n<p>&nbsp;<\/p>\n<p><span style=\"font-weight: 400;\">As\u00ed lo dio a conocer en rueda de prensa celebrada en esta ciudad capital donde manifest\u00f3 que desafortunadamente a la fecha se han perdido poco m\u00e1s de un mill\u00f3n de empleos, situaci\u00f3n que de no ser atendida oportunamente representar\u00eda la ca\u00edda de alrededor del 10 al 12% del Producto Interno Bruto (PIB).<\/span><\/p>\n<p>&nbsp;<\/p>\n<p><i><span style=\"font-weight: 400;\">\u201cHace m\u00e1s de 100 d\u00edas que desde el Senado de la Rep\u00fablica propusimos un dec\u00e1logo, 10 cosas muy concretas para poder reactivar la econom\u00eda, si bien es cierto, estamos atravesando por una pandemia que en el tema de salud nos va a afectar much\u00edsimo pero viene otro tema que tambi\u00e9n nos va a afectar y que en este caso es el tema econ\u00f3mico.\u201d<\/span><\/i><\/p>\n<p>&nbsp;<\/p>\n<p><span style=\"font-weight: 400;\">En este sentido explic\u00f3 que en materia econ\u00f3mica son tres los rubros que se ver\u00e1n seriamente afectados con esta crisis: el tur\u00edstico, automotriz y las remesas de los connacionales en el extranjero.<\/span><\/p>\n<p>&nbsp;<\/p>\n<p><span style=\"font-weight: 400;\">Al referirse espec\u00edficamente al sector automotriz, Mart\u00edn del Campo mencion\u00f3 que en Aguascalientes ya comenzaron a percibirse los efectos de esta situaci\u00f3n al registrarse ya varios despidos en distintas plantas dedicadas a esta actividad, incluida Nissan y esto se debe en gran medida a las dificultades que en este momento representa la adquisici\u00f3n de un veh\u00edculo, sobre todo por el monto deducible que es de tan solo 175 mil pesos, por lo que su propuesta a t\u00edtulo<\/span><\/p>\n","protected":false},"excerpt":{"rendered":"<p>Se estima que a la fecha se han perdido m\u00e1s de un mill\u00f3n de empleos en todo el pa\u00eds producto de la pandemia y se prev\u00e9 la ca\u00edda de entre el 10 al 12% en el PIB\u00a0 Por tal motivo el legislador propone el incremento al ISR en la adquisici\u00f3n de veh\u00edculos en beneficio de [&hellip;]<\/p>\n","protected":false},"author":1,"featured_media":9257,"comment_status":"closed","ping_status":"open","sticky":false,"template":"","format":"standard","meta":{"advanced_seo_description":"","jetpack_seo_html_title":"","jetpack_seo_noindex":false,"_jetpack_memberships_contains_paid_content":false,"footnotes":"","jetpack_publicize_message":"","jetpack_publicize_feature_enabled":true,"jetpack_social_post_already_shared":true,"jetpack_social_options":{"image_generator_settings":{"template":"highway","default_image_id":0,"font":"","enabled":false},"version":2}},"categories":[21,7],"tags":[22,23,43,49],"class_list":["post-9256","post","type-post","status-publish","format-standard","has-post-thumbnail","hentry","category-aguascalientes","category-pan-aguascalientes","tag-aguascalientes","tag-pan-aguascalientes","tag-pan-aguascalientes-cde","tag-tono-martin-del-campo"],"jetpack_publicize_connections":[],"jetpack_featured_media_url":"https:\/\/i0.wp.com\/informativoelvalledeaguascalientes.online\/wp-content\/uploads\/2020\/07\/tmc_1072020.jpg?fit=1024%2C768&ssl=1","jetpack-related-posts":[],"jetpack_sharing_enabled":true,"jetpack_likes_enabled":true,"_links":{"self":[{"href":"https:\/\/informativoelvalledeaguascalientes.online\/index.php?rest_route=\/wp\/v2\/posts\/9256","targetHints":{"allow":["GET"]}}],"collection":[{"href":"https:\/\/informativoelvalledeaguascalientes.online\/index.php?rest_route=\/wp\/v2\/posts"}],"about":[{"href":"https:\/\/informativoelvalledeaguascalientes.online\/index.php?rest_route=\/wp\/v2\/types\/post"}],"author":[{"embeddable":true,"href":"https:\/\/informativoelvalledeaguascalientes.online\/index.php?rest_route=\/wp\/v2\/users\/1"}],"replies":[{"embeddable":true,"href":"https:\/\/informativoelvalledeaguascalientes.online\/index.php?rest_route=%2Fwp%2Fv2%2Fcomments&post=9256"}],"version-history":[{"count":1,"href":"https:\/\/informativoelvalledeaguascalientes.online\/index.php?rest_route=\/wp\/v2\/posts\/9256\/revisions"}],"predecessor-version":[{"id":9258,"href":"https:\/\/informativoelvalledeaguascalientes.online\/index.php?rest_route=\/wp\/v2\/posts\/9256\/revisions\/9258"}],"wp:featuredmedia":[{"embeddable":true,"href":"https:\/\/informativoelvalledeaguascalientes.online\/index.php?rest_route=\/wp\/v2\/media\/9257"}],"wp:attachment":[{"href":"https:\/\/informativoelvalledeaguascalientes.online\/index.php?rest_route=%2Fwp%2Fv2%2Fmedia&parent=9256"}],"wp:term":[{"taxonomy":"category","embeddable":true,"href":"https:\/\/informativoelvalledeaguascalientes.online\/index.php?rest_route=%2Fwp%2Fv2%2Fcategories&post=9256"},{"taxonomy":"post_tag","embeddable":true,"href":"https:\/\/informativoelvalledeaguascalientes.online\/index.php?rest_route=%2Fwp%2Fv2%2Ftags&post=9256"}],"curies":[{"name":"wp","href":"https:\/\/api.w.org\/{rel}","templated":true}]}}