{"id":9238,"date":"2020-07-20T17:00:03","date_gmt":"2020-07-20T23:00:03","guid":{"rendered":"https:\/\/informativoelvalledeaguascalientes.online\/?p=9238"},"modified":"2020-07-20T17:00:03","modified_gmt":"2020-07-20T23:00:03","slug":"abre-convocatoria-al-premio-municipal-de-la-juventud-2020-imjuva","status":"publish","type":"post","link":"https:\/\/informativoelvalledeaguascalientes.online\/?p=9238","title":{"rendered":"ABRE CONVOCATORIA AL PREMIO MUNICIPAL DE LA JUVENTUD 2020: IMJUVA"},"content":{"rendered":"<div class=\"opinion-section opinion-single-cover opinion-indent opinion-overlay\">\n<div class=\"container\">\n<div class=\"section-head row justify-content-center text-center\"><\/div>\n<\/div>\n<\/div>\n<div class=\"opinion-section\">\n<div class=\"container\">\n<div class=\"section-content row justify-content-center\">\n<div class=\"col-12 col-lg-8 opinion-order-1\">\n<article class=\"opinion-post opinion-single post-18425 post type-post status-publish format-standard has-post-thumbnail hentry category-instituto-municipal-de-la-juventud tag-carmen-nohemi-herrada-campos tag-expresiones-artisticas-y-culturales tag-habilidades-cientificas-y-tecnologicas tag-impacto-social tag-innovacion-emprendedora tag-logro-academico tag-premio-municipal-de-la-juventud-2020 tag-proteccion-al-medio-ambiente\">\n<div class=\"entry-content\">\n<ul>\n<li><strong>Como cada a\u00f1o, la alcaldesa Tere Jim\u00e9nez reconocer\u00e1 la trayectoria y logros de los j\u00f3venes de 12 a 29 a\u00f1os de edad, en cinco categor\u00edas<\/strong><\/li>\n<\/ul>\n<p>Con el objetivo de reconocer y estimular el desempe\u00f1o de las y los j\u00f3venes que han destacado por sus logros en diversas actividades culturales, acad\u00e9micas, deportivas y de ciencias, el Municipio de Aguascalientes abre la convocatoria al Premio Municipal de la Juventud 2020.<\/p>\n<p><strong>Carmen Noemi Herrada Campos<\/strong>, titular del Instituto Municipal de la Juventud (IMJUVA), detall\u00f3 que gracias al inter\u00e9s de la alcaldesa\u00a0<strong>Tere Jim\u00e9nez<\/strong>\u00a0por impulsar a este sector de la sociedad, en esta ocasi\u00f3n se premiar\u00e1 con 10 mil pesos a los 5 j\u00f3venes de 12 a 29 a\u00f1os de edad que resulten ganadores y que sean propuestos por los medios de comunicaci\u00f3n, agrupaciones juveniles y la comunidad en general.<\/p>\n<p>Los participantes podr\u00e1n inscribirse hasta el d\u00eda 5 de agosto en las siguientes categor\u00edas:<\/p>\n<ul>\n<li>Impacto social y protecci\u00f3n al medio ambiente<\/li>\n<li>Expresiones art\u00edsticas y culturales<\/li>\n<li>Innovaci\u00f3n emprendedora<\/li>\n<li>Habilidades cient\u00edficas y tecnol\u00f3gicas y<\/li>\n<li>Logro acad\u00e9mico<\/li>\n<\/ul>\n<p><strong>Herrada Campos<\/strong>\u00a0puntualiz\u00f3 que podr\u00e1n participar j\u00f3venes originarios de Aguascalientes o bien que tengan m\u00e1s de 3 a\u00f1os residiendo en el municipio.<\/p>\n<p>Para inscribirse ser\u00e1 necesario llenar un formato especial otorgado por el IMJUVA, as\u00ed como evidencias del trabajo realizado en fotos, v\u00eddeo, reconocimientos, entre otros, de los logros obtenidos durante 2019, adem\u00e1s de una peque\u00f1a semblanza del concursante.<\/p>\n<p>Para mayores detalles pueden consultar la convocatoria completa en\u00a0<a href=\"https:\/\/www.facebook.com\/IMJUVA\">https:\/\/www.facebook.com\/IMJUVA<\/a>\u00a0o bien acudir directamente a las oficinas del IMJUVA ubicadas en Madero 114 zona centro y en Abraham Gonz\u00e1lez esquina con Belisario Dom\u00ednguez, en el fraccionamiento Insurgentes.<\/p>\n<p>Tambi\u00e9n pueden marcar a los tel\u00e9fonos 978 28 46 o 913 79 39 y a trav\u00e9s de whatsapp 449 492 1551, o escribir al correo electr\u00f3nico imjuva@ags.gob.mx<\/p>\n<\/div>\n<\/article>\n<\/div>\n<\/div>\n<\/div>\n<\/div>\n","protected":false},"excerpt":{"rendered":"<p>Como cada a\u00f1o, la alcaldesa Tere Jim\u00e9nez reconocer\u00e1 la trayectoria y logros de los j\u00f3venes de 12 a 29 a\u00f1os de edad, en cinco categor\u00edas Con el objetivo de reconocer y estimular el desempe\u00f1o de las y los j\u00f3venes que han destacado por sus logros en diversas actividades culturales, acad\u00e9micas, deportivas y de ciencias, el [&hellip;]<\/p>\n","protected":false},"author":1,"featured_media":9239,"comment_status":"closed","ping_status":"open","sticky":false,"template":"","format":"standard","meta":{"advanced_seo_description":"","jetpack_seo_html_title":"","jetpack_seo_noindex":false,"_jetpack_memberships_contains_paid_content":false,"footnotes":"","jetpack_publicize_message":"","jetpack_publicize_feature_enabled":true,"jetpack_social_post_already_shared":true,"jetpack_social_options":{"image_generator_settings":{"template":"highway","default_image_id":0,"font":"","enabled":false},"version":2}},"categories":[21,3],"tags":[22,134],"class_list":["post-9238","post","type-post","status-publish","format-standard","has-post-thumbnail","hentry","category-aguascalientes","category-municipio-aguascalientes","tag-aguascalientes","tag-mpio-aguascalientes-imjuva"],"jetpack_publicize_connections":[],"jetpack_featured_media_url":"https:\/\/i0.wp.com\/informativoelvalledeaguascalientes.online\/wp-content\/uploads\/2020\/07\/mpio_ags_juventud_20072020.jpg?fit=828%2C1280&ssl=1","jetpack-related-posts":[],"jetpack_sharing_enabled":true,"jetpack_likes_enabled":true,"_links":{"self":[{"href":"https:\/\/informativoelvalledeaguascalientes.online\/index.php?rest_route=\/wp\/v2\/posts\/9238","targetHints":{"allow":["GET"]}}],"collection":[{"href":"https:\/\/informativoelvalledeaguascalientes.online\/index.php?rest_route=\/wp\/v2\/posts"}],"about":[{"href":"https:\/\/informativoelvalledeaguascalientes.online\/index.php?rest_route=\/wp\/v2\/types\/post"}],"author":[{"embeddable":true,"href":"https:\/\/informativoelvalledeaguascalientes.online\/index.php?rest_route=\/wp\/v2\/users\/1"}],"replies":[{"embeddable":true,"href":"https:\/\/informativoelvalledeaguascalientes.online\/index.php?rest_route=%2Fwp%2Fv2%2Fcomments&post=9238"}],"version-history":[{"count":1,"href":"https:\/\/informativoelvalledeaguascalientes.online\/index.php?rest_route=\/wp\/v2\/posts\/9238\/revisions"}],"predecessor-version":[{"id":9240,"href":"https:\/\/informativoelvalledeaguascalientes.online\/index.php?rest_route=\/wp\/v2\/posts\/9238\/revisions\/9240"}],"wp:featuredmedia":[{"embeddable":true,"href":"https:\/\/informativoelvalledeaguascalientes.online\/index.php?rest_route=\/wp\/v2\/media\/9239"}],"wp:attachment":[{"href":"https:\/\/informativoelvalledeaguascalientes.online\/index.php?rest_route=%2Fwp%2Fv2%2Fmedia&parent=9238"}],"wp:term":[{"taxonomy":"category","embeddable":true,"href":"https:\/\/informativoelvalledeaguascalientes.online\/index.php?rest_route=%2Fwp%2Fv2%2Fcategories&post=9238"},{"taxonomy":"post_tag","embeddable":true,"href":"https:\/\/informativoelvalledeaguascalientes.online\/index.php?rest_route=%2Fwp%2Fv2%2Ftags&post=9238"}],"curies":[{"name":"wp","href":"https:\/\/api.w.org\/{rel}","templated":true}]}}