{"id":9231,"date":"2020-07-20T16:49:09","date_gmt":"2020-07-20T22:49:09","guid":{"rendered":"https:\/\/informativoelvalledeaguascalientes.online\/?p=9231"},"modified":"2020-07-20T16:49:09","modified_gmt":"2020-07-20T22:49:09","slug":"ica-anuncia-la-quinta-etapa-del-programa-cultural-emergente-icalternativo","status":"publish","type":"post","link":"https:\/\/informativoelvalledeaguascalientes.online\/?p=9231","title":{"rendered":"ICA ANUNCIA LA QUINTA ETAPA DEL PROGRAMA CULTURAL EMERGENTE ICALTERNATIVO"},"content":{"rendered":"<ul>\n<li dir=\"ltr\">\n<p dir=\"ltr\">Esta etapa contempla activaciones culturales durante el verano y estrategias de reactivaci\u00f3n gradual econ\u00f3mica y sociocultural.<\/p>\n<\/li>\n<li dir=\"ltr\">\n<p dir=\"ltr\">Todas las actividades se realizan con apego a los protocolos sanitarios<\/p>\n<\/li>\n<\/ul>\n<p dir=\"ltr\">\n<p dir=\"ltr\">Con el objetivo de seguir fomentando el ejercicio de los derechos culturales en la poblaci\u00f3n, as\u00ed como para ofrecer opciones de esparcimiento, aprendizaje, remuneraci\u00f3n econ\u00f3mica y difusi\u00f3n del patrimonio cultural, el Instituto Cultural de Aguascalientes (ICA) anuncia el inicio de la quinta etapa del programa ICAlternativo.<\/p>\n<p dir=\"ltr\">\n<p dir=\"ltr\">Esta etapa incluye activaciones culturales, entre las que destacan los proyectos para la recuperaci\u00f3n gradual del espacio p\u00fablico y la vida sociocultural, tales como la reactivaci\u00f3n del programa Domingos Culturales en el Museo de Aguascalientes, el programa Bajo los \u00c1rboles en espacios urbanos, y el regreso de las Caravanas Culturales en diversas colonias y barrios; as\u00ed como el Festival de Jazz y el Encuentro de M\u00fasica de C\u00e1mara, en escenarios de la infraestructura cultural con transmisiones digitales.<\/p>\n<p dir=\"ltr\">\n<p dir=\"ltr\">Adem\u00e1s, se suman otras siete convocatorias de apoyo econ\u00f3mico a la comunidad creativa y art\u00edstica de la entidad, en las disciplinas de artes pl\u00e1sticas y visuales, cine y radiofon\u00eda, literatura, artes esc\u00e9nicas, danza y arquitectura. Las bases para acceder a estos est\u00edmulos est\u00e1n disponibles en las redes sociales del ICA, y cierran el pr\u00f3ximo 20 de agosto. Los resultados se dar\u00e1n a conocer el 5 de septiembre de 2020.<\/p>\n<p dir=\"ltr\">\n<p dir=\"ltr\">Todos estos programas se realizar\u00e1n de manera presencial y virtual, con estricto apego a las normas sanitarias de la contingencia, y con formatos que permitir\u00e1n el involucramiento comunitario en el ejercicio de la cultura.<\/p>\n<p dir=\"ltr\">\n<p dir=\"ltr\">Cabe recordar que las cuatro etapas previas de ICAlternativo constaron de difusi\u00f3n y promoci\u00f3n de talentos locales, en la primera etapa; la dotaci\u00f3n de apoyos econ\u00f3micos a trav\u00e9s de siete convocatorias para proyectos creativos, en la segunda; la articulaci\u00f3n con el programa virtual de la Feria Nacional de San Marcos Desde Casa, en la tercera.<\/p>\n<p dir=\"ltr\">\n<p dir=\"ltr\">As\u00ed mismo, la cuarta etapa se realiz\u00f3 con el inicio del Movimiento Global ResiliArt, de la UNESCO, en Aguascalientes, el cual incluye conversatorios con especialistas nacionales e internacionales en turismo cultural, talleres con comunidades portadoras del patrimonio cultural intangible, y activaciones en sitios patrimoniales del estado, con inicio en ex haciendas del Camino Real de Tierra Adentro, como parte de la pol\u00edtica estatal para la reactivaci\u00f3n gradual econ\u00f3mica y sociocultural.<\/p>\n","protected":false},"excerpt":{"rendered":"<p>Esta etapa contempla activaciones culturales durante el verano y estrategias de reactivaci\u00f3n gradual econ\u00f3mica y sociocultural. Todas las actividades se realizan con apego a los protocolos sanitarios Con el objetivo de seguir fomentando el ejercicio de los derechos culturales en la poblaci\u00f3n, as\u00ed como para ofrecer opciones de esparcimiento, aprendizaje, remuneraci\u00f3n econ\u00f3mica y difusi\u00f3n del [&hellip;]<\/p>\n","protected":false},"author":1,"featured_media":9232,"comment_status":"closed","ping_status":"open","sticky":false,"template":"","format":"standard","meta":{"advanced_seo_description":"","jetpack_seo_html_title":"","jetpack_seo_noindex":false,"_jetpack_memberships_contains_paid_content":false,"footnotes":"","jetpack_publicize_message":"","jetpack_publicize_feature_enabled":true,"jetpack_social_post_already_shared":true,"jetpack_social_options":{"image_generator_settings":{"template":"highway","default_image_id":0,"font":"","enabled":false},"version":2}},"categories":[21,4],"tags":[22,52],"class_list":["post-9231","post","type-post","status-publish","format-standard","has-post-thumbnail","hentry","category-aguascalientes","category-gobierno-del-estado-aguascalientes","tag-aguascalientes","tag-ica"],"jetpack_publicize_connections":[],"jetpack_featured_media_url":"https:\/\/i0.wp.com\/informativoelvalledeaguascalientes.online\/wp-content\/uploads\/2020\/07\/ica_20072020.jpg?fit=625%2C625&ssl=1","jetpack-related-posts":[],"jetpack_sharing_enabled":true,"jetpack_likes_enabled":true,"_links":{"self":[{"href":"https:\/\/informativoelvalledeaguascalientes.online\/index.php?rest_route=\/wp\/v2\/posts\/9231","targetHints":{"allow":["GET"]}}],"collection":[{"href":"https:\/\/informativoelvalledeaguascalientes.online\/index.php?rest_route=\/wp\/v2\/posts"}],"about":[{"href":"https:\/\/informativoelvalledeaguascalientes.online\/index.php?rest_route=\/wp\/v2\/types\/post"}],"author":[{"embeddable":true,"href":"https:\/\/informativoelvalledeaguascalientes.online\/index.php?rest_route=\/wp\/v2\/users\/1"}],"replies":[{"embeddable":true,"href":"https:\/\/informativoelvalledeaguascalientes.online\/index.php?rest_route=%2Fwp%2Fv2%2Fcomments&post=9231"}],"version-history":[{"count":1,"href":"https:\/\/informativoelvalledeaguascalientes.online\/index.php?rest_route=\/wp\/v2\/posts\/9231\/revisions"}],"predecessor-version":[{"id":9233,"href":"https:\/\/informativoelvalledeaguascalientes.online\/index.php?rest_route=\/wp\/v2\/posts\/9231\/revisions\/9233"}],"wp:featuredmedia":[{"embeddable":true,"href":"https:\/\/informativoelvalledeaguascalientes.online\/index.php?rest_route=\/wp\/v2\/media\/9232"}],"wp:attachment":[{"href":"https:\/\/informativoelvalledeaguascalientes.online\/index.php?rest_route=%2Fwp%2Fv2%2Fmedia&parent=9231"}],"wp:term":[{"taxonomy":"category","embeddable":true,"href":"https:\/\/informativoelvalledeaguascalientes.online\/index.php?rest_route=%2Fwp%2Fv2%2Fcategories&post=9231"},{"taxonomy":"post_tag","embeddable":true,"href":"https:\/\/informativoelvalledeaguascalientes.online\/index.php?rest_route=%2Fwp%2Fv2%2Ftags&post=9231"}],"curies":[{"name":"wp","href":"https:\/\/api.w.org\/{rel}","templated":true}]}}