{"id":9228,"date":"2020-07-20T16:45:56","date_gmt":"2020-07-20T22:45:56","guid":{"rendered":"https:\/\/informativoelvalledeaguascalientes.online\/?p=9228"},"modified":"2020-07-20T16:45:56","modified_gmt":"2020-07-20T22:45:56","slug":"en-su-97-aniversario-luctuoso-recuerdan-a-francisco-villa-como-simbolo-de-lucha-por-la-justicia-social","status":"publish","type":"post","link":"https:\/\/informativoelvalledeaguascalientes.online\/?p=9228","title":{"rendered":"EN SU 97\u00b0 ANIVERSARIO LUCTUOSO RECUERDAN A FRANCISCO VILLA COMO S\u00cdMBOLO DE LUCHA POR LA JUSTICIA SOCIAL"},"content":{"rendered":"<p style=\"font-weight: 400;\">El secretario General de Gobierno, Juan Manuel Flores Femat, presidi\u00f3 la ceremonia c\u00edvica-conmemorativa por el 97\u00b0 Aniversario Luctuoso de Francisco Villa, quien al encabezar una de las corrientes ideol\u00f3gicas de la Revoluci\u00f3n Mexicana, fue recordado como un s\u00edmbolo de lucha por la justicia social para nuestro pa\u00eds.<\/p>\n<p style=\"font-weight: 400;\">\n<p style=\"font-weight: 400;\">Flores Femat se\u00f1al\u00f3 que en este sentido, la administraci\u00f3n estatal encabezada por el gobernador Mart\u00edn Orozco Sandoval, renueva su compromiso con los justos ideales sociales que inspiraron a la Revoluci\u00f3n Mexicana y reafirma su voluntad de luchar por un M\u00e9xico donde sea desterrada la injusticia, la ignorancia y la violencia.<\/p>\n<p style=\"font-weight: 400;\">\n<p style=\"font-weight: 400;\">La ceremonia tambi\u00e9n fue presidida por la magistrada Presidenta del Supremo Tribunal de Justicia, Gabriela Espinosa Castorena; el secretario de Seguridad P\u00fablica del Estado, Porfirio Javier S\u00e1nchez Mendoza; el fiscal General del Estado, Jes\u00fas Figueroa Ortega; el alcalde de San Francisco de los Romo,\u00a0Juan Jos\u00e9 Lozoya Ponce; entre otras autoridades.<\/p>\n<p style=\"font-weight: 400;\">\n","protected":false},"excerpt":{"rendered":"<p>El secretario General de Gobierno, Juan Manuel Flores Femat, presidi\u00f3 la ceremonia c\u00edvica-conmemorativa por el 97\u00b0 Aniversario Luctuoso de Francisco Villa, quien al encabezar una de las corrientes ideol\u00f3gicas de la Revoluci\u00f3n Mexicana, fue recordado como un s\u00edmbolo de lucha por la justicia social para nuestro pa\u00eds. Flores Femat se\u00f1al\u00f3 que en este sentido, la [&hellip;]<\/p>\n","protected":false},"author":1,"featured_media":9229,"comment_status":"closed","ping_status":"open","sticky":false,"template":"","format":"standard","meta":{"advanced_seo_description":"","jetpack_seo_html_title":"","jetpack_seo_noindex":false,"_jetpack_memberships_contains_paid_content":false,"footnotes":"","jetpack_publicize_message":"","jetpack_publicize_feature_enabled":true,"jetpack_social_post_already_shared":true,"jetpack_social_options":{"image_generator_settings":{"template":"highway","default_image_id":0,"font":"","enabled":false},"version":2}},"categories":[21,4],"tags":[22,51],"class_list":["post-9228","post","type-post","status-publish","format-standard","has-post-thumbnail","hentry","category-aguascalientes","category-gobierno-del-estado-aguascalientes","tag-aguascalientes","tag-seggob"],"jetpack_publicize_connections":[],"jetpack_featured_media_url":"https:\/\/i0.wp.com\/informativoelvalledeaguascalientes.online\/wp-content\/uploads\/2020\/07\/seggob_20072020-2.jpg?fit=1036%2C625&ssl=1","jetpack-related-posts":[],"jetpack_sharing_enabled":true,"jetpack_likes_enabled":true,"_links":{"self":[{"href":"https:\/\/informativoelvalledeaguascalientes.online\/index.php?rest_route=\/wp\/v2\/posts\/9228","targetHints":{"allow":["GET"]}}],"collection":[{"href":"https:\/\/informativoelvalledeaguascalientes.online\/index.php?rest_route=\/wp\/v2\/posts"}],"about":[{"href":"https:\/\/informativoelvalledeaguascalientes.online\/index.php?rest_route=\/wp\/v2\/types\/post"}],"author":[{"embeddable":true,"href":"https:\/\/informativoelvalledeaguascalientes.online\/index.php?rest_route=\/wp\/v2\/users\/1"}],"replies":[{"embeddable":true,"href":"https:\/\/informativoelvalledeaguascalientes.online\/index.php?rest_route=%2Fwp%2Fv2%2Fcomments&post=9228"}],"version-history":[{"count":1,"href":"https:\/\/informativoelvalledeaguascalientes.online\/index.php?rest_route=\/wp\/v2\/posts\/9228\/revisions"}],"predecessor-version":[{"id":9230,"href":"https:\/\/informativoelvalledeaguascalientes.online\/index.php?rest_route=\/wp\/v2\/posts\/9228\/revisions\/9230"}],"wp:featuredmedia":[{"embeddable":true,"href":"https:\/\/informativoelvalledeaguascalientes.online\/index.php?rest_route=\/wp\/v2\/media\/9229"}],"wp:attachment":[{"href":"https:\/\/informativoelvalledeaguascalientes.online\/index.php?rest_route=%2Fwp%2Fv2%2Fmedia&parent=9228"}],"wp:term":[{"taxonomy":"category","embeddable":true,"href":"https:\/\/informativoelvalledeaguascalientes.online\/index.php?rest_route=%2Fwp%2Fv2%2Fcategories&post=9228"},{"taxonomy":"post_tag","embeddable":true,"href":"https:\/\/informativoelvalledeaguascalientes.online\/index.php?rest_route=%2Fwp%2Fv2%2Ftags&post=9228"}],"curies":[{"name":"wp","href":"https:\/\/api.w.org\/{rel}","templated":true}]}}