{"id":9225,"date":"2020-07-20T16:42:10","date_gmt":"2020-07-20T22:42:10","guid":{"rendered":"https:\/\/informativoelvalledeaguascalientes.online\/?p=9225"},"modified":"2020-07-20T16:42:10","modified_gmt":"2020-07-20T22:42:10","slug":"en-el-primer-semestre-del-2020-se-registraron-3-mil-459-defunciones-290-menos-que-en-el-mismo-periodo-de-2019","status":"publish","type":"post","link":"https:\/\/informativoelvalledeaguascalientes.online\/?p=9225","title":{"rendered":"EN EL PRIMER SEMESTRE DEL 2020 SE REGISTRARON 3 MIL 459 DEFUNCIONES, 290 MENOS QUE EN EL MISMO PERIODO DE 2019"},"content":{"rendered":"<ul>\n<li style=\"font-weight: 400;\"><strong><em>Tambi\u00e9n se registraron 2 mil cuatro matrimonios, 856 divorcios, 25 adopciones y 270 reconocimientos de hijos<\/em><\/strong><\/li>\n<li style=\"font-weight: 400;\"><strong><em>La mayor\u00eda de los tr\u00e1mites presentan una baja debido a la disminuci\u00f3n de movilidad y la jornada nacional de sana distancia por la pandemia del COVID-19<\/em><\/strong><\/li>\n<\/ul>\n<p style=\"font-weight: 400;\"><strong><em>\u00a0<\/em><\/strong><\/p>\n<p style=\"font-weight: 400;\">Durante el primer semestre del 2020 se realizaron 3 mil 459 defunciones en el estado, 290 menos que en el mismo periodo pero del 2019, cuando se efectuaron 3 mil 749 decesos, de acuerdo a las cifras proporcionadas por la Direcci\u00f3n General del Registro Civil, en voz de su titular, Carmen Luc\u00eda Franco Ruiz Esparza, quien explic\u00f3 que en medio de la contingencia sanitaria por el COVID-19, el registro de defunciones fue uno de los tr\u00e1mites esenciales que se atendieron con regularidad.<\/p>\n<p style=\"font-weight: 400;\">\n<p style=\"font-weight: 400;\">Respecto al registro de nacimientos, la funcionaria estatal detall\u00f3 que de enero a junio del presente a\u00f1o, la cifra fue de 9 mil 711, que en el comparativo con el a\u00f1o anterior, la estad\u00edstica fue de 12 mil 387, cuyo comportamiento descendente obedece como en la mayor\u00eda de los tr\u00e1mites a la disminuci\u00f3n de la movilidad social y la jornada nacional de sana distancia por la pandemia actual.<\/p>\n<p style=\"font-weight: 400;\">\n<p style=\"font-weight: 400;\">Ruiz Esparza se\u00f1al\u00f3 que en el primer semestre de este a\u00f1o se celebraron 2 mil cuatro matrimonios, cifra menor al contrastarla con la propia del a\u00f1o anterior, que fue de 3 mil 179 ceremonias de matrimonio por el civil, mientras que las sentencias de divorcio que la dependencia inscribi\u00f3 fueron 856 contra las 1 mil 374 realizadas el a\u00f1o pasado.<\/p>\n<p style=\"font-weight: 400;\">\n<p style=\"font-weight: 400;\">En cuanto al n\u00famero de registros de inscripci\u00f3n de inserciones, en los primeros seis meses del a\u00f1o que corre, se efectuaron 241 contra 383 del mismo periodo pero del a\u00f1o pasado; en el apartado de reconocimiento de hijos, para el primer semestre del a\u00f1o la dependencia registr\u00f3 270, es decir, 167 menos que en 2019 cuando se levantaron 437, mientras que en el caso de las adopciones, se pudieron efectuar 25, n\u00famero inferior a las 54 realizadas el a\u00f1o anterior.<\/p>\n<p style=\"font-weight: 400;\">\n","protected":false},"excerpt":{"rendered":"<p>Tambi\u00e9n se registraron 2 mil cuatro matrimonios, 856 divorcios, 25 adopciones y 270 reconocimientos de hijos La mayor\u00eda de los tr\u00e1mites presentan una baja debido a la disminuci\u00f3n de movilidad y la jornada nacional de sana distancia por la pandemia del COVID-19 \u00a0 Durante el primer semestre del 2020 se realizaron 3 mil 459 defunciones [&hellip;]<\/p>\n","protected":false},"author":1,"featured_media":9226,"comment_status":"closed","ping_status":"open","sticky":false,"template":"","format":"standard","meta":{"advanced_seo_description":"","jetpack_seo_html_title":"","jetpack_seo_noindex":false,"_jetpack_memberships_contains_paid_content":false,"footnotes":"","jetpack_publicize_message":"","jetpack_publicize_feature_enabled":true,"jetpack_social_post_already_shared":true,"jetpack_social_options":{"image_generator_settings":{"template":"highway","default_image_id":0,"font":"","enabled":false},"version":2}},"categories":[21,4],"tags":[22,51],"class_list":["post-9225","post","type-post","status-publish","format-standard","has-post-thumbnail","hentry","category-aguascalientes","category-gobierno-del-estado-aguascalientes","tag-aguascalientes","tag-seggob"],"jetpack_publicize_connections":[],"jetpack_featured_media_url":"https:\/\/i0.wp.com\/informativoelvalledeaguascalientes.online\/wp-content\/uploads\/2020\/07\/seggob_20072020.jpg?fit=938%2C625&ssl=1","jetpack-related-posts":[],"jetpack_sharing_enabled":true,"jetpack_likes_enabled":true,"_links":{"self":[{"href":"https:\/\/informativoelvalledeaguascalientes.online\/index.php?rest_route=\/wp\/v2\/posts\/9225","targetHints":{"allow":["GET"]}}],"collection":[{"href":"https:\/\/informativoelvalledeaguascalientes.online\/index.php?rest_route=\/wp\/v2\/posts"}],"about":[{"href":"https:\/\/informativoelvalledeaguascalientes.online\/index.php?rest_route=\/wp\/v2\/types\/post"}],"author":[{"embeddable":true,"href":"https:\/\/informativoelvalledeaguascalientes.online\/index.php?rest_route=\/wp\/v2\/users\/1"}],"replies":[{"embeddable":true,"href":"https:\/\/informativoelvalledeaguascalientes.online\/index.php?rest_route=%2Fwp%2Fv2%2Fcomments&post=9225"}],"version-history":[{"count":1,"href":"https:\/\/informativoelvalledeaguascalientes.online\/index.php?rest_route=\/wp\/v2\/posts\/9225\/revisions"}],"predecessor-version":[{"id":9227,"href":"https:\/\/informativoelvalledeaguascalientes.online\/index.php?rest_route=\/wp\/v2\/posts\/9225\/revisions\/9227"}],"wp:featuredmedia":[{"embeddable":true,"href":"https:\/\/informativoelvalledeaguascalientes.online\/index.php?rest_route=\/wp\/v2\/media\/9226"}],"wp:attachment":[{"href":"https:\/\/informativoelvalledeaguascalientes.online\/index.php?rest_route=%2Fwp%2Fv2%2Fmedia&parent=9225"}],"wp:term":[{"taxonomy":"category","embeddable":true,"href":"https:\/\/informativoelvalledeaguascalientes.online\/index.php?rest_route=%2Fwp%2Fv2%2Fcategories&post=9225"},{"taxonomy":"post_tag","embeddable":true,"href":"https:\/\/informativoelvalledeaguascalientes.online\/index.php?rest_route=%2Fwp%2Fv2%2Ftags&post=9225"}],"curies":[{"name":"wp","href":"https:\/\/api.w.org\/{rel}","templated":true}]}}