{"id":9222,"date":"2020-07-20T16:26:16","date_gmt":"2020-07-20T22:26:16","guid":{"rendered":"https:\/\/informativoelvalledeaguascalientes.online\/?p=9222"},"modified":"2020-07-20T16:26:16","modified_gmt":"2020-07-20T22:26:16","slug":"registro-publico-de-la-propiedad-y-del-comercio-sostiene-reunion-con-sat","status":"publish","type":"post","link":"https:\/\/informativoelvalledeaguascalientes.online\/?p=9222","title":{"rendered":"REGISTRO P\u00daBLICO DE LA PROPIEDAD Y DEL COMERCIO SOSTIENE REUNI\u00d3N CON SAT"},"content":{"rendered":"<p style=\"font-weight: 400;\">El titular de la Secretar\u00eda de Gesti\u00f3n Urban\u00edstica, Ordenamiento Territorial, Registral y Catastral (Seguot), Armando Roque Cruz, junto con el Director de Registro P\u00fablico de la Propiedad y del Comercio (RPPC), Ignacio Delgado Mac\u00edas, sostuvieron una reuni\u00f3n con el administrador en\u00a0 Aguascalientes del Sistema de Administraci\u00f3n Tributaria (SAT), Jos\u00e9 Francisco Estrada Hern\u00e1ndez con el objetivo de corroborar detalles de los registros que obran en poder de esta dependencia estatal y con ello, continuar garantizando certeza jur\u00eddica a los aguascalentenses que solicitan la tramitaci\u00f3n de alg\u00fan servicio ante RPPC.<\/p>\n<p style=\"font-weight: 400;\">\n<p style=\"font-weight: 400;\">En este sentido Roque Cruz mencion\u00f3 que con estas acciones, se refrenda la visi\u00f3n de la actual administraci\u00f3n gubernamental encabezada por el Gobernador Mart\u00edn Orozco Sandoval, sobre la realizaci\u00f3n del ejercicio p\u00fablico apegada a los principios de legalidad.<\/p>\n<p style=\"font-weight: 400;\">\n<p style=\"font-weight: 400;\">Por su parte, Jos\u00e9 Francisco Estrada, celebr\u00f3 este acercamiento del que refrend\u00f3 su compromiso de mantenerlo vigente, ya que de esta continua comunicaci\u00f3n, se ver\u00e1n favorecidos todos los ciudadanos.<\/p>\n<p style=\"font-weight: 400;\">\u00a0<strong><em>\u00a0<\/em><\/strong><\/p>\n","protected":false},"excerpt":{"rendered":"<p>El titular de la Secretar\u00eda de Gesti\u00f3n Urban\u00edstica, Ordenamiento Territorial, Registral y Catastral (Seguot), Armando Roque Cruz, junto con el Director de Registro P\u00fablico de la Propiedad y del Comercio (RPPC), Ignacio Delgado Mac\u00edas, sostuvieron una reuni\u00f3n con el administrador en\u00a0 Aguascalientes del Sistema de Administraci\u00f3n Tributaria (SAT), Jos\u00e9 Francisco Estrada Hern\u00e1ndez con el objetivo [&hellip;]<\/p>\n","protected":false},"author":1,"featured_media":9223,"comment_status":"closed","ping_status":"open","sticky":false,"template":"","format":"standard","meta":{"advanced_seo_description":"","jetpack_seo_html_title":"","jetpack_seo_noindex":false,"_jetpack_memberships_contains_paid_content":false,"footnotes":"","jetpack_publicize_message":"","jetpack_publicize_feature_enabled":true,"jetpack_social_post_already_shared":true,"jetpack_social_options":{"image_generator_settings":{"template":"highway","default_image_id":0,"font":"","enabled":false},"version":2}},"categories":[21,4],"tags":[22,26],"class_list":["post-9222","post","type-post","status-publish","format-standard","has-post-thumbnail","hentry","category-aguascalientes","category-gobierno-del-estado-aguascalientes","tag-aguascalientes","tag-seguot"],"jetpack_publicize_connections":[],"jetpack_featured_media_url":"https:\/\/i0.wp.com\/informativoelvalledeaguascalientes.online\/wp-content\/uploads\/2020\/07\/seguot_sat_020072020.jpg?fit=935%2C625&ssl=1","jetpack-related-posts":[],"jetpack_sharing_enabled":true,"jetpack_likes_enabled":true,"_links":{"self":[{"href":"https:\/\/informativoelvalledeaguascalientes.online\/index.php?rest_route=\/wp\/v2\/posts\/9222","targetHints":{"allow":["GET"]}}],"collection":[{"href":"https:\/\/informativoelvalledeaguascalientes.online\/index.php?rest_route=\/wp\/v2\/posts"}],"about":[{"href":"https:\/\/informativoelvalledeaguascalientes.online\/index.php?rest_route=\/wp\/v2\/types\/post"}],"author":[{"embeddable":true,"href":"https:\/\/informativoelvalledeaguascalientes.online\/index.php?rest_route=\/wp\/v2\/users\/1"}],"replies":[{"embeddable":true,"href":"https:\/\/informativoelvalledeaguascalientes.online\/index.php?rest_route=%2Fwp%2Fv2%2Fcomments&post=9222"}],"version-history":[{"count":1,"href":"https:\/\/informativoelvalledeaguascalientes.online\/index.php?rest_route=\/wp\/v2\/posts\/9222\/revisions"}],"predecessor-version":[{"id":9224,"href":"https:\/\/informativoelvalledeaguascalientes.online\/index.php?rest_route=\/wp\/v2\/posts\/9222\/revisions\/9224"}],"wp:featuredmedia":[{"embeddable":true,"href":"https:\/\/informativoelvalledeaguascalientes.online\/index.php?rest_route=\/wp\/v2\/media\/9223"}],"wp:attachment":[{"href":"https:\/\/informativoelvalledeaguascalientes.online\/index.php?rest_route=%2Fwp%2Fv2%2Fmedia&parent=9222"}],"wp:term":[{"taxonomy":"category","embeddable":true,"href":"https:\/\/informativoelvalledeaguascalientes.online\/index.php?rest_route=%2Fwp%2Fv2%2Fcategories&post=9222"},{"taxonomy":"post_tag","embeddable":true,"href":"https:\/\/informativoelvalledeaguascalientes.online\/index.php?rest_route=%2Fwp%2Fv2%2Ftags&post=9222"}],"curies":[{"name":"wp","href":"https:\/\/api.w.org\/{rel}","templated":true}]}}