{"id":9210,"date":"2020-07-20T16:11:07","date_gmt":"2020-07-20T22:11:07","guid":{"rendered":"https:\/\/informativoelvalledeaguascalientes.online\/?p=9210"},"modified":"2020-07-20T16:11:07","modified_gmt":"2020-07-20T22:11:07","slug":"nombra-gobernador-a-manuel-cortina-reynoso-como-subsecretario-general-de-gobierno","status":"publish","type":"post","link":"https:\/\/informativoelvalledeaguascalientes.online\/?p=9210","title":{"rendered":"NOMBRA GOBERNADOR A MANUEL CORTINA REYNOSO COMO SUBSECRETARIO GENERAL DE GOBIERNO"},"content":{"rendered":"<ul>\n<li dir=\"ltr\">\n<p dir=\"ltr\">Experiencia pol\u00edtica y jur\u00eddica aportar\u00e1 en su nuevo encargo dentro del Gobierno Estatal.<\/p>\n<\/li>\n<li dir=\"ltr\">\n<p dir=\"ltr\">Juan Manuel Flores Femat da la bienvenida a Cortina Reynoso.<\/p>\n<\/li>\n<\/ul>\n<p>&nbsp;<\/p>\n<p dir=\"ltr\">El Gobernador del Estado Mart\u00edn Orozco Sandoval, design\u00f3 a Manuel Cortina Reynoso como subsecretario General de Gobierno, con el objetivo de fortalecer esta \u00e1rea del Gobierno Estatal, gracias a su experiencia jur\u00eddica y pol\u00edtica que permitir\u00e1 continuar con la l\u00ednea de legalidad y respeto al estado de derecho.<\/p>\n<p>&nbsp;<\/p>\n<p dir=\"ltr\">Al darle la bienvenida, el secretario General de Gobierno, Juan Manuel Flores Femat, expres\u00f3 que la encomienda del jefe del Ejecutivo es dar continuidad a una agenda gubernamental inclusiva con todos los sectores sociales y pol\u00edticos que enriquezca una interlocuci\u00f3n constructiva.<\/p>\n<p>&nbsp;<\/p>\n<p dir=\"ltr\">Destac\u00f3 que el subsecretario de Gobierno ha ocupado importantes cargos en el sector p\u00fablico como el de Secretario del Ayuntamiento y Director General de Gobierno en el municipio capital en dos ocasiones; adem\u00e1s, ha sido delegado de la Secretar\u00eda del Trabajo y Previsi\u00f3n Social.<\/p>\n<p>&nbsp;<\/p>\n<p dir=\"ltr\">Es abogado de profesi\u00f3n\u00a0 y su \u00faltimo encargo fue la rector\u00eda de la Universidad Santa Fe, Aguascalientes.<\/p>\n<p>&nbsp;<\/p>\n<p dir=\"ltr\">Flores Femat agradeci\u00f3 a Claudia Ortega Valadez su compromiso y labor durante el tiempo que estuvo al frente de la Subsecretar\u00eda de Gobierno, mencionando que a partir de esta fecha se incorporar\u00e1 a la Coordinaci\u00f3n General de Gabinete.<\/p>\n","protected":false},"excerpt":{"rendered":"<p>Experiencia pol\u00edtica y jur\u00eddica aportar\u00e1 en su nuevo encargo dentro del Gobierno Estatal. Juan Manuel Flores Femat da la bienvenida a Cortina Reynoso. &nbsp; El Gobernador del Estado Mart\u00edn Orozco Sandoval, design\u00f3 a Manuel Cortina Reynoso como subsecretario General de Gobierno, con el objetivo de fortalecer esta \u00e1rea del Gobierno Estatal, gracias a su experiencia [&hellip;]<\/p>\n","protected":false},"author":1,"featured_media":9211,"comment_status":"closed","ping_status":"open","sticky":false,"template":"","format":"standard","meta":{"advanced_seo_description":"","jetpack_seo_html_title":"","jetpack_seo_noindex":false,"_jetpack_memberships_contains_paid_content":false,"footnotes":"","jetpack_publicize_message":"","jetpack_publicize_feature_enabled":true,"jetpack_social_post_already_shared":true,"jetpack_social_options":{"image_generator_settings":{"template":"highway","default_image_id":0,"font":"","enabled":false},"version":2}},"categories":[21,4],"tags":[22,31,51],"class_list":["post-9210","post","type-post","status-publish","format-standard","has-post-thumbnail","hentry","category-aguascalientes","category-gobierno-del-estado-aguascalientes","tag-aguascalientes","tag-mos","tag-seggob"],"jetpack_publicize_connections":[],"jetpack_featured_media_url":"https:\/\/i0.wp.com\/informativoelvalledeaguascalientes.online\/wp-content\/uploads\/2020\/07\/seggob_mos_20072020.jpg?fit=1280%2C720&ssl=1","jetpack-related-posts":[],"jetpack_sharing_enabled":true,"jetpack_likes_enabled":true,"_links":{"self":[{"href":"https:\/\/informativoelvalledeaguascalientes.online\/index.php?rest_route=\/wp\/v2\/posts\/9210","targetHints":{"allow":["GET"]}}],"collection":[{"href":"https:\/\/informativoelvalledeaguascalientes.online\/index.php?rest_route=\/wp\/v2\/posts"}],"about":[{"href":"https:\/\/informativoelvalledeaguascalientes.online\/index.php?rest_route=\/wp\/v2\/types\/post"}],"author":[{"embeddable":true,"href":"https:\/\/informativoelvalledeaguascalientes.online\/index.php?rest_route=\/wp\/v2\/users\/1"}],"replies":[{"embeddable":true,"href":"https:\/\/informativoelvalledeaguascalientes.online\/index.php?rest_route=%2Fwp%2Fv2%2Fcomments&post=9210"}],"version-history":[{"count":1,"href":"https:\/\/informativoelvalledeaguascalientes.online\/index.php?rest_route=\/wp\/v2\/posts\/9210\/revisions"}],"predecessor-version":[{"id":9212,"href":"https:\/\/informativoelvalledeaguascalientes.online\/index.php?rest_route=\/wp\/v2\/posts\/9210\/revisions\/9212"}],"wp:featuredmedia":[{"embeddable":true,"href":"https:\/\/informativoelvalledeaguascalientes.online\/index.php?rest_route=\/wp\/v2\/media\/9211"}],"wp:attachment":[{"href":"https:\/\/informativoelvalledeaguascalientes.online\/index.php?rest_route=%2Fwp%2Fv2%2Fmedia&parent=9210"}],"wp:term":[{"taxonomy":"category","embeddable":true,"href":"https:\/\/informativoelvalledeaguascalientes.online\/index.php?rest_route=%2Fwp%2Fv2%2Fcategories&post=9210"},{"taxonomy":"post_tag","embeddable":true,"href":"https:\/\/informativoelvalledeaguascalientes.online\/index.php?rest_route=%2Fwp%2Fv2%2Ftags&post=9210"}],"curies":[{"name":"wp","href":"https:\/\/api.w.org\/{rel}","templated":true}]}}