{"id":921,"date":"2019-12-16T22:33:41","date_gmt":"2019-12-17T04:33:41","guid":{"rendered":"http:\/\/informativoelvalledeaguascalientes.online\/?p=921"},"modified":"2019-12-16T22:33:41","modified_gmt":"2019-12-17T04:33:41","slug":"gracias-a-un-esfuerzo-compartido-aguascalientes-se-encuentra-en-el-top-ten-de-calidad-educativa","status":"publish","type":"post","link":"https:\/\/informativoelvalledeaguascalientes.online\/?p=921","title":{"rendered":"GRACIAS A UN ESFUERZO COMPARTIDO, AGUASCALIENTES SE ENCUENTRA EN EL TOP TEN DE CALIDAD EDUCATIVA"},"content":{"rendered":"<ul>\n<li dir=\"ltr\">\n<p dir=\"ltr\">Mart\u00edn Orozco Sandoval asisti\u00f3 a la conmemoraci\u00f3n del Aniversario 80 de la Escuela Primaria Manuel Fern\u00e1ndez<\/p>\n<\/li>\n<li dir=\"ltr\">\n<p dir=\"ltr\">Se mantendr\u00e1n los esfuerzos para impulsar los conocimientos en temas de tecnolog\u00eda, biling\u00fcismo y educaci\u00f3n dual: MOS<\/p>\n<\/li>\n<\/ul>\n<p dir=\"ltr\">La educaci\u00f3n sigue siendo uno de los compromisos m\u00e1s importantes que tiene esta administraci\u00f3n, ya que formar ni\u00f1as y ni\u00f1os con buen nivel educativo les garantizar\u00e1 una mejor calidad de vida en el futuro; as\u00ed lo manifest\u00f3 el Gobernador del Estado, Mart\u00edn Orozco Sandoval al asistir a la conmemoraci\u00f3n del 80 Aniversario de la Escuela Primaria \u201cManuel Fern\u00e1ndez\u201d.<\/p>\n<p dir=\"ltr\">El mandatario resalt\u00f3 que gracias a las estrategias educativas que se llevan a cabo en la entidad, Aguascalientes se posiciona en el top ten a nivel nacional en cuanto a calidad educativa, resultado de un esfuerzo compartido entre el gobierno, el magisterio, los alumnos y sus familias.<\/p>\n<p dir=\"ltr\">Orozco Sandoval record\u00f3 que no basta con estos resultados, pues para que la entidad se mantenga a la vanguardia en el tema educativo, se deben continuar los esfuerzos para garantizar el aprendizaje de temas de tecnolog\u00eda y biling\u00fcismo, aunado al fortalecimiento de la educaci\u00f3n dual, con lo que se impulsar\u00e1 un mayor desarrollo econ\u00f3mico para el estado.<\/p>\n<p dir=\"ltr\">El Gobernador de la entidad dijo sentirse orgulloso del nivel educativo que existe en los planteles de Aguascalientes, por lo que felicit\u00f3 a los docentes que todos los d\u00edas trabajan con vocaci\u00f3n para formar a los mejores estudiantes y ciudadanos.<\/p>\n<p dir=\"ltr\">Finalmente, destac\u00f3 los retos a los que se enfrenta la educaci\u00f3n a nivel global, como el de fortalecer la lectura en todos los grados para reforzar los procesos de ense\u00f1anza-aprendizaje.<\/p>\n<p dir=\"ltr\">En su momento, la subdirectora de la Escuela Primaria \u201cManuel Fern\u00e1ndez\u201d, Laura Cecilia \u00c1vila Pedroza, resalt\u00f3 que la labor de esta escuela contribuye para tener un mejor Aguascalientes, fomentando en los alumnos valores como el compromiso, la unidad y el servicio.<\/p>\n<p dir=\"ltr\">Cabe se\u00f1alar que Mart\u00edn Orozco Sandoval tuvo la oportunidad de convivir con los estudiantes de la primaria Manuel Fern\u00e1ndez; adem\u00e1s, entreg\u00f3 un reconocimiento a la escuela por su aniversario n\u00famero 80 y realiz\u00f3 un homenaje a egresados y precursores de este plantel.<\/p>\n","protected":false},"excerpt":{"rendered":"<p>Mart\u00edn Orozco Sandoval asisti\u00f3 a la conmemoraci\u00f3n del Aniversario 80 de la Escuela Primaria Manuel Fern\u00e1ndez Se mantendr\u00e1n los esfuerzos para impulsar los conocimientos en temas de tecnolog\u00eda, biling\u00fcismo y educaci\u00f3n dual: MOS La educaci\u00f3n sigue siendo uno de los compromisos m\u00e1s importantes que tiene esta administraci\u00f3n, ya que formar ni\u00f1as y ni\u00f1os con buen [&hellip;]<\/p>\n","protected":false},"author":1,"featured_media":922,"comment_status":"open","ping_status":"open","sticky":false,"template":"","format":"standard","meta":{"advanced_seo_description":"","jetpack_seo_html_title":"","jetpack_seo_noindex":false,"_jetpack_memberships_contains_paid_content":false,"footnotes":"","jetpack_publicize_message":"","jetpack_publicize_feature_enabled":true,"jetpack_social_post_already_shared":false,"jetpack_social_options":{"image_generator_settings":{"template":"highway","default_image_id":0,"font":"","enabled":false},"version":2}},"categories":[21,4],"tags":[22,39,31],"class_list":["post-921","post","type-post","status-publish","format-standard","has-post-thumbnail","hentry","category-aguascalientes","category-gobierno-del-estado-aguascalientes","tag-aguascalientes","tag-iea","tag-mos"],"jetpack_publicize_connections":[],"jetpack_featured_media_url":"https:\/\/i0.wp.com\/informativoelvalledeaguascalientes.online\/wp-content\/uploads\/2019\/12\/mos_iea_16122019.jpg?fit=1280%2C487&ssl=1","jetpack-related-posts":[],"jetpack_sharing_enabled":true,"jetpack_likes_enabled":true,"_links":{"self":[{"href":"https:\/\/informativoelvalledeaguascalientes.online\/index.php?rest_route=\/wp\/v2\/posts\/921","targetHints":{"allow":["GET"]}}],"collection":[{"href":"https:\/\/informativoelvalledeaguascalientes.online\/index.php?rest_route=\/wp\/v2\/posts"}],"about":[{"href":"https:\/\/informativoelvalledeaguascalientes.online\/index.php?rest_route=\/wp\/v2\/types\/post"}],"author":[{"embeddable":true,"href":"https:\/\/informativoelvalledeaguascalientes.online\/index.php?rest_route=\/wp\/v2\/users\/1"}],"replies":[{"embeddable":true,"href":"https:\/\/informativoelvalledeaguascalientes.online\/index.php?rest_route=%2Fwp%2Fv2%2Fcomments&post=921"}],"version-history":[{"count":1,"href":"https:\/\/informativoelvalledeaguascalientes.online\/index.php?rest_route=\/wp\/v2\/posts\/921\/revisions"}],"predecessor-version":[{"id":923,"href":"https:\/\/informativoelvalledeaguascalientes.online\/index.php?rest_route=\/wp\/v2\/posts\/921\/revisions\/923"}],"wp:featuredmedia":[{"embeddable":true,"href":"https:\/\/informativoelvalledeaguascalientes.online\/index.php?rest_route=\/wp\/v2\/media\/922"}],"wp:attachment":[{"href":"https:\/\/informativoelvalledeaguascalientes.online\/index.php?rest_route=%2Fwp%2Fv2%2Fmedia&parent=921"}],"wp:term":[{"taxonomy":"category","embeddable":true,"href":"https:\/\/informativoelvalledeaguascalientes.online\/index.php?rest_route=%2Fwp%2Fv2%2Fcategories&post=921"},{"taxonomy":"post_tag","embeddable":true,"href":"https:\/\/informativoelvalledeaguascalientes.online\/index.php?rest_route=%2Fwp%2Fv2%2Ftags&post=921"}],"curies":[{"name":"wp","href":"https:\/\/api.w.org\/{rel}","templated":true}]}}