{"id":9197,"date":"2020-07-19T17:13:17","date_gmt":"2020-07-19T23:13:17","guid":{"rendered":"https:\/\/informativoelvalledeaguascalientes.online\/?p=9197"},"modified":"2020-07-19T17:13:17","modified_gmt":"2020-07-19T23:13:17","slug":"iniciara-ine-reapertura-gradual-de-modulos-de-atencion-ciudadana-a-partir-del-3-de-agosto","status":"publish","type":"post","link":"https:\/\/informativoelvalledeaguascalientes.online\/?p=9197","title":{"rendered":"Iniciar\u00e1 INE reapertura gradual de M\u00f3dulos de Atenci\u00f3n Ciudadana a partir del 3 de agosto"},"content":{"rendered":"<ul>\n<li style=\"font-weight: 400;\"><strong><em>\u00danicamente se atender\u00e1 a personas con previa cita<\/em><\/strong><\/li>\n<li><strong><em>Atenci\u00f3n exclusivamente para entrega de credenciales que se tramitaron previo al cierre de los m\u00f3dulos.<\/em><\/strong><\/li>\n<\/ul>\n<p style=\"font-weight: 400;\">A partir del 3 de agosto de 2020 el Instituto Nacional Electoral (INE) iniciar\u00e1 la apertura gradual de los M\u00f3dulos de Atenci\u00f3n Ciudadana (MAC), para reanudar de forma paulatina y ordenada los servicios que brinda la autoridad electoral a la ciudadan\u00eda.<\/p>\n<p style=\"font-weight: 400;\">El delegado del INE en Aguascalientes, Ignacio Ruelas Olvera, inform\u00f3 que a la fecha ya se cuenta con el 100% de la infraestructura para la operaci\u00f3n de los M\u00f3dulos fijos, y con un protocolo de actuaci\u00f3n revisado y autorizado por el Grupo Consultivo a nivel nacional y por el Instituto de Servicios de Salud del Estado de Aguascalientes (ISSEA).<\/p>\n<p style=\"font-weight: 400;\">Esta reapertura se har\u00e1 en dos etapas, en las cuales ser\u00e1 fundamental que la ciudadan\u00eda realice previamente la cita para su tr\u00e1mite. \u201cQueremos que la ciudadan\u00eda nos ayude a brindarles un servicio de calidad, priorizando la salud en todo momento, por lo que para cuidarnos entre todas y todos, s\u00f3lo se atender\u00e1 con cita y en cumplimiento estricto del Protocolo de sanidad\u201d.<\/p>\n<p style=\"font-weight: 400;\">En la primera etapa, que iniciar\u00e1 el pr\u00f3ximo 3 de agosto, se abrir\u00e1n los 9 m\u00f3dulos fijos con los que cuenta el INE en Aguascalientes, y se brindar\u00e1 atenci\u00f3n exclusivamente a las personas que tramitaron su Credencial para Votar y que por las condiciones de la emergencia sanitaria no pudieron recogerla.<\/p>\n<p style=\"font-weight: 400;\">Los m\u00f3dulos itinerantes permanecer\u00e1n fuera de operaci\u00f3n hasta nuevo aviso, pero las credenciales de las y los ciudadanos que realizaron su tr\u00e1mite en un m\u00f3dulo m\u00f3vil, estar\u00e1n disponibles en el MAC de Pabell\u00f3n de Arteaga y para su entrega ser\u00e1 indispensable que tambi\u00e9n hagan una cita.<\/p>\n<p style=\"font-weight: 400;\">Ruelas Olvera precis\u00f3 que en la entidad hay 10,491 credenciales disponibles para entrega, motivo por el que se dar\u00e1 prioridad a este servicio.<\/p>\n<p style=\"font-weight: 400;\"><strong>El sistema de citas quedar\u00e1 habilitado a partir del lunes 20 de julio en\u00a0<a href=\"http:\/\/www.ine.mx\/\" data-saferedirecturl=\"https:\/\/www.google.com\/url?q=http:\/\/www.ine.mx&amp;source=gmail&amp;ust=1595275718950000&amp;usg=AFQjCNGzyi6K82L9gsD1kjDA1mPhvSXE2Q\">www.ine.mx<\/a>\u00a0y v\u00eda telef\u00f3nica en INETEL 800 433 2000, para que la ciudadan\u00eda interesada en recoger su credencial haga su cita con oportunidad, ya que en ning\u00fan caso se atender\u00e1 sin cita previa.<\/strong><\/p>\n<p style=\"font-weight: 400;\">Posteriormente, a partir del partir del 17 de agosto, de manera adicional al tr\u00e1mite de entrega de credenciales, las personas mayores de 18 a\u00f1os podr\u00e1n agendar una cita para tramitar su Credencial por primera vez, realizar un cambio de domicilio o actualizaci\u00f3n de datos y renovar su mica por extrav\u00edo, robo o p\u00e9rdida de vigencia.<\/p>\n<p style=\"font-weight: 400;\">Tanto para el personal que labora en los M\u00f3dulos de Atenci\u00f3n Ciudadana como para quienes acudan a realizar alg\u00fan tr\u00e1mite, ser\u00e1\u00a0<strong>obligatorio<\/strong>\u00a0seguir el siguiente protocolo de sanidad:<\/p>\n<ul>\n<li style=\"font-weight: 400;\">Portar el cubrebocas en todo momento.<\/li>\n<li style=\"font-weight: 400;\">Permitir la toma de temperatura y la aplicaci\u00f3n de gel antibacterial al ingresar al m\u00f3dulo.<\/li>\n<li style=\"font-weight: 400;\">Acudir sin compa\u00f1\u00eda, a menos que la persona requiera de asistencia.<\/li>\n<\/ul>\n<p style=\"font-weight: 400;\">Adem\u00e1s, no se le permitir\u00e1 la entrada a los M\u00f3dulos de Atenci\u00f3n Ciudadana a personas que presenten alg\u00fan s\u00edntoma de enfermedad, sin cubrebocas o sin cita.<\/p>\n<p style=\"font-weight: 400;\">Para evitar contagios, no habr\u00e1 salas de espera en los M\u00f3dulos, por lo que las y los ciudadanos que acudan a realizar su tr\u00e1mite, deber\u00e1n llegar puntualmente a la hora de su cita.<\/p>\n<p style=\"font-weight: 400;\">Con la reapertura de los M\u00f3dulos de Atenci\u00f3n Ciudadana, el INE refrenda su compromiso con las y los ciudadanos de garantizar su derecho a la identidad a trav\u00e9s de la expedici\u00f3n de la Credencial para Votar.<\/p>\n<p style=\"font-weight: 400;\">Para conocer m\u00e1s detalles sobre el servicio de los m\u00f3dulos y los horarios de atenci\u00f3n, el Instituto pone a su disposici\u00f3n el sistema de ubicaci\u00f3n de m\u00f3dulos, el cual puede ser consultado en\u00a0<a href=\"http:\/\/ine.mx\/\" data-saferedirecturl=\"https:\/\/www.google.com\/url?q=http:\/\/ine.mx&amp;source=gmail&amp;ust=1595275718950000&amp;usg=AFQjCNFTtPD2xvnhmSTmEDc30QFQ99Od2w\">ine.mx<\/a>.<\/p>\n","protected":false},"excerpt":{"rendered":"<p>\u00danicamente se atender\u00e1 a personas con previa cita Atenci\u00f3n exclusivamente para entrega de credenciales que se tramitaron previo al cierre de los m\u00f3dulos. A partir del 3 de agosto de 2020 el Instituto Nacional Electoral (INE) iniciar\u00e1 la apertura gradual de los M\u00f3dulos de Atenci\u00f3n Ciudadana (MAC), para reanudar de forma paulatina y ordenada los [&hellip;]<\/p>\n","protected":false},"author":1,"featured_media":9198,"comment_status":"closed","ping_status":"open","sticky":false,"template":"","format":"standard","meta":{"advanced_seo_description":"","jetpack_seo_html_title":"","jetpack_seo_noindex":false,"_jetpack_memberships_contains_paid_content":false,"footnotes":"","jetpack_publicize_message":"","jetpack_publicize_feature_enabled":true,"jetpack_social_post_already_shared":true,"jetpack_social_options":{"image_generator_settings":{"template":"highway","default_image_id":0,"font":"","enabled":false},"version":2}},"categories":[21,19],"tags":[22,82,94],"class_list":["post-9197","post","type-post","status-publish","format-standard","has-post-thumbnail","hentry","category-aguascalientes","category-informacion-general","tag-aguascalientes","tag-ine","tag-ine-aguascalientes"],"jetpack_publicize_connections":[],"jetpack_featured_media_url":"https:\/\/i0.wp.com\/informativoelvalledeaguascalientes.online\/wp-content\/uploads\/2020\/07\/INE_190720.png?fit=1010%2C576&ssl=1","jetpack-related-posts":[],"jetpack_sharing_enabled":true,"jetpack_likes_enabled":true,"_links":{"self":[{"href":"https:\/\/informativoelvalledeaguascalientes.online\/index.php?rest_route=\/wp\/v2\/posts\/9197","targetHints":{"allow":["GET"]}}],"collection":[{"href":"https:\/\/informativoelvalledeaguascalientes.online\/index.php?rest_route=\/wp\/v2\/posts"}],"about":[{"href":"https:\/\/informativoelvalledeaguascalientes.online\/index.php?rest_route=\/wp\/v2\/types\/post"}],"author":[{"embeddable":true,"href":"https:\/\/informativoelvalledeaguascalientes.online\/index.php?rest_route=\/wp\/v2\/users\/1"}],"replies":[{"embeddable":true,"href":"https:\/\/informativoelvalledeaguascalientes.online\/index.php?rest_route=%2Fwp%2Fv2%2Fcomments&post=9197"}],"version-history":[{"count":1,"href":"https:\/\/informativoelvalledeaguascalientes.online\/index.php?rest_route=\/wp\/v2\/posts\/9197\/revisions"}],"predecessor-version":[{"id":9199,"href":"https:\/\/informativoelvalledeaguascalientes.online\/index.php?rest_route=\/wp\/v2\/posts\/9197\/revisions\/9199"}],"wp:featuredmedia":[{"embeddable":true,"href":"https:\/\/informativoelvalledeaguascalientes.online\/index.php?rest_route=\/wp\/v2\/media\/9198"}],"wp:attachment":[{"href":"https:\/\/informativoelvalledeaguascalientes.online\/index.php?rest_route=%2Fwp%2Fv2%2Fmedia&parent=9197"}],"wp:term":[{"taxonomy":"category","embeddable":true,"href":"https:\/\/informativoelvalledeaguascalientes.online\/index.php?rest_route=%2Fwp%2Fv2%2Fcategories&post=9197"},{"taxonomy":"post_tag","embeddable":true,"href":"https:\/\/informativoelvalledeaguascalientes.online\/index.php?rest_route=%2Fwp%2Fv2%2Ftags&post=9197"}],"curies":[{"name":"wp","href":"https:\/\/api.w.org\/{rel}","templated":true}]}}