{"id":9132,"date":"2020-07-17T20:58:49","date_gmt":"2020-07-18T02:58:49","guid":{"rendered":"https:\/\/informativoelvalledeaguascalientes.online\/?p=9132"},"modified":"2020-07-17T20:58:49","modified_gmt":"2020-07-18T02:58:49","slug":"ica-presenta-al-nuevo-director-titular-de-la-osa","status":"publish","type":"post","link":"https:\/\/informativoelvalledeaguascalientes.online\/?p=9132","title":{"rendered":"ICA PRESENTA AL NUEVO DIRECTOR TITULAR DE LA OSA"},"content":{"rendered":"<ul>\n<li><b>La OSA mantendr\u00e1 su oferta cultural, ahora a trav\u00e9s de un programa h\u00edbrido que contempla actividades combinadas entre lo presencial, lo virtual, lo televisivo y radiof\u00f3nico<\/b><\/li>\n<\/ul>\n<p>&nbsp;<\/p>\n<p>El Instituto Cultural de Aguascalientes se congratula en informar que la Orquesta Sinf\u00f3nica de Aguascalientes (OSA) cuenta con nuevo director titular, quien dar\u00e1 continuidad a los programas de la Orquesta y desarrollar\u00e1 proyectos estrat\u00e9gicos con la agrupaci\u00f3n durante las siguientes etapas de reactivaci\u00f3n sociocultural ante la actual contingencia sanitaria.<\/p>\n<p>&nbsp;<\/p>\n<p>Para la designaci\u00f3n del titular de la Orquesta, la Directora General del ICA, Claudia Santa Ana Zald\u00edvar, les hizo una atenta invitaci\u00f3n a las y los m\u00fasicos de la OSA para analizar diversas propuestas, solicit\u00e1ndoles que fueran parte del proceso de selecci\u00f3n del nuevo titular art\u00edstico, eso a trav\u00e9s de su Consejo T\u00e9cnico.<\/p>\n<p>&nbsp;<\/p>\n<p>Despu\u00e9s de una revisi\u00f3n minuciosa de diversos perfiles, la direcci\u00f3n general del ICA le comunic\u00f3 a la agrupaci\u00f3n sobre la decisi\u00f3n del nombramiento, informando que el reconocido pianista, acad\u00e9mico y director brasile\u00f1o Lanfranco Marcelletti es el nuevo Director Titular art\u00edstico, quien se integrar\u00e1 al equipo institucional a partir de septiembre del presente a\u00f1o.<\/p>\n<p>&nbsp;<\/p>\n<p>Lanfranco Marcelletti cuenta con una trayectoria muy s\u00f3lida, y es considerado uno de los directores m\u00e1s importantes de Latinoam\u00e9rica. Ha sido director de orquesta y \u00f3pera en Argentina, B\u00e9lgica, Chile, Espa\u00f1a, Estados Unidos, Inglaterra, Italia, M\u00e9xico, Polonia, Rusia y Brasil.<\/p>\n<p>&nbsp;<\/p>\n<p>El m\u00e1s reciente trabajo directivo del maestro Marcelletti fue con la Orquesta Sinf\u00f3nica de Xalapa, de 2012 a 2019, m\u00e1ximo periodo para la titularidad de esa agrupaci\u00f3n. En su amplia trayectoria ha sido reconocido con diversos premios y galardones en la escena internacional de la m\u00fasica orquestal.<\/p>\n<p>&nbsp;<\/p>\n<p>El pr\u00f3ximo plan de trabajo de la OSA contar\u00e1 con un programa h\u00edbrido con presentaciones virtuales, presenciales y televisadas, esto \u00faltimo con el apoyo de RyTA, mediante conciertos interpretados por las diversas secciones de la orquesta, en formatos especiales que atender\u00e1n un trabajo creativo, de adaptaci\u00f3n y de recuperaci\u00f3n del espacio p\u00fablico, en apego a las medidas de seguridad sanitaria.<\/p>\n<p>&nbsp;<\/p>\n<p>La OSA continuar\u00e1 ofreciendo conciertos y contenidos en plataformas virtuales, como parte del Programa Cultural Emergente ICAlternativo, con la finalidad de seguir brindando sus servicios a la poblaci\u00f3n y de alcanzar nuevos p\u00fablicos.<\/p>\n<p>&nbsp;<\/p>\n<p>Asimismo, el ICA comunica con gusto que, durante los meses de julio y agosto, el m\u00fasico y destacado director de orquesta Iv\u00e1n L\u00f3pez Reynoso trabajar\u00e1 estrechamente con la OSA, en calidad de Director Invitado, en un programa que contempla proyectos especiales como parte de la reactivaci\u00f3n gradual cultural.<\/p>\n<p>&nbsp;<\/p>\n","protected":false},"excerpt":{"rendered":"<p>La OSA mantendr\u00e1 su oferta cultural, ahora a trav\u00e9s de un programa h\u00edbrido que contempla actividades combinadas entre lo presencial, lo virtual, lo televisivo y radiof\u00f3nico &nbsp; El Instituto Cultural de Aguascalientes se congratula en informar que la Orquesta Sinf\u00f3nica de Aguascalientes (OSA) cuenta con nuevo director titular, quien dar\u00e1 continuidad a los programas de [&hellip;]<\/p>\n","protected":false},"author":1,"featured_media":9133,"comment_status":"closed","ping_status":"open","sticky":false,"template":"","format":"standard","meta":{"advanced_seo_description":"","jetpack_seo_html_title":"","jetpack_seo_noindex":false,"_jetpack_memberships_contains_paid_content":false,"footnotes":"","jetpack_publicize_message":"","jetpack_publicize_feature_enabled":true,"jetpack_social_post_already_shared":true,"jetpack_social_options":{"image_generator_settings":{"template":"highway","default_image_id":0,"font":"","enabled":false},"version":2}},"categories":[21,4],"tags":[22,52],"class_list":["post-9132","post","type-post","status-publish","format-standard","has-post-thumbnail","hentry","category-aguascalientes","category-gobierno-del-estado-aguascalientes","tag-aguascalientes","tag-ica"],"jetpack_publicize_connections":[],"jetpack_featured_media_url":"https:\/\/i0.wp.com\/informativoelvalledeaguascalientes.online\/wp-content\/uploads\/2020\/07\/ICA.jpg?fit=989%2C546&ssl=1","jetpack-related-posts":[],"jetpack_sharing_enabled":true,"jetpack_likes_enabled":true,"_links":{"self":[{"href":"https:\/\/informativoelvalledeaguascalientes.online\/index.php?rest_route=\/wp\/v2\/posts\/9132","targetHints":{"allow":["GET"]}}],"collection":[{"href":"https:\/\/informativoelvalledeaguascalientes.online\/index.php?rest_route=\/wp\/v2\/posts"}],"about":[{"href":"https:\/\/informativoelvalledeaguascalientes.online\/index.php?rest_route=\/wp\/v2\/types\/post"}],"author":[{"embeddable":true,"href":"https:\/\/informativoelvalledeaguascalientes.online\/index.php?rest_route=\/wp\/v2\/users\/1"}],"replies":[{"embeddable":true,"href":"https:\/\/informativoelvalledeaguascalientes.online\/index.php?rest_route=%2Fwp%2Fv2%2Fcomments&post=9132"}],"version-history":[{"count":1,"href":"https:\/\/informativoelvalledeaguascalientes.online\/index.php?rest_route=\/wp\/v2\/posts\/9132\/revisions"}],"predecessor-version":[{"id":9134,"href":"https:\/\/informativoelvalledeaguascalientes.online\/index.php?rest_route=\/wp\/v2\/posts\/9132\/revisions\/9134"}],"wp:featuredmedia":[{"embeddable":true,"href":"https:\/\/informativoelvalledeaguascalientes.online\/index.php?rest_route=\/wp\/v2\/media\/9133"}],"wp:attachment":[{"href":"https:\/\/informativoelvalledeaguascalientes.online\/index.php?rest_route=%2Fwp%2Fv2%2Fmedia&parent=9132"}],"wp:term":[{"taxonomy":"category","embeddable":true,"href":"https:\/\/informativoelvalledeaguascalientes.online\/index.php?rest_route=%2Fwp%2Fv2%2Fcategories&post=9132"},{"taxonomy":"post_tag","embeddable":true,"href":"https:\/\/informativoelvalledeaguascalientes.online\/index.php?rest_route=%2Fwp%2Fv2%2Ftags&post=9132"}],"curies":[{"name":"wp","href":"https:\/\/api.w.org\/{rel}","templated":true}]}}