{"id":9130,"date":"2020-07-17T20:40:55","date_gmt":"2020-07-18T02:40:55","guid":{"rendered":"https:\/\/informativoelvalledeaguascalientes.online\/?p=9130"},"modified":"2020-07-17T20:40:55","modified_gmt":"2020-07-18T02:40:55","slug":"memo-alaniz-respalda-plan-de-reactivacion-economica","status":"publish","type":"post","link":"https:\/\/informativoelvalledeaguascalientes.online\/?p=9130","title":{"rendered":"MEMO ALANIZ RESPALDA PLAN DE REACTIVACI\u00d3N ECON\u00d3MICA"},"content":{"rendered":"<p style=\"font-weight: 400;\">El Coordinador del GPPAN-PRD, en el Congreso del Estado, Guillermo Alaniz, respald\u00f3 el Plan de Reactivaci\u00f3n Econ\u00f3mica que anunci\u00f3 el Gobierno del Estado y que contempla, adem\u00e1s de la generaci\u00f3n de empleos, impulsar el consumo local, incrementar la competitividad y reactivar el turismo.<\/p>\n<p style=\"font-weight: 400;\">\n<p style=\"font-weight: 400;\">El legislador se\u00f1al\u00f3 que debido a los efectos negativos que ha causado la pandemia generada por el Coronavirus y que oblig\u00f3 a parar actividades, cerrar negocios e incluso cancelar la Feria Nacional de San Marcos, es necesario dar certeza a los aguascalentenses de que se podr\u00e1 salir adelante, y agreg\u00f3 que esta labor, exigir\u00e1 de un esfuerzo conjunto entre autoridades, empresarios, trabajadores y ciudadan\u00eda.<\/p>\n<p style=\"font-weight: 400;\">\n<p style=\"font-weight: 400;\">Alaniz de Le\u00f3n conf\u00eda en que a la brevedad puedan verse reflejados los primeros resultados positivos de este plan de reactivaci\u00f3n econ\u00f3mica.<\/p>\n","protected":false},"excerpt":{"rendered":"<p>El Coordinador del GPPAN-PRD, en el Congreso del Estado, Guillermo Alaniz, respald\u00f3 el Plan de Reactivaci\u00f3n Econ\u00f3mica que anunci\u00f3 el Gobierno del Estado y que contempla, adem\u00e1s de la generaci\u00f3n de empleos, impulsar el consumo local, incrementar la competitividad y reactivar el turismo. El legislador se\u00f1al\u00f3 que debido a los efectos negativos que ha causado [&hellip;]<\/p>\n","protected":false},"author":1,"featured_media":9128,"comment_status":"closed","ping_status":"open","sticky":false,"template":"","format":"standard","meta":{"advanced_seo_description":"","jetpack_seo_html_title":"","jetpack_seo_noindex":false,"_jetpack_memberships_contains_paid_content":false,"footnotes":"","jetpack_publicize_message":"","jetpack_publicize_feature_enabled":true,"jetpack_social_post_already_shared":true,"jetpack_social_options":{"image_generator_settings":{"template":"highway","default_image_id":0,"font":"","enabled":false},"version":2}},"categories":[21,5,7],"tags":[22,44],"class_list":["post-9130","post","type-post","status-publish","format-standard","has-post-thumbnail","hentry","category-aguascalientes","category-h-congreso-del-estado-aguascalientes","category-pan-aguascalientes","tag-aguascalientes","tag-lxiv-legislatura-aguascalientes"],"jetpack_publicize_connections":[],"jetpack_featured_media_url":"https:\/\/i0.wp.com\/informativoelvalledeaguascalientes.online\/wp-content\/uploads\/2020\/07\/memo.jpg?fit=356%2C336&ssl=1","jetpack-related-posts":[],"jetpack_sharing_enabled":true,"jetpack_likes_enabled":true,"_links":{"self":[{"href":"https:\/\/informativoelvalledeaguascalientes.online\/index.php?rest_route=\/wp\/v2\/posts\/9130","targetHints":{"allow":["GET"]}}],"collection":[{"href":"https:\/\/informativoelvalledeaguascalientes.online\/index.php?rest_route=\/wp\/v2\/posts"}],"about":[{"href":"https:\/\/informativoelvalledeaguascalientes.online\/index.php?rest_route=\/wp\/v2\/types\/post"}],"author":[{"embeddable":true,"href":"https:\/\/informativoelvalledeaguascalientes.online\/index.php?rest_route=\/wp\/v2\/users\/1"}],"replies":[{"embeddable":true,"href":"https:\/\/informativoelvalledeaguascalientes.online\/index.php?rest_route=%2Fwp%2Fv2%2Fcomments&post=9130"}],"version-history":[{"count":1,"href":"https:\/\/informativoelvalledeaguascalientes.online\/index.php?rest_route=\/wp\/v2\/posts\/9130\/revisions"}],"predecessor-version":[{"id":9131,"href":"https:\/\/informativoelvalledeaguascalientes.online\/index.php?rest_route=\/wp\/v2\/posts\/9130\/revisions\/9131"}],"wp:featuredmedia":[{"embeddable":true,"href":"https:\/\/informativoelvalledeaguascalientes.online\/index.php?rest_route=\/wp\/v2\/media\/9128"}],"wp:attachment":[{"href":"https:\/\/informativoelvalledeaguascalientes.online\/index.php?rest_route=%2Fwp%2Fv2%2Fmedia&parent=9130"}],"wp:term":[{"taxonomy":"category","embeddable":true,"href":"https:\/\/informativoelvalledeaguascalientes.online\/index.php?rest_route=%2Fwp%2Fv2%2Fcategories&post=9130"},{"taxonomy":"post_tag","embeddable":true,"href":"https:\/\/informativoelvalledeaguascalientes.online\/index.php?rest_route=%2Fwp%2Fv2%2Ftags&post=9130"}],"curies":[{"name":"wp","href":"https:\/\/api.w.org\/{rel}","templated":true}]}}