{"id":9103,"date":"2020-07-17T20:12:19","date_gmt":"2020-07-18T02:12:19","guid":{"rendered":"https:\/\/informativoelvalledeaguascalientes.online\/?p=9103"},"modified":"2020-07-17T20:12:19","modified_gmt":"2020-07-18T02:12:19","slug":"designa-el-gobernador-martin-orozco-sandoval-a-juan-antonio-hernandez-organista-comisionado-para-la-busqueda-de-personas","status":"publish","type":"post","link":"https:\/\/informativoelvalledeaguascalientes.online\/?p=9103","title":{"rendered":"DESIGNA EL GOBERNADOR MARTIN OROZCO SANDOVAL A JUAN ANTONIO HERN\u00c1NDEZ ORGANISTA COMISIONADO PARA LA B\u00daSQUEDA DE PERSONAS"},"content":{"rendered":"<ul>\n<li dir=\"ltr\">\n<p dir=\"ltr\">Mart\u00edn Orozco Sandoval entreg\u00f3 su nombramiento acompa\u00f1ado del secretario general de Gobierno<\/p>\n<\/li>\n<li dir=\"ltr\">\n<p dir=\"ltr\">Maestro en Criminal\u00edstica y doctorante en Ciencias Forenses, tiene experiencia en derechos humanos y seguridad p\u00fablica<\/p>\n<\/li>\n<li dir=\"ltr\">\n<p dir=\"ltr\">En tiempo y forma se cumple con la creaci\u00f3n de la Comisi\u00f3n Estatal de B\u00fasqueda de Personas y la designaci\u00f3n del titular<\/p>\n<\/li>\n<li dir=\"ltr\">\n<p dir=\"ltr\">Trabajo conjunto con asociaciones civiles, Comisi\u00f3n Estatal de Derechos Humanos y Fiscal\u00eda General del Estado<\/p>\n<\/li>\n<\/ul>\n<p dir=\"ltr\">Luego de dialogar y trabajar con agrupaciones de la sociedad civil organizada, la Comisi\u00f3n Estatal de Derechos Humanos y la Fiscal\u00eda General del Estado, el gobernador del Estado, Mart\u00edn Orozco Sandoval, design\u00f3 comisionado estatal para la B\u00fasqueda de Personas a Juan Antonio Hern\u00e1ndez Organista, por ser el perfil m\u00e1s id\u00f3neo debido a su experiencia y formaci\u00f3n acad\u00e9mica.<\/p>\n<p dir=\"ltr\">Acompa\u00f1ado por el secretario General de Gobierno, Juan Manuel Flores Femat, el mandatario estatal entreg\u00f3 el nombramiento a Hern\u00e1ndez Organista, quien trabajar\u00e1 para conformar y consolidar este \u00f3rgano.<\/p>\n<p dir=\"ltr\">La Comisi\u00f3n Estatal de B\u00fasqueda de Personas es uno de los ejes de la agenda estatal de derechos humanos que impulsa la administraci\u00f3n estatal, para garantizar la protecci\u00f3n integral de los derechos de las personas desaparecidas hasta que se conozca su paradero, as\u00ed como la atenci\u00f3n, la asistencia, la protecci\u00f3n, y en su caso, la reparaci\u00f3n integral y las garant\u00edas de no repetici\u00f3n.<\/p>\n<p dir=\"ltr\">En tiempo y forma, se ha da cumplimiento a este importante tema de la agenda gubernamental, toda vez que ha quedado constituida la Comisi\u00f3n Estatal de B\u00fasqueda de Personas en el plazo y t\u00e9rmino que marca el decreto con fecha 29 de junio, para su creaci\u00f3n; para la operaci\u00f3n de esta instancia, se tiene contemplada una partida presupuestal que el Congreso del Estado autoriz\u00f3 en el decreto de presupuesto de egresos para el ejercicio 2020.<\/p>\n<p dir=\"ltr\">Hern\u00e1ndez Organista es maestro en Criminal\u00edstica, doctorante en Ciencias Forenses y licenciado en Psicolog\u00eda, cuenta con experiencia profesional en la Secretar\u00eda de Seguridad P\u00fablica del Municipio de Aguascalientes y el Instituto Estatal de Seguridad P\u00fablica del Estado de Aguascalientes, adem\u00e1s de contar con cursos y especializaci\u00f3n en Entrenamiento para la Investigaci\u00f3n Criminal y Drogas por parte de la DEA, y seminarios sobre Educaci\u00f3n para la Paz y los Derechos Humanos.<\/p>\n","protected":false},"excerpt":{"rendered":"<p>Mart\u00edn Orozco Sandoval entreg\u00f3 su nombramiento acompa\u00f1ado del secretario general de Gobierno Maestro en Criminal\u00edstica y doctorante en Ciencias Forenses, tiene experiencia en derechos humanos y seguridad p\u00fablica En tiempo y forma se cumple con la creaci\u00f3n de la Comisi\u00f3n Estatal de B\u00fasqueda de Personas y la designaci\u00f3n del titular Trabajo conjunto con asociaciones civiles, [&hellip;]<\/p>\n","protected":false},"author":1,"featured_media":9104,"comment_status":"closed","ping_status":"open","sticky":false,"template":"","format":"standard","meta":{"advanced_seo_description":"","jetpack_seo_html_title":"","jetpack_seo_noindex":false,"_jetpack_memberships_contains_paid_content":false,"footnotes":"","jetpack_publicize_message":"","jetpack_publicize_feature_enabled":true,"jetpack_social_post_already_shared":true,"jetpack_social_options":{"image_generator_settings":{"template":"highway","default_image_id":0,"font":"","enabled":false},"version":2}},"categories":[21,4],"tags":[22,283,31,51],"class_list":["post-9103","post","type-post","status-publish","format-standard","has-post-thumbnail","hentry","category-aguascalientes","category-gobierno-del-estado-aguascalientes","tag-aguascalientes","tag-cebp","tag-mos","tag-seggob"],"jetpack_publicize_connections":[],"jetpack_featured_media_url":"https:\/\/i0.wp.com\/informativoelvalledeaguascalientes.online\/wp-content\/uploads\/2020\/07\/mos_seggob_cebp_17072020.jpg?fit=1280%2C727&ssl=1","jetpack-related-posts":[],"jetpack_sharing_enabled":true,"jetpack_likes_enabled":true,"_links":{"self":[{"href":"https:\/\/informativoelvalledeaguascalientes.online\/index.php?rest_route=\/wp\/v2\/posts\/9103","targetHints":{"allow":["GET"]}}],"collection":[{"href":"https:\/\/informativoelvalledeaguascalientes.online\/index.php?rest_route=\/wp\/v2\/posts"}],"about":[{"href":"https:\/\/informativoelvalledeaguascalientes.online\/index.php?rest_route=\/wp\/v2\/types\/post"}],"author":[{"embeddable":true,"href":"https:\/\/informativoelvalledeaguascalientes.online\/index.php?rest_route=\/wp\/v2\/users\/1"}],"replies":[{"embeddable":true,"href":"https:\/\/informativoelvalledeaguascalientes.online\/index.php?rest_route=%2Fwp%2Fv2%2Fcomments&post=9103"}],"version-history":[{"count":1,"href":"https:\/\/informativoelvalledeaguascalientes.online\/index.php?rest_route=\/wp\/v2\/posts\/9103\/revisions"}],"predecessor-version":[{"id":9105,"href":"https:\/\/informativoelvalledeaguascalientes.online\/index.php?rest_route=\/wp\/v2\/posts\/9103\/revisions\/9105"}],"wp:featuredmedia":[{"embeddable":true,"href":"https:\/\/informativoelvalledeaguascalientes.online\/index.php?rest_route=\/wp\/v2\/media\/9104"}],"wp:attachment":[{"href":"https:\/\/informativoelvalledeaguascalientes.online\/index.php?rest_route=%2Fwp%2Fv2%2Fmedia&parent=9103"}],"wp:term":[{"taxonomy":"category","embeddable":true,"href":"https:\/\/informativoelvalledeaguascalientes.online\/index.php?rest_route=%2Fwp%2Fv2%2Fcategories&post=9103"},{"taxonomy":"post_tag","embeddable":true,"href":"https:\/\/informativoelvalledeaguascalientes.online\/index.php?rest_route=%2Fwp%2Fv2%2Ftags&post=9103"}],"curies":[{"name":"wp","href":"https:\/\/api.w.org\/{rel}","templated":true}]}}