{"id":9100,"date":"2020-07-17T20:09:03","date_gmt":"2020-07-18T02:09:03","guid":{"rendered":"https:\/\/informativoelvalledeaguascalientes.online\/?p=9100"},"modified":"2020-07-17T20:09:03","modified_gmt":"2020-07-18T02:09:03","slug":"utna-representa-a-las-universidades-tecnologicas-a-nivel-regional-durante-webinar-organizado-por-conalep","status":"publish","type":"post","link":"https:\/\/informativoelvalledeaguascalientes.online\/?p=9100","title":{"rendered":"UTNA REPRESENTA A LAS UNIVERSIDADES TECNOL\u00d3GICAS A NIVEL REGIONAL DURANTE WEBINAR ORGANIZADO POR CONALEP"},"content":{"rendered":"<ul>\n<li style=\"font-weight: 400;\"><em>Universidades Tecnol\u00f3gicas son una opci\u00f3n educativa de calidad para\u00a0 j\u00f3venes de la regi\u00f3n Centro-Occidente del Pa\u00eds<\/em><\/li>\n<li style=\"font-weight: 400;\"><em>Siete de cada 10 egresados se incorporan al mercado laboral en menos de seis meses.<\/em><\/li>\n<\/ul>\n<p style=\"font-weight: 400;\">\n<p style=\"font-weight: 400;\">Con el fin de dar a conocer la oferta educativa de las Universidades Tecnol\u00f3gicas de la Regi\u00f3n IV del Pa\u00eds, la Universidad Tecnol\u00f3gica del Norte de Aguascalientes (UTNA) particip\u00f3 en el Webinar: \u201cProyecto de Vida y Carrera CONALEP\u201d, donde tambi\u00e9n se dieron cita representantes del Tecnol\u00f3gico Nacional de M\u00e9xico y del Subsistema de Universidades Polit\u00e9cnicas.<\/p>\n<p style=\"font-weight: 400;\">\n<p style=\"font-weight: 400;\">La Maestra Mar\u00eda Ang\u00e9lica Mart\u00ednez D\u00edaz, Rectora de la UTNA,\u00a0 subray\u00f3 la importancia de mostrar la gama de posibilidades con que cuentan los j\u00f3venes para elegir carrera dentro de una Universidad Tecnol\u00f3gica, como la UTNA,\u00a0 puesto que asegura la continuidad de sus estudios con calidad e innovaci\u00f3n acad\u00e9mica, facilitando su pronta inserci\u00f3n\u00a0 al mercado laboral.<\/p>\n<p style=\"font-weight: 400;\">\n<p style=\"font-weight: 400;\">Durante la transmisi\u00f3n en l\u00ednea se vieron beneficiados 499 j\u00f3venes de bachillerato, quienes se encuentran en proceso de conocer y elegir la universidad en la que continuar\u00e1n sus estudios.<\/p>\n<p style=\"font-weight: 400;\">\n<p style=\"font-weight: 400;\">Ante ellos, se dieron a conocer las carreras de las 20 UT que conforman la regi\u00f3n IV del Pa\u00eds, integrada por Aguascalientes, Michoac\u00e1n, Jalisco, Colima, Guanajuato y Quer\u00e9taro; as\u00ed como los apoyos de becas, movilidad estudiantil nacional e internacional,\u00a0 alternativas de transporte y los procesos de admisi\u00f3n que\u00a0 deben seguir los aspirantes.<\/p>\n<p style=\"font-weight: 400;\">\n<p style=\"font-weight: 400;\">Finalmente Mart\u00ednez D\u00edaz dej\u00f3 abierta la invitaci\u00f3n a los alumnos pr\u00f3ximos a egresar del CONALEP para formar parte de la comunidad universitaria UTNA y agradeci\u00f3 a dicha instituci\u00f3n la invitaci\u00f3n a participar en la serie de Webinars: Proyecto de Vida y Carrera CONALEP.<\/p>\n<p style=\"font-weight: 400;\">\n<p style=\"font-weight: 400;\">\n","protected":false},"excerpt":{"rendered":"<p>Universidades Tecnol\u00f3gicas son una opci\u00f3n educativa de calidad para\u00a0 j\u00f3venes de la regi\u00f3n Centro-Occidente del Pa\u00eds Siete de cada 10 egresados se incorporan al mercado laboral en menos de seis meses. Con el fin de dar a conocer la oferta educativa de las Universidades Tecnol\u00f3gicas de la Regi\u00f3n IV del Pa\u00eds, la Universidad Tecnol\u00f3gica del [&hellip;]<\/p>\n","protected":false},"author":1,"featured_media":9101,"comment_status":"closed","ping_status":"open","sticky":false,"template":"","format":"standard","meta":{"advanced_seo_description":"","jetpack_seo_html_title":"","jetpack_seo_noindex":false,"_jetpack_memberships_contains_paid_content":false,"footnotes":"","jetpack_publicize_message":"","jetpack_publicize_feature_enabled":true,"jetpack_social_post_already_shared":true,"jetpack_social_options":{"image_generator_settings":{"template":"highway","default_image_id":0,"font":"","enabled":false},"version":2}},"categories":[21,4],"tags":[22,48],"class_list":["post-9100","post","type-post","status-publish","format-standard","has-post-thumbnail","hentry","category-aguascalientes","category-gobierno-del-estado-aguascalientes","tag-aguascalientes","tag-utna"],"jetpack_publicize_connections":[],"jetpack_featured_media_url":"https:\/\/i0.wp.com\/informativoelvalledeaguascalientes.online\/wp-content\/uploads\/2020\/07\/utna_17072020.jpg?fit=1035%2C582&ssl=1","jetpack-related-posts":[],"jetpack_sharing_enabled":true,"jetpack_likes_enabled":true,"_links":{"self":[{"href":"https:\/\/informativoelvalledeaguascalientes.online\/index.php?rest_route=\/wp\/v2\/posts\/9100","targetHints":{"allow":["GET"]}}],"collection":[{"href":"https:\/\/informativoelvalledeaguascalientes.online\/index.php?rest_route=\/wp\/v2\/posts"}],"about":[{"href":"https:\/\/informativoelvalledeaguascalientes.online\/index.php?rest_route=\/wp\/v2\/types\/post"}],"author":[{"embeddable":true,"href":"https:\/\/informativoelvalledeaguascalientes.online\/index.php?rest_route=\/wp\/v2\/users\/1"}],"replies":[{"embeddable":true,"href":"https:\/\/informativoelvalledeaguascalientes.online\/index.php?rest_route=%2Fwp%2Fv2%2Fcomments&post=9100"}],"version-history":[{"count":1,"href":"https:\/\/informativoelvalledeaguascalientes.online\/index.php?rest_route=\/wp\/v2\/posts\/9100\/revisions"}],"predecessor-version":[{"id":9102,"href":"https:\/\/informativoelvalledeaguascalientes.online\/index.php?rest_route=\/wp\/v2\/posts\/9100\/revisions\/9102"}],"wp:featuredmedia":[{"embeddable":true,"href":"https:\/\/informativoelvalledeaguascalientes.online\/index.php?rest_route=\/wp\/v2\/media\/9101"}],"wp:attachment":[{"href":"https:\/\/informativoelvalledeaguascalientes.online\/index.php?rest_route=%2Fwp%2Fv2%2Fmedia&parent=9100"}],"wp:term":[{"taxonomy":"category","embeddable":true,"href":"https:\/\/informativoelvalledeaguascalientes.online\/index.php?rest_route=%2Fwp%2Fv2%2Fcategories&post=9100"},{"taxonomy":"post_tag","embeddable":true,"href":"https:\/\/informativoelvalledeaguascalientes.online\/index.php?rest_route=%2Fwp%2Fv2%2Ftags&post=9100"}],"curies":[{"name":"wp","href":"https:\/\/api.w.org\/{rel}","templated":true}]}}