{"id":9084,"date":"2020-07-16T14:21:13","date_gmt":"2020-07-16T20:21:13","guid":{"rendered":"https:\/\/informativoelvalledeaguascalientes.online\/?p=9084"},"modified":"2020-07-16T14:21:13","modified_gmt":"2020-07-16T20:21:13","slug":"se-reune-jaal-con-dirigentes-empresariales-con-el-objetivo-de-impulsar-la-economia-de-jm","status":"publish","type":"post","link":"https:\/\/informativoelvalledeaguascalientes.online\/?p=9084","title":{"rendered":"SE RE\u00daNE JAAL CON DIRIGENTES EMPRESARIALES CON EL OBJETIVO DE IMPULSAR LA ECONOM\u00cdA DE JM"},"content":{"rendered":"<p>\u2022 La situaci\u00f3n econ\u00f3mica y sanitaria exige de manera determinante dar un paso adelante y apoyar: empresarios.<\/p>\n<p>&nbsp;<\/p>\n<p>El presidente municipal de Jes\u00fas Mar\u00eda, Jos\u00e9 Antonio Ar\u00e1mbula L\u00f3pez, recibi\u00f3 la visita de dirigentes de algunas c\u00e1maras empresariales, con el objetivo de impulsar de manera conjunta proyectos que potencien la econom\u00eda de Jes\u00fas Mar\u00eda.<\/p>\n<p>Ar\u00e1mbula L\u00f3pez, acompa\u00f1ado del secretario de Desarrollo Econ\u00f3mico del Municipio, J. Guadalupe Valtierra P\u00e9rez; indic\u00f3 que con esta reuni\u00f3n se busca sentar las bases para un proyecto de vinculaci\u00f3n entre la Central de Abastos Vi\u00f1edos San Marcos y el Parque Chichimeco II, a fin de potenciar al sector econ\u00f3mico del municipio.<\/p>\n<p>La comitiva empresarial estuvo encabezada por Salvador Sebasti\u00e1n Mauricio, presidente de la Central de Abastos Vi\u00f1edos San Marcos y vicepresidente de la CONCANACO, acompa\u00f1ado de Luis Miguel Renter\u00eda Arias tesorero de la Central de Abastos Vi\u00f1edos San Marcos y vicepresidente de la CONACCA; Mario Rivero C\u00e1ceres director ejecutivo de la Central de Abastos Vi\u00f1edos San Marcos; y Alejandro L\u00f3pez L\u00f3pez, director del Proyecto del Parque Industrial Chichimeco II.<\/p>\n<p>El primer edil dijo que se pretende establecer un corredor industrial y comercial que beneficie al empresariado local, as\u00ed como a la poblaci\u00f3n en general, pues esto representar\u00eda oportunidades laborales para los jesumarienses.<\/p>\n<p>En ese sentido Salvador Sebasti\u00e1n Mauricio destac\u00f3 la necesidad de establecer una alianza estrat\u00e9gica entre iniciativa privada y gobierno municipal, \u201cla situaci\u00f3n que atravesamos en este momento, tanto econ\u00f3mica como sanitaria, exige de manera determinante dar un paso adelante para apoyar a un sector que hoy en d\u00eda representa una de las alternativas de mayor impacto que es el comercio, para la econom\u00eda de este importante municipio del Estado de Aguascalientes\u201d afirm\u00f3, luego de agradecer la disposici\u00f3n del alcalde para sumarse a este proyecto.<\/p>\n<p>Finalmente To\u00f1o Ar\u00e1mbula se dijo contento de que el sector empresarial, concretamente el comercial ponga ojos en Jes\u00fas Mar\u00eda para seguir creciendo, pues al contar con m\u00e1s empresas instaladas en este territorio, m\u00e1s posibilidades de desarrollo y crecimiento tiene su poblaci\u00f3n, \u201cvamos a hacer todo para atraer a m\u00e1s empresas al municipio y que de esta forma nos convirtamos en uno de los polos econ\u00f3micos m\u00e1s importantes del estado\u201d, asegur\u00f3 el alcalde.<\/p>\n","protected":false},"excerpt":{"rendered":"<p>\u2022 La situaci\u00f3n econ\u00f3mica y sanitaria exige de manera determinante dar un paso adelante y apoyar: empresarios. &nbsp; El presidente municipal de Jes\u00fas Mar\u00eda, Jos\u00e9 Antonio Ar\u00e1mbula L\u00f3pez, recibi\u00f3 la visita de dirigentes de algunas c\u00e1maras empresariales, con el objetivo de impulsar de manera conjunta proyectos que potencien la econom\u00eda de Jes\u00fas Mar\u00eda. Ar\u00e1mbula L\u00f3pez, [&hellip;]<\/p>\n","protected":false},"author":1,"featured_media":9085,"comment_status":"closed","ping_status":"open","sticky":false,"template":"","format":"standard","meta":{"advanced_seo_description":"","jetpack_seo_html_title":"","jetpack_seo_noindex":false,"_jetpack_memberships_contains_paid_content":false,"footnotes":"","jetpack_publicize_message":"","jetpack_publicize_feature_enabled":true,"jetpack_social_post_already_shared":true,"jetpack_social_options":{"image_generator_settings":{"template":"highway","default_image_id":0,"font":"","enabled":false},"version":2}},"categories":[21,14],"tags":[22,45],"class_list":["post-9084","post","type-post","status-publish","format-standard","has-post-thumbnail","hentry","category-aguascalientes","category-jesus-maria-aguascalientes","tag-aguascalientes","tag-jesus-maria-aguascalientes"],"jetpack_publicize_connections":[],"jetpack_featured_media_url":"https:\/\/i0.wp.com\/informativoelvalledeaguascalientes.online\/wp-content\/uploads\/2020\/07\/jm_ags_16072020.jpg?fit=1024%2C683&ssl=1","jetpack-related-posts":[],"jetpack_sharing_enabled":true,"jetpack_likes_enabled":true,"_links":{"self":[{"href":"https:\/\/informativoelvalledeaguascalientes.online\/index.php?rest_route=\/wp\/v2\/posts\/9084","targetHints":{"allow":["GET"]}}],"collection":[{"href":"https:\/\/informativoelvalledeaguascalientes.online\/index.php?rest_route=\/wp\/v2\/posts"}],"about":[{"href":"https:\/\/informativoelvalledeaguascalientes.online\/index.php?rest_route=\/wp\/v2\/types\/post"}],"author":[{"embeddable":true,"href":"https:\/\/informativoelvalledeaguascalientes.online\/index.php?rest_route=\/wp\/v2\/users\/1"}],"replies":[{"embeddable":true,"href":"https:\/\/informativoelvalledeaguascalientes.online\/index.php?rest_route=%2Fwp%2Fv2%2Fcomments&post=9084"}],"version-history":[{"count":1,"href":"https:\/\/informativoelvalledeaguascalientes.online\/index.php?rest_route=\/wp\/v2\/posts\/9084\/revisions"}],"predecessor-version":[{"id":9086,"href":"https:\/\/informativoelvalledeaguascalientes.online\/index.php?rest_route=\/wp\/v2\/posts\/9084\/revisions\/9086"}],"wp:featuredmedia":[{"embeddable":true,"href":"https:\/\/informativoelvalledeaguascalientes.online\/index.php?rest_route=\/wp\/v2\/media\/9085"}],"wp:attachment":[{"href":"https:\/\/informativoelvalledeaguascalientes.online\/index.php?rest_route=%2Fwp%2Fv2%2Fmedia&parent=9084"}],"wp:term":[{"taxonomy":"category","embeddable":true,"href":"https:\/\/informativoelvalledeaguascalientes.online\/index.php?rest_route=%2Fwp%2Fv2%2Fcategories&post=9084"},{"taxonomy":"post_tag","embeddable":true,"href":"https:\/\/informativoelvalledeaguascalientes.online\/index.php?rest_route=%2Fwp%2Fv2%2Ftags&post=9084"}],"curies":[{"name":"wp","href":"https:\/\/api.w.org\/{rel}","templated":true}]}}