{"id":9081,"date":"2020-07-16T14:00:10","date_gmt":"2020-07-16T20:00:10","guid":{"rendered":"https:\/\/informativoelvalledeaguascalientes.online\/?p=9081"},"modified":"2020-07-16T14:00:10","modified_gmt":"2020-07-16T20:00:10","slug":"invierte-tere-jimenez-4-5-millones-de-pesos-en-rehabilitacion-de-la-calle-union","status":"publish","type":"post","link":"https:\/\/informativoelvalledeaguascalientes.online\/?p=9081","title":{"rendered":"INVIERTE TERE JIM\u00c9NEZ 4.5 MILLONES DE PESOS EN REHABILITACI\u00d3N DE LA CALLE UNI\u00d3N"},"content":{"rendered":"<div class=\"opinion-section opinion-single-cover opinion-indent opinion-overlay\">\n<div class=\"container\">\n<div class=\"section-head row justify-content-center text-center\"><\/div>\n<\/div>\n<\/div>\n<div class=\"opinion-section\">\n<div class=\"container\">\n<div class=\"section-content row justify-content-center\">\n<div class=\"col-12 col-lg-8 opinion-order-1\">\n<article class=\"opinion-post opinion-single post-18446 post type-post status-publish format-standard has-post-thumbnail hentry category-obras-publicas tag-ampliacion-de-banquetas tag-calle-union tag-centro-historico-de-la-ciudad tag-marco-antonio-licon-davila tag-rehabilitacion\">\n<div class=\"entry-content\">\n<ul>\n<li><strong>Con estas obras se brinda accesibilidad y seguridad para la poblaci\u00f3n, adem\u00e1s de que contribuyen a la reactivaci\u00f3n econ\u00f3mica del centro de la ciudad<\/strong><\/li>\n<\/ul>\n<p>La administraci\u00f3n de la alcaldesa\u00a0<strong>Tere Jim\u00e9nez<\/strong>\u00a0ha emprendido acciones para mejorar la imagen urbana y la movilidad del centro hist\u00f3rico de la ciudad, lo que contribuir\u00e1 tambi\u00e9n a reactivar la econom\u00eda de la zona.<\/p>\n<p><strong>Marco Antonio Lic\u00f3n D\u00e1vila<\/strong>\u00a0titular de la Secretar\u00eda de Obras P\u00fablicas Municipales (SOPMA), inform\u00f3 que como parte de este proyecto se ha destinado una inversi\u00f3n de alrededor de 4.5 millones de pesos para la realizaci\u00f3n de diversas obras en la calle Uni\u00f3n.<\/p>\n<p>Detall\u00f3 que se corrigi\u00f3 la fisura entre la losa del estacionamiento del Mercado Ter\u00e1n y la vialidad, desde la calle Ju\u00e1rez hasta 5 de mayo, esto con el fin de evitar las inundaciones que estaban afectando al estacionamiento; asimismo se realizaron trabajos de colado de las guarniciones.<\/p>\n<p>Actualmente se est\u00e1 realizando la ampliaci\u00f3n de la banqueta del lado sur para dar mayor seguridad a los peatones que caminan por esta calle; adem\u00e1s se contempla la rectificaci\u00f3n y correcci\u00f3n de la sobre carpeta asf\u00e1ltica.<\/p>\n<p>El funcionario municipal estableci\u00f3 que estas obras se suman a las que se est\u00e1n haciendo en la calle Rivero y Guti\u00e9rrez, Morelos, Ju\u00e1rez y Larreategui, como parte de un proyecto integral de embellecimiento del centro hist\u00f3rico que brindar\u00e1 un mejor entorno a esta zona tan importante para la ciudad de Aguascalientes.<\/p>\n<\/div>\n<\/article>\n<\/div>\n<\/div>\n<\/div>\n<\/div>\n","protected":false},"excerpt":{"rendered":"<p>Con estas obras se brinda accesibilidad y seguridad para la poblaci\u00f3n, adem\u00e1s de que contribuyen a la reactivaci\u00f3n econ\u00f3mica del centro de la ciudad La administraci\u00f3n de la alcaldesa\u00a0Tere Jim\u00e9nez\u00a0ha emprendido acciones para mejorar la imagen urbana y la movilidad del centro hist\u00f3rico de la ciudad, lo que contribuir\u00e1 tambi\u00e9n a reactivar la econom\u00eda de [&hellip;]<\/p>\n","protected":false},"author":1,"featured_media":9082,"comment_status":"closed","ping_status":"open","sticky":false,"template":"","format":"standard","meta":{"advanced_seo_description":"","jetpack_seo_html_title":"","jetpack_seo_noindex":false,"_jetpack_memberships_contains_paid_content":false,"footnotes":"","jetpack_publicize_message":"","jetpack_publicize_feature_enabled":true,"jetpack_social_post_already_shared":true,"jetpack_social_options":{"image_generator_settings":{"template":"highway","default_image_id":0,"font":"","enabled":false},"version":2}},"categories":[21,3],"tags":[22,133],"class_list":["post-9081","post","type-post","status-publish","format-standard","has-post-thumbnail","hentry","category-aguascalientes","category-municipio-aguascalientes","tag-aguascalientes","tag-mpio-aguascalientes-sopma"],"jetpack_publicize_connections":[],"jetpack_featured_media_url":"https:\/\/i0.wp.com\/informativoelvalledeaguascalientes.online\/wp-content\/uploads\/2020\/07\/mpio_ags_pavimento_16072020.jpeg?fit=1024%2C768&ssl=1","jetpack-related-posts":[],"jetpack_sharing_enabled":true,"jetpack_likes_enabled":true,"_links":{"self":[{"href":"https:\/\/informativoelvalledeaguascalientes.online\/index.php?rest_route=\/wp\/v2\/posts\/9081","targetHints":{"allow":["GET"]}}],"collection":[{"href":"https:\/\/informativoelvalledeaguascalientes.online\/index.php?rest_route=\/wp\/v2\/posts"}],"about":[{"href":"https:\/\/informativoelvalledeaguascalientes.online\/index.php?rest_route=\/wp\/v2\/types\/post"}],"author":[{"embeddable":true,"href":"https:\/\/informativoelvalledeaguascalientes.online\/index.php?rest_route=\/wp\/v2\/users\/1"}],"replies":[{"embeddable":true,"href":"https:\/\/informativoelvalledeaguascalientes.online\/index.php?rest_route=%2Fwp%2Fv2%2Fcomments&post=9081"}],"version-history":[{"count":1,"href":"https:\/\/informativoelvalledeaguascalientes.online\/index.php?rest_route=\/wp\/v2\/posts\/9081\/revisions"}],"predecessor-version":[{"id":9083,"href":"https:\/\/informativoelvalledeaguascalientes.online\/index.php?rest_route=\/wp\/v2\/posts\/9081\/revisions\/9083"}],"wp:featuredmedia":[{"embeddable":true,"href":"https:\/\/informativoelvalledeaguascalientes.online\/index.php?rest_route=\/wp\/v2\/media\/9082"}],"wp:attachment":[{"href":"https:\/\/informativoelvalledeaguascalientes.online\/index.php?rest_route=%2Fwp%2Fv2%2Fmedia&parent=9081"}],"wp:term":[{"taxonomy":"category","embeddable":true,"href":"https:\/\/informativoelvalledeaguascalientes.online\/index.php?rest_route=%2Fwp%2Fv2%2Fcategories&post=9081"},{"taxonomy":"post_tag","embeddable":true,"href":"https:\/\/informativoelvalledeaguascalientes.online\/index.php?rest_route=%2Fwp%2Fv2%2Ftags&post=9081"}],"curies":[{"name":"wp","href":"https:\/\/api.w.org\/{rel}","templated":true}]}}