{"id":9077,"date":"2020-07-16T13:56:30","date_gmt":"2020-07-16T19:56:30","guid":{"rendered":"https:\/\/informativoelvalledeaguascalientes.online\/?p=9077"},"modified":"2020-07-16T13:56:30","modified_gmt":"2020-07-16T19:56:30","slug":"convoca-municipio-ags-al-primer-concurso-de-fotografia-lactancia-materna-2020","status":"publish","type":"post","link":"https:\/\/informativoelvalledeaguascalientes.online\/?p=9077","title":{"rendered":"CONVOCA MUNICIPIO AGS. AL \u00abPRIMER CONCURSO DE FOTOGRAF\u00cdA LACTANCIA\u00a0 \u00a0MATERNA 2020\u00bb"},"content":{"rendered":"<div class=\"opinion-section opinion-single-cover opinion-indent opinion-overlay\">\n<div class=\"container\">\n<div class=\"section-head row justify-content-center text-center\">\n<div class=\"col-12 col-md-8\"><\/div>\n<\/div>\n<\/div>\n<\/div>\n<div class=\"opinion-section\">\n<div class=\"container\">\n<div class=\"section-content row justify-content-center\">\n<div class=\"col-12 col-lg-8 opinion-order-1\">\n<article class=\"opinion-post opinion-single post-18439 post type-post status-publish format-standard has-post-thumbnail hentry category-imma tag-primer-concurso-de-lactancia-materna-2020\">\n<div class=\"entry-content\">\n<ul>\n<li><strong>Podr\u00e1n participar mujeres mayores de 18 a\u00f1os y habr\u00e1 premios para los tres primeros lugares<\/strong><\/li>\n<\/ul>\n<p>Para conmemorar la semana mundial de la lactancia materna, el Instituto Municipal de la Mujer de Aguascalientes (IMMA), convoca a todas las mujeres mayores de 18 a\u00f1os a participar en el \u00abPrimer Concurso de Fotograf\u00eda Lactancia Materna 2020\u00bb, certamen con el que se busca promover esta pr\u00e1ctica tan valiosa durante los primeros meses de vida.<\/p>\n<p><strong>Zayra Ang\u00e9lica Rosales Tirado<\/strong>, titular del IMMA, dio a conocer que en este primer concurso se podr\u00e1 participar con una sola fotograf\u00eda in\u00e9dita y de autor\u00eda propia.<\/p>\n<p>Anunci\u00f3 que participar\u00e1n todas las im\u00e1genes recibidas hasta el viernes 31 de julio y que habr\u00e1 premios econ\u00f3micos para el primer, segundo y tercer lugar, mismos que ser\u00e1n validados por el n\u00famero total de \u201cMe gusta\u201d que reciba cada fotograf\u00eda publicada en la p\u00e1gina de Facebook del IMMA:\u00a0<a href=\"https:\/\/www.facebook.com\/IMMAAGS\/\">https:\/\/www.facebook.com\/IMMAAGS\/<\/a>\u00a0.<\/p>\n<p>Las obras deber\u00e1n ser enviadas al correo difusionyvinculacion2014@gmail.com, especificando el t\u00edtulo de la fotograf\u00eda, as\u00ed como el nombre completo de la autora, domicilio y n\u00famero de tel\u00e9fono personal. Las ganadoras se dar\u00e1n a conocer el d\u00eda 7 de agosto del presente a\u00f1o.<\/p>\n<p>Para mayores informes pueden consultar las bases en\u00a0<a href=\"https:\/\/www.facebook.com\/IMMAAGS\/\">https:\/\/www.facebook.com\/IMMAAGS\/<\/a>\u00a0o marcar al 916 36 10 extensiones 101 y 104.<\/p>\n<\/div>\n<\/article>\n<\/div>\n<\/div>\n<\/div>\n<\/div>\n","protected":false},"excerpt":{"rendered":"<p>Podr\u00e1n participar mujeres mayores de 18 a\u00f1os y habr\u00e1 premios para los tres primeros lugares Para conmemorar la semana mundial de la lactancia materna, el Instituto Municipal de la Mujer de Aguascalientes (IMMA), convoca a todas las mujeres mayores de 18 a\u00f1os a participar en el \u00abPrimer Concurso de Fotograf\u00eda Lactancia Materna 2020\u00bb, certamen con [&hellip;]<\/p>\n","protected":false},"author":1,"featured_media":9078,"comment_status":"closed","ping_status":"open","sticky":false,"template":"","format":"standard","meta":{"advanced_seo_description":"","jetpack_seo_html_title":"","jetpack_seo_noindex":false,"_jetpack_memberships_contains_paid_content":false,"footnotes":"","jetpack_publicize_message":"","jetpack_publicize_feature_enabled":true,"jetpack_social_post_already_shared":true,"jetpack_social_options":{"image_generator_settings":{"template":"highway","default_image_id":0,"font":"","enabled":false},"version":2}},"categories":[21,3],"tags":[22,132],"class_list":["post-9077","post","type-post","status-publish","format-standard","has-post-thumbnail","hentry","category-aguascalientes","category-municipio-aguascalientes","tag-aguascalientes","tag-mpio-aguascalientes-imma"],"jetpack_publicize_connections":[],"jetpack_featured_media_url":"https:\/\/i0.wp.com\/informativoelvalledeaguascalientes.online\/wp-content\/uploads\/2020\/07\/CONVOCATORIA-IMMA_16072020.jpg?fit=828%2C1280&ssl=1","jetpack-related-posts":[],"jetpack_sharing_enabled":true,"jetpack_likes_enabled":true,"_links":{"self":[{"href":"https:\/\/informativoelvalledeaguascalientes.online\/index.php?rest_route=\/wp\/v2\/posts\/9077","targetHints":{"allow":["GET"]}}],"collection":[{"href":"https:\/\/informativoelvalledeaguascalientes.online\/index.php?rest_route=\/wp\/v2\/posts"}],"about":[{"href":"https:\/\/informativoelvalledeaguascalientes.online\/index.php?rest_route=\/wp\/v2\/types\/post"}],"author":[{"embeddable":true,"href":"https:\/\/informativoelvalledeaguascalientes.online\/index.php?rest_route=\/wp\/v2\/users\/1"}],"replies":[{"embeddable":true,"href":"https:\/\/informativoelvalledeaguascalientes.online\/index.php?rest_route=%2Fwp%2Fv2%2Fcomments&post=9077"}],"version-history":[{"count":1,"href":"https:\/\/informativoelvalledeaguascalientes.online\/index.php?rest_route=\/wp\/v2\/posts\/9077\/revisions"}],"predecessor-version":[{"id":9079,"href":"https:\/\/informativoelvalledeaguascalientes.online\/index.php?rest_route=\/wp\/v2\/posts\/9077\/revisions\/9079"}],"wp:featuredmedia":[{"embeddable":true,"href":"https:\/\/informativoelvalledeaguascalientes.online\/index.php?rest_route=\/wp\/v2\/media\/9078"}],"wp:attachment":[{"href":"https:\/\/informativoelvalledeaguascalientes.online\/index.php?rest_route=%2Fwp%2Fv2%2Fmedia&parent=9077"}],"wp:term":[{"taxonomy":"category","embeddable":true,"href":"https:\/\/informativoelvalledeaguascalientes.online\/index.php?rest_route=%2Fwp%2Fv2%2Fcategories&post=9077"},{"taxonomy":"post_tag","embeddable":true,"href":"https:\/\/informativoelvalledeaguascalientes.online\/index.php?rest_route=%2Fwp%2Fv2%2Ftags&post=9077"}],"curies":[{"name":"wp","href":"https:\/\/api.w.org\/{rel}","templated":true}]}}