{"id":9059,"date":"2020-07-15T21:55:22","date_gmt":"2020-07-16T03:55:22","guid":{"rendered":"https:\/\/informativoelvalledeaguascalientes.online\/?p=9059"},"modified":"2020-07-15T21:55:22","modified_gmt":"2020-07-16T03:55:22","slug":"en-agosto-reinician-vuelos-a-chicago-y-los-angeles-en-el-aeropuerto-internacional-de-aguascalientes","status":"publish","type":"post","link":"https:\/\/informativoelvalledeaguascalientes.online\/?p=9059","title":{"rendered":"EN AGOSTO REINICIAN VUELOS A CHICAGO Y LOS \u00c1NGELES EN EL AEROPUERTO INTERNACIONAL DE AGUASCALIENTES"},"content":{"rendered":"<p style=\"font-weight: 400;\">\n<ul style=\"font-weight: 400;\">\n<li><strong><em>Con estas rutas, la terminal a\u00e9rea tendr\u00e1 en operaci\u00f3n vuelos a 3 destinos internacionales y 5 nacionales<\/em><\/strong><\/li>\n<li><strong><em>La actividad del aeropuerto se encuentra cerca del 50 por ciento, respecto al n\u00famero de operaciones que registraba previo a la contingencia sanitaria<\/em><\/strong><\/li>\n<li><strong><em>La Sectur y el Grupo Aeroportuario del Pac\u00edfico refrendaron su compromiso de seguir trabajando de la mano a favor\u00a0 del desarrollo de Aguascalientes<\/em><\/strong><\/li>\n<\/ul>\n<p style=\"font-weight: 400;\">\n<p style=\"font-weight: 400;\">Como parte de la reactivaci\u00f3n paulatina del Aeropuerto Internacional de Aguascalientes, a partir del mes de agosto Volaris reiniciar\u00e1 sus vuelos a las ciudades de Chicago y Los \u00c1ngeles, en la Uni\u00f3n Americana.<\/p>\n<p style=\"font-weight: 400;\">\n<p style=\"font-weight: 400;\">As\u00ed lo informaron de manera conjunta el secretario de Turismo del estado, Humberto Montero de Alba, y el administrador del Aeropuerto Internacional de Aguascalientes, Alejandro Rojas Vieyra, quienes refrendaron su disposici\u00f3n de seguir trabajando de la mano para que Aguascalientes mantenga su din\u00e1mica de desarrollo.<\/p>\n<p style=\"font-weight: 400;\">\n<p style=\"font-weight: 400;\">Montero de Alba detall\u00f3 que la ruta Aguascalientes-Chicago comenzar\u00e1 operaciones el pr\u00f3ximo 1\u00b0 de agosto con dos frecuencias a la semana, lunes y s\u00e1bados; mientras que el vuelo a Los \u00c1ngeles ser\u00e1 los d\u00edas lunes, a partir del 3 de agosto.<\/p>\n<p style=\"font-weight: 400;\">\n<p style=\"font-weight: 400;\">A\u00f1adi\u00f3 que actualmente la actividad de la central a\u00e9rea se encuentra cerca del 50 por ciento, con respecto al n\u00famero de operaciones que registraba antes de que se declarara la contingencia sanitaria, por lo que confi\u00f3 en que poco a poco se ir\u00e1 incrementando esta cifra.<\/p>\n<p style=\"font-weight: 400;\">\n<p style=\"font-weight: 400;\">Por su parte, Rojas Vieyra dijo que gracias a la confianza que tanto el Grupo Aeroportuario del Pac\u00edfico y las diferentes aerol\u00edneas mantienen en Aguascalientes, es que contin\u00faan reactivando sus rutas a los diferentes destinos.<\/p>\n<p style=\"font-weight: 400;\">\n<p style=\"font-weight: 400;\">Precis\u00f3 que con los nuevos itinerarios a Estados Unidos, se concretan tres rutas internacionales y cinco nacionales; las primeras a Dallas, Los \u00c1ngeles y Chicago; mientras que las otras son a Tijuana, Canc\u00fan, Ciudad de M\u00e9xico, Monterrey y Puerto Vallarta.<\/p>\n","protected":false},"excerpt":{"rendered":"<p>Con estas rutas, la terminal a\u00e9rea tendr\u00e1 en operaci\u00f3n vuelos a 3 destinos internacionales y 5 nacionales La actividad del aeropuerto se encuentra cerca del 50 por ciento, respecto al n\u00famero de operaciones que registraba previo a la contingencia sanitaria La Sectur y el Grupo Aeroportuario del Pac\u00edfico refrendaron su compromiso de seguir trabajando de [&hellip;]<\/p>\n","protected":false},"author":1,"featured_media":9060,"comment_status":"closed","ping_status":"open","sticky":false,"template":"","format":"standard","meta":{"advanced_seo_description":"","jetpack_seo_html_title":"","jetpack_seo_noindex":false,"_jetpack_memberships_contains_paid_content":false,"footnotes":"","jetpack_publicize_message":"","jetpack_publicize_feature_enabled":true,"jetpack_social_post_already_shared":true,"jetpack_social_options":{"image_generator_settings":{"template":"highway","default_image_id":0,"font":"","enabled":false},"version":2}},"categories":[21,4],"tags":[22,34],"class_list":["post-9059","post","type-post","status-publish","format-standard","has-post-thumbnail","hentry","category-aguascalientes","category-gobierno-del-estado-aguascalientes","tag-aguascalientes","tag-sectur"],"jetpack_publicize_connections":[],"jetpack_featured_media_url":"https:\/\/i0.wp.com\/informativoelvalledeaguascalientes.online\/wp-content\/uploads\/2020\/07\/SECTUR-AEROPUERTO.jpg?fit=1024%2C684&ssl=1","jetpack-related-posts":[],"jetpack_sharing_enabled":true,"jetpack_likes_enabled":true,"_links":{"self":[{"href":"https:\/\/informativoelvalledeaguascalientes.online\/index.php?rest_route=\/wp\/v2\/posts\/9059","targetHints":{"allow":["GET"]}}],"collection":[{"href":"https:\/\/informativoelvalledeaguascalientes.online\/index.php?rest_route=\/wp\/v2\/posts"}],"about":[{"href":"https:\/\/informativoelvalledeaguascalientes.online\/index.php?rest_route=\/wp\/v2\/types\/post"}],"author":[{"embeddable":true,"href":"https:\/\/informativoelvalledeaguascalientes.online\/index.php?rest_route=\/wp\/v2\/users\/1"}],"replies":[{"embeddable":true,"href":"https:\/\/informativoelvalledeaguascalientes.online\/index.php?rest_route=%2Fwp%2Fv2%2Fcomments&post=9059"}],"version-history":[{"count":1,"href":"https:\/\/informativoelvalledeaguascalientes.online\/index.php?rest_route=\/wp\/v2\/posts\/9059\/revisions"}],"predecessor-version":[{"id":9061,"href":"https:\/\/informativoelvalledeaguascalientes.online\/index.php?rest_route=\/wp\/v2\/posts\/9059\/revisions\/9061"}],"wp:featuredmedia":[{"embeddable":true,"href":"https:\/\/informativoelvalledeaguascalientes.online\/index.php?rest_route=\/wp\/v2\/media\/9060"}],"wp:attachment":[{"href":"https:\/\/informativoelvalledeaguascalientes.online\/index.php?rest_route=%2Fwp%2Fv2%2Fmedia&parent=9059"}],"wp:term":[{"taxonomy":"category","embeddable":true,"href":"https:\/\/informativoelvalledeaguascalientes.online\/index.php?rest_route=%2Fwp%2Fv2%2Fcategories&post=9059"},{"taxonomy":"post_tag","embeddable":true,"href":"https:\/\/informativoelvalledeaguascalientes.online\/index.php?rest_route=%2Fwp%2Fv2%2Ftags&post=9059"}],"curies":[{"name":"wp","href":"https:\/\/api.w.org\/{rel}","templated":true}]}}