{"id":9056,"date":"2020-07-15T21:44:36","date_gmt":"2020-07-16T03:44:36","guid":{"rendered":"https:\/\/informativoelvalledeaguascalientes.online\/?p=9056"},"modified":"2020-07-15T21:44:36","modified_gmt":"2020-07-16T03:44:36","slug":"en-presencia-del-gobernador-del-estado-martin-orozco-signan-convenio-de-colaboracion-el-grupo-maindsteel-y-la-universidad-de-santa-fe","status":"publish","type":"post","link":"https:\/\/informativoelvalledeaguascalientes.online\/?p=9056","title":{"rendered":"EN PRESENCIA DEL GOBERNADOR DEL ESTADO MART\u00cdN OROZCO SIGNAN CONVENIO DE COLABORACI\u00d3N EL GRUPO MAINDSTEEL Y LA UNIVERSIDAD DE SANTA FE"},"content":{"rendered":"<p style=\"font-weight: 400;\"><strong>&#8211;\u00a0 \u00a0 Coincidimos que la \u00fanica v\u00eda para lograr el cambio que tanto necesitamos en el pa\u00eds es la uni\u00f3n de esfuerzos para trabajar en conjunto y fortalecer lo que cada hace por separado: Cuitl\u00e1huac P\u00e9rez Cerros<\/strong><\/p>\n<p style=\"font-weight: 400;\"><strong>\u00a0<\/strong><\/p>\n<p style=\"font-weight: 400;\"><strong>&#8211;\u00a0\u00a0\u00a0\u00a0\u00a0\u00a0\u00a0\u00a0\u00a0\u00a0\u00a0\u00a0\u00a0 Con esta alianza buscamos que MAINDSTEEL establezca un centro de pr\u00e1cticas para desarrollar tecnolog\u00eda, ser\u00e1 una extensi\u00f3n de sus propias instalaciones aqu\u00ed en la Universidad: Manuel Cortina Reynoso<\/strong><\/p>\n<p style=\"font-weight: 400;\"><strong>\u00a0<\/strong><\/p>\n<p style=\"font-weight: 400;\"><strong>&#8211;\u00a0\u00a0\u00a0\u00a0\u00a0\u00a0\u00a0\u00a0\u00a0\u00a0\u00a0\u00a0\u00a0 Como testigo de honor en la firma del convenio acudi\u00f3 el Gobernador del Estado, Mart\u00edn Orozco Sandoval.<\/strong><\/p>\n<p style=\"font-weight: 400;\"><strong>\u00a0<\/strong><\/p>\n<p style=\"font-weight: 400;\">El d\u00eda de hoy formalizamos la uni\u00f3n de esfuerzos entre el\u00a0<strong>Grupo MAINDSTEEL y la Universidad Santa Fe,<\/strong>\u00a0con el objetivo de mejorar la formaci\u00f3n acad\u00e9mica de los estudiantes de la instituci\u00f3n educativa, la vinculaci\u00f3n entre ambas organizaciones estar\u00e1 enfocada a conocer las necesidades del sector industrial y proponer soluciones a trav\u00e9s de proyectos desarrollados en conjunto con una importante organizaci\u00f3n como lo es\u00a0<strong>MAINDSTEEL<\/strong>, destac\u00f3\u00a0<strong>Cuitl\u00e1huac P\u00e9rez Cerros, presidente de Manufacturing Automotive Enterprises Network (MAEN).<\/strong><\/p>\n<p style=\"font-weight: 400;\">\n<p style=\"font-weight: 400;\">Al signar un convenio de colaboraci\u00f3n entre\u00a0<strong>MAINDSTEEL y Universidad Santa Fe, Cuitl\u00e1huac P\u00e9rez digno representante y presidente del cl\u00faster automotriz, Manufacturing Automotive Enterprises Network (MAEN),<\/strong>\u00a0sent\u00f3 un precedente en la historia de Aguascalientes, al vincularse la iniciativa privada con la academia.<\/p>\n<p style=\"font-weight: 400;\">\n<p style=\"font-weight: 400;\">Como testigo de honor en la firma del convenio acudi\u00f3\u00a0<strong>el Gobernador del Estado, Mart\u00edn Orozco Sandoval.<\/strong>\u00a0Agradeci\u00f3 la invitaci\u00f3n y destac\u00f3 que la forma de transformar a las personas, a la sociedad, a la familia, al pa\u00eds en general, como punto central de base es la educaci\u00f3n a la que debemos apostar.<\/p>\n<p style=\"font-weight: 400;\">\n<p style=\"font-weight: 400;\">Agradeci\u00f3 la gran disposici\u00f3n y apertura del presidente de\u00a0<strong>Grupo MAINDSTEEL, Cuitl\u00e1huac P\u00e9rez<\/strong>, para impulsar la preparaci\u00f3n de las nuevas generaciones de profesionistas.<\/p>\n<p style=\"font-weight: 400;\">\n<p style=\"font-weight: 400;\">\u201cComo lo dijo\u00a0<strong>Cuitl\u00e1huac<\/strong>\u00a0con la uni\u00f3n de esfuerzos saldremos adelante a las problem\u00e1ticas que se nos presentan y a las que nos estamos enfrentando, debemos trabajar juntos. Esta uni\u00f3n de esfuerzos, con estos convenios en sectores productivos podremos sacar adelante a Aguascalientes y a M\u00e9xico, desde nuestra trinchera con ese trabajo en conjunto\u201d.<\/p>\n<p style=\"font-weight: 400;\">\n<p style=\"font-weight: 400;\">\u00a0Al hacer uso de la voz,\u00a0<strong>Cuitl\u00e1huac P\u00e9rez<\/strong>\u00a0destac\u00f3 que el origen del convenio fue derivado de la amistad con\u00a0<strong>Luis Miguel Andrea, directivo de la Universidad Santa Fe<\/strong>, un gran ser humano, profesional en al \u00e1mbito acad\u00e9mico y de negocios, con el que encontr\u00f3 coincidencias de vida y profesionales, para concretar el proyecto de vinculaci\u00f3n a la realidad del sector industrial de las empresas.<\/p>\n<p style=\"font-weight: 400;\">\n<p style=\"font-weight: 400;\">\u201cLos 2 queremos lograr marcar una diferencia en Aguascalientes y hacer un cambio en M\u00e9xico. Ambos so\u00f1amos con un M\u00e9xico diferente, con un M\u00e9xico mejor, ambos coincidimos que la \u00fanica v\u00eda para lograr ese cambio en nuestro pa\u00eds es la uni\u00f3n de esfuerzos para trabajar en conjunto y mejorar, adem\u00e1s de fortalecer lo que cada uno hacemos por separado\u201d.<\/p>\n<p style=\"font-weight: 400;\">\n<p style=\"font-weight: 400;\">Puntualiz\u00f3 que\u00a0<strong>MAINDSTEEL<\/strong>\u00a0va en camino de buscar un cambio no solo en Aguascalientes, sino en M\u00e9xico, enfocado al desarrollo de proyectos productivos y tecnol\u00f3gicos, adem\u00e1s de fortalecer los proyectos de maquila, el objetivo principal es dejar de depender de las econom\u00edas y tecnolog\u00edas de otros pa\u00edses.<\/p>\n<p style=\"font-weight: 400;\">\n<p style=\"font-weight: 400;\">\u201cLa \u00fanica v\u00eda de sumarnos al proyecto es la coincidencia de iniciar en la parte acad\u00e9mica, trabajar en sinergia de forma decidida por el bien de Aguascalientes y M\u00e9xico, con un alto impacto y no solo generar procesos de vinculaci\u00f3n solo por una foto\u201d.<\/p>\n<p style=\"font-weight: 400;\">\n<p style=\"font-weight: 400;\">Por su parte, Manuel Cortina Reynoso, rector de la Universidad Santa Fe, agradeci\u00f3 la disposici\u00f3n de la iniciativa privada y del presidente de\u00a0<strong>presidente de Manufacturing Automotive Enterprises Network (MAEN), Cuitl\u00e1huac P\u00e9rez<\/strong>, por colaborar con la academia en beneficio de la preparaci\u00f3n de los futuros profesionistas.<\/p>\n<p style=\"font-weight: 400;\">\n<p style=\"font-weight: 400;\">\u201cMarcaremos tendencia y camino en la educaci\u00f3n de Aguascalientes. La firma del convenio entre\u00a0<strong>MAINDSTEEL y la Universidad de Santa Fe<\/strong>, tiene como objetivo establecer bases de colaboraci\u00f3n entre las empresas y nuestras carreras de ingenier\u00eda. Tenemos 7 ingenier\u00edas con Reconocimientos de Validez Oficial de Estudios del tipo Superior (RVOES), en aeron\u00e1utica, nanotecnolog\u00edas, en energ\u00edas renovables, ingenier\u00edas de avanzada. Queremos con\u00a0<strong>MAINDSTEEL<\/strong>\u00a0establecer un centro de pr\u00e1ctica para que desarrollen tecnolog\u00eda, aqu\u00ed ser\u00e1 una extensi\u00f3n de sus propias instalaciones aqu\u00ed en la Universidad y que nuestras alumnas, as\u00ed como alumnos, para que puedan hacer sus pr\u00e1cticas profesionales. Seremos semillero de futuros prospectos profesionistas para ser contratados por las diferentes empresas y que puedan desarrollar tecnolog\u00eda\u201d, concluy\u00f3.<\/p>\n","protected":false},"excerpt":{"rendered":"<p>&#8211;\u00a0 \u00a0 Coincidimos que la \u00fanica v\u00eda para lograr el cambio que tanto necesitamos en el pa\u00eds es la uni\u00f3n de esfuerzos para trabajar en conjunto y fortalecer lo que cada hace por separado: Cuitl\u00e1huac P\u00e9rez Cerros \u00a0 &#8211;\u00a0\u00a0\u00a0\u00a0\u00a0\u00a0\u00a0\u00a0\u00a0\u00a0\u00a0\u00a0\u00a0 Con esta alianza buscamos que MAINDSTEEL establezca un centro de pr\u00e1cticas para desarrollar tecnolog\u00eda, ser\u00e1 una [&hellip;]<\/p>\n","protected":false},"author":1,"featured_media":9057,"comment_status":"closed","ping_status":"open","sticky":false,"template":"","format":"standard","meta":{"advanced_seo_description":"","jetpack_seo_html_title":"","jetpack_seo_noindex":false,"_jetpack_memberships_contains_paid_content":false,"footnotes":"","jetpack_publicize_message":"","jetpack_publicize_feature_enabled":true,"jetpack_social_post_already_shared":true,"jetpack_social_options":{"image_generator_settings":{"template":"highway","default_image_id":0,"font":"","enabled":false},"version":2}},"categories":[4],"tags":[22,31],"class_list":["post-9056","post","type-post","status-publish","format-standard","has-post-thumbnail","hentry","category-gobierno-del-estado-aguascalientes","tag-aguascalientes","tag-mos"],"jetpack_publicize_connections":[],"jetpack_featured_media_url":"https:\/\/i0.wp.com\/informativoelvalledeaguascalientes.online\/wp-content\/uploads\/2020\/07\/FIRMA-CONVENIO-7.jpg?fit=1095%2C821&ssl=1","jetpack-related-posts":[],"jetpack_sharing_enabled":true,"jetpack_likes_enabled":true,"_links":{"self":[{"href":"https:\/\/informativoelvalledeaguascalientes.online\/index.php?rest_route=\/wp\/v2\/posts\/9056","targetHints":{"allow":["GET"]}}],"collection":[{"href":"https:\/\/informativoelvalledeaguascalientes.online\/index.php?rest_route=\/wp\/v2\/posts"}],"about":[{"href":"https:\/\/informativoelvalledeaguascalientes.online\/index.php?rest_route=\/wp\/v2\/types\/post"}],"author":[{"embeddable":true,"href":"https:\/\/informativoelvalledeaguascalientes.online\/index.php?rest_route=\/wp\/v2\/users\/1"}],"replies":[{"embeddable":true,"href":"https:\/\/informativoelvalledeaguascalientes.online\/index.php?rest_route=%2Fwp%2Fv2%2Fcomments&post=9056"}],"version-history":[{"count":1,"href":"https:\/\/informativoelvalledeaguascalientes.online\/index.php?rest_route=\/wp\/v2\/posts\/9056\/revisions"}],"predecessor-version":[{"id":9058,"href":"https:\/\/informativoelvalledeaguascalientes.online\/index.php?rest_route=\/wp\/v2\/posts\/9056\/revisions\/9058"}],"wp:featuredmedia":[{"embeddable":true,"href":"https:\/\/informativoelvalledeaguascalientes.online\/index.php?rest_route=\/wp\/v2\/media\/9057"}],"wp:attachment":[{"href":"https:\/\/informativoelvalledeaguascalientes.online\/index.php?rest_route=%2Fwp%2Fv2%2Fmedia&parent=9056"}],"wp:term":[{"taxonomy":"category","embeddable":true,"href":"https:\/\/informativoelvalledeaguascalientes.online\/index.php?rest_route=%2Fwp%2Fv2%2Fcategories&post=9056"},{"taxonomy":"post_tag","embeddable":true,"href":"https:\/\/informativoelvalledeaguascalientes.online\/index.php?rest_route=%2Fwp%2Fv2%2Ftags&post=9056"}],"curies":[{"name":"wp","href":"https:\/\/api.w.org\/{rel}","templated":true}]}}