{"id":9045,"date":"2020-07-15T20:23:34","date_gmt":"2020-07-16T02:23:34","guid":{"rendered":"https:\/\/informativoelvalledeaguascalientes.online\/?p=9045"},"modified":"2020-07-15T20:23:34","modified_gmt":"2020-07-16T02:23:34","slug":"supervisan-centros-crecer-habilitados-como-refugios-temporales-por-temporada-de-lluvias","status":"publish","type":"post","link":"https:\/\/informativoelvalledeaguascalientes.online\/?p=9045","title":{"rendered":"SUPERVISAN CENTROS CRECER HABILITADOS COMO REFUGIOS TEMPORALES POR TEMPORADA DE LLUVIAS"},"content":{"rendered":"<p style=\"font-weight: 400;\">La subsecretaria de Gobierno, Claudia Ortega Valadez, y el coordinador estatal de Protecci\u00f3n Civil, H\u00e9ctor Reyes Hern\u00e1ndez, realizaron un recorrido de supervisi\u00f3n de los Centros CRECER que han sido habilitados como refugios temporales para brindar resguardo a la poblaci\u00f3n vulnerable que lo requiera durante la temporada de lluvias 2020, con el fin de constatar que se encuentran listos para abrir y operar en caso de ser necesario, con las medidas de sanidad requeridas y evitando el hacinamiento.<\/p>\n<p style=\"font-weight: 400;\">\n<p style=\"font-weight: 400;\">Como parte de las acciones que integran las etapas preventivas y de atenci\u00f3n del Plan Estatal de Contingencias por Temporada de Lluvias 2020, se han habilitado 40 inmuebles en todo el estado, entre ellos los Centros CRECER, para atender a m\u00e1s de 2 mil 600 personas en el momento en que se activen por alguna contingencia en el caso de que el estado reciba algunas precipitaciones pluviales intensas.<\/p>\n<p style=\"font-weight: 400;\">\n<p style=\"font-weight: 400;\">Se le recuerda a la poblaci\u00f3n seguir las recomendaciones de autoprotecci\u00f3n, as\u00ed como evitar tirar basura en las calles a fin de que no colapse el sistema de drenaje, alcantarillado o caimanes; impermeabilizar el techo de las viviendas; guardar documentos importantes en micas o sobres de vinil, y reportar cualquier anomal\u00eda o emergencia al 911.<\/p>\n","protected":false},"excerpt":{"rendered":"<p>La subsecretaria de Gobierno, Claudia Ortega Valadez, y el coordinador estatal de Protecci\u00f3n Civil, H\u00e9ctor Reyes Hern\u00e1ndez, realizaron un recorrido de supervisi\u00f3n de los Centros CRECER que han sido habilitados como refugios temporales para brindar resguardo a la poblaci\u00f3n vulnerable que lo requiera durante la temporada de lluvias 2020, con el fin de constatar que [&hellip;]<\/p>\n","protected":false},"author":1,"featured_media":9046,"comment_status":"closed","ping_status":"open","sticky":false,"template":"","format":"standard","meta":{"advanced_seo_description":"","jetpack_seo_html_title":"","jetpack_seo_noindex":false,"_jetpack_memberships_contains_paid_content":false,"footnotes":"","jetpack_publicize_message":"","jetpack_publicize_feature_enabled":true,"jetpack_social_post_already_shared":true,"jetpack_social_options":{"image_generator_settings":{"template":"highway","default_image_id":0,"font":"","enabled":false},"version":2}},"categories":[21,4],"tags":[22,51],"class_list":["post-9045","post","type-post","status-publish","format-standard","has-post-thumbnail","hentry","category-aguascalientes","category-gobierno-del-estado-aguascalientes","tag-aguascalientes","tag-seggob"],"jetpack_publicize_connections":[],"jetpack_featured_media_url":"https:\/\/i0.wp.com\/informativoelvalledeaguascalientes.online\/wp-content\/uploads\/2020\/07\/FN-Seggob-Supervisa-CC_03.jpg?fit=1280%2C720&ssl=1","jetpack-related-posts":[],"jetpack_sharing_enabled":true,"jetpack_likes_enabled":true,"_links":{"self":[{"href":"https:\/\/informativoelvalledeaguascalientes.online\/index.php?rest_route=\/wp\/v2\/posts\/9045","targetHints":{"allow":["GET"]}}],"collection":[{"href":"https:\/\/informativoelvalledeaguascalientes.online\/index.php?rest_route=\/wp\/v2\/posts"}],"about":[{"href":"https:\/\/informativoelvalledeaguascalientes.online\/index.php?rest_route=\/wp\/v2\/types\/post"}],"author":[{"embeddable":true,"href":"https:\/\/informativoelvalledeaguascalientes.online\/index.php?rest_route=\/wp\/v2\/users\/1"}],"replies":[{"embeddable":true,"href":"https:\/\/informativoelvalledeaguascalientes.online\/index.php?rest_route=%2Fwp%2Fv2%2Fcomments&post=9045"}],"version-history":[{"count":1,"href":"https:\/\/informativoelvalledeaguascalientes.online\/index.php?rest_route=\/wp\/v2\/posts\/9045\/revisions"}],"predecessor-version":[{"id":9047,"href":"https:\/\/informativoelvalledeaguascalientes.online\/index.php?rest_route=\/wp\/v2\/posts\/9045\/revisions\/9047"}],"wp:featuredmedia":[{"embeddable":true,"href":"https:\/\/informativoelvalledeaguascalientes.online\/index.php?rest_route=\/wp\/v2\/media\/9046"}],"wp:attachment":[{"href":"https:\/\/informativoelvalledeaguascalientes.online\/index.php?rest_route=%2Fwp%2Fv2%2Fmedia&parent=9045"}],"wp:term":[{"taxonomy":"category","embeddable":true,"href":"https:\/\/informativoelvalledeaguascalientes.online\/index.php?rest_route=%2Fwp%2Fv2%2Fcategories&post=9045"},{"taxonomy":"post_tag","embeddable":true,"href":"https:\/\/informativoelvalledeaguascalientes.online\/index.php?rest_route=%2Fwp%2Fv2%2Ftags&post=9045"}],"curies":[{"name":"wp","href":"https:\/\/api.w.org\/{rel}","templated":true}]}}