{"id":9013,"date":"2020-07-15T16:48:41","date_gmt":"2020-07-15T22:48:41","guid":{"rendered":"https:\/\/informativoelvalledeaguascalientes.online\/?p=9013"},"modified":"2020-07-15T16:48:41","modified_gmt":"2020-07-15T22:48:41","slug":"diputacion-permanente-pedira-informe-a-sedec-sobre-apoyos-a-mipymes","status":"publish","type":"post","link":"https:\/\/informativoelvalledeaguascalientes.online\/?p=9013","title":{"rendered":"DIPUTACI\u00d3N PERMANENTE PEDIR\u00c1 INFORME A SEDEC SOBRE APOYOS A MIPYMES"},"content":{"rendered":"<ul>\n<li><em>La propuesta fue hecha por la legisladora Elsa Land\u00edn, quien no descarta una nueva reorientaci\u00f3n de recursos del Presupuesto de Egresos para rescate de negocios.<\/em><\/li>\n<li><em>En posicionamiento, el diputado Heder Guzm\u00e1n, asegur\u00f3 que el encuentro entre los presidentes de M\u00e9xico y Estados Unidos, traer\u00e1 beneficios a la econom\u00eda del pa\u00eds, por el TEMEC.<\/em><\/li>\n<li><em>El legislador Guillermo Alan\u00edz, se\u00f1al\u00f3 que se deben analizar los impactos econ\u00f3micos y sociales que propiciar\u00e1 ese encuentro, m\u00e1s all\u00e1 de si el presidente L\u00f3pez Obrador gast\u00f3 menos en su viaje que sus antecesores.<\/em><\/li>\n<li><em>La legisladora Natzielly Rodr\u00edguez denuncia apagones constantes en las colonias de Villa Monta\u00f1a y Villas de Nuestra Se\u00f1ora de la Asunci\u00f3n, situaci\u00f3n que ya deriva en inseguridad publica y afectaciones al patrimonio de sus habitantes.<\/em><\/li>\n<\/ul>\n<p><em>\u00a0<\/em><\/p>\n<p>Al realizarse este mi\u00e9rcoles la sesi\u00f3n ordinaria de la Diputaci\u00f3n Permanente, que preside el legislador Heder Guzm\u00e1n Espejel, se abordaron temas de trascendencia econ\u00f3mica para la entidad, los efectos del encuentro entre los mandatarios de M\u00e9xico y Estados Unidos, adem\u00e1s de una denuncia por constantes fallas el\u00e9ctricas en dos colonias de la zona oriente de la ciudad capital.<\/p>\n<p>&nbsp;<\/p>\n<p>En primer turno, ya en el apartado de asuntos general, la diputada del PRI, Elsa Amabel Land\u00edn Olivares,\u00a0propuso ante los miembros de la mesa directiva de la Diputaci\u00f3n Permanente, emitir un acuerdo de la mesa directiva de la Diputaci\u00f3n Permanente, a trav\u00e9s del cual le soliciten a la Secretar\u00eda de Desarrollo Econ\u00f3mico de Gobierno del Estado, un informe al detalle de la entrega de apoyos\u00a0 a micro, peque\u00f1os y medianos empresarios, reorientaci\u00f3n de recursos del Presupuesto de Egresos que fueron avalados hace unos meses por el Congreso del Estado, con el prop\u00f3sito de fortalecer este tipo de negocios ante la crisis sanitaria.<\/p>\n<p>&nbsp;<\/p>\n<p>Por lo que, Land\u00edn Olivares, no descart\u00f3 que pudiera emprenderse una nueva reasignaci\u00f3n de montos, pues reconoci\u00f3 la insuficiencia de los apoyos por la prolongaci\u00f3n de la pandemia.<\/p>\n<p>&nbsp;<\/p>\n<p>A\u00f1adi\u00f3 que la mayor parte de los empresarios de Aguascalientes se han visto obligados a reducir jornadas laborales, salarios e incluso, realizar despido de trabajadores por falta de solvencia para cubrir su n\u00f3mina.<\/p>\n<p>&nbsp;<\/p>\n<p>Al respecto,\u00a0el parlamentario del PAN, Guillermo Alan\u00edz de Le\u00f3n,\u00a0record\u00f3 que al t\u00e9rmino del segundo periodo\u00a0\u00a0de sesiones se present\u00f3 un Punto de Acuerdo en donde se ped\u00eda la comparecencia de algunos secretarios de Estado que estaban relacionados las acciones\u00a0\u00a0que se est\u00e1n emprendiendo para paliar los efectos de la pandemia del Covid-19; inform\u00f3 que han sostenido reuniones con el Secretario General de Gobierno para poder coordinar este tipo de acercamientos, ya que es de suma importancia que la poblaci\u00f3n conozca los trabajos que se han realizado sobre todo en materias econ\u00f3mica y de salud, por lo que se manifest\u00f3 a favor de la propuesta de su antecesora.<\/p>\n<p>&nbsp;<\/p>\n<p>Como complemento al tema, el\u00a0congresista de MORENA, Heder\u00a0 Guzm\u00e1n, revel\u00f3 que hace unas semanas se reuni\u00f3 con el titular de la Secretar\u00eda de Desarrollo Econ\u00f3mico con el objeto de invitarlo a que acuda a una sesi\u00f3n de la Comisi\u00f3n Desarrollo Econ\u00f3mico para que informe detalladamente sobre la aplicaci\u00f3n de recursos que fueron reasignados para atender los efectos que ha ocasionado la pandemia del coronavirus.<\/p>\n<p>&nbsp;<\/p>\n<p>En otra participaci\u00f3n, el diputado de MORENA, Heder Guzm\u00e1n Espejel, expres\u00f3 un posicionamiento con relaci\u00f3n a la visita del presidente Andr\u00e9s Manuel L\u00f3pez Obrador, en el que recalc\u00f3 que \u201ca diferencia de los presidentes que le antecedieron quienes estaban acostumbrados a la parafernalia, donde llegaban como pr\u00edncipes en el avi\u00f3n presidencial y acompa\u00f1ados de una copiosa comitiva, donde los esperaba la alfombra roja y el gran aparato de seguridad que los acompa\u00f1aba, nuestro presidente congruente con su pesar y actuar y apegado a los principios de austeridad de su gobierno, lleg\u00f3 al aeropuerto en un vuelo comercial, en clase turista, sin s\u00e9quito y solo lo esperaba una camioneta suburban que fue en la que se movi\u00f3 en los Estados Unidos y fue en la que lleg\u00f3 a la Casa Blanca, donde fue recibido personalmente por el presidente de los Estados Unidos\u201d.<\/p>\n<p>&nbsp;<\/p>\n<p>De igual manera, Guzm\u00e1n Espejel, resalt\u00f3 la diferencia de la actitud servil y entreguista de los presidentes que antecedieron a L\u00f3pez Obrador, sostuvo que el presidente mostr\u00f3 ante su hom\u00f3logo Trump, una actitud de dignidad, respeto y colaboraci\u00f3n, principios que deben imperar entre ambos pueblos para una mejor relaci\u00f3n con Estados Unidos.<\/p>\n<p>&nbsp;<\/p>\n<p>Sobre este posicionamiento, la legisladora Elsa Land\u00edn Olivares, precis\u00f3 que el mandatario nacional no viaj\u00f3 solo a la Uni\u00f3n Americana, pues los acompa\u00f1aron importantes empresarios bancarios, de grupos de medios de comunicaci\u00f3n, entre otros, \u201cy ninguno de ellos realiz\u00f3 la traves\u00eda en aviones comerciales, y ninguno de ellos pag\u00f3 el costo de transporte de su propia bolsa\u201d.<\/p>\n<p>&nbsp;<\/p>\n<p>Land\u00edn Olivares, asegur\u00f3 que la estancia de estos empresarios y los costos que se generaron, corrieron a cargo del Gobierno Federal.<\/p>\n<p>&nbsp;<\/p>\n<p>En contrarr\u00e9plica, el legislador Heder Guzm\u00e1n, afirm\u00f3 que quienes lo acompa\u00f1aron s\u00ed solventaron sus propios gastos, y recalc\u00f3 que el gasto erogado en el viaje del presidente L\u00f3pez Obrador, fue de alrededor de 170 mil pesos, en contraste con lo que gastaba Enrique Pe\u00f1a Nieto, pues en cada uno de sus viajes, \u201cal pueblo le costaban m\u00e1s de 3 millones de pesos\u201d.<\/p>\n<p>&nbsp;<\/p>\n<p>A su vez, Elsa Land\u00edn, dijo que si bien \u201custed presidente asegura que los empresarios que acompa\u00f1aron al mandatario pagaron su viaje, entonces, el Congreso del Estado deber\u00e1 solicitar una investigaci\u00f3n\u00a0 a la Presidencia de la Rep\u00fablica, porque el uso de los recursos privados nada tienen que ver con una negociaci\u00f3n p\u00fablica, en un espacio p\u00fablico, porque eso ser\u00eda un acto de corrupci\u00f3n\u201d.<\/p>\n<p>&nbsp;<\/p>\n<p>En otro asunto, fue turno para el\u00a0legislador Guillermo Alaniz de Le\u00f3n, quien\u00a0present\u00f3 un posicionamiento en torno a la gira de trabajo que realiz\u00f3 el presidente de M\u00e9xico, Andr\u00e9s Manuel L\u00f3pez Obrador a Estados Unidos, al se\u00f1alar que espera que por dicha visita de Estado, se generen acciones positivas para los mexicanos, en especial en materia del Tratado de M\u00e9xico-Estados Unidos y Canad\u00e1 (TEMEC). Detall\u00f3 que si los resultados son positivos no solo se le reconocer\u00e1n sino que coadyuvar\u00e1n con el mandatario para que sean los mejores para M\u00e9xico; sin embargo, dej\u00f3 en claro que no es un trabajo de una sola persona, \u201cla importancia de una visita de Estado son los resultados que se logran para los mexicanos y no solo por ahorrar 2 mil pesos por hacer el viaje en un vuelo comercial\u201d.<\/p>\n<p>&nbsp;<\/p>\n<p>De igual manera, Alan\u00edz de Le\u00f3n le record\u00f3 al presidente de M\u00e9xico que hace falta mucho por hacer en M\u00e9xico, ya que en los \u00faltimos dos a\u00f1os se tuvo cero crecimiento en seguridad, en econom\u00eda y en salud, \u201cen delitos dolosos est\u00e1 muy por arriba de lo que se tuvo en los dos pasados sexenios\u201d.<\/p>\n<p>&nbsp;<\/p>\n<p>Sobre este posicionamiento, el diputado de Morena, Heder Pedro Guzm\u00e1n Espejel,\u00a0afirm\u00f3 que en pasados sexenios se acostumbraba a darle a la poblaci\u00f3n pan y circo y le aclar\u00f3 que en \u00e9sta administraci\u00f3n presidencial ya no hay pan, ni circo, sino apoyos sociales para los m\u00e1s necesitados; adem\u00e1s calific\u00f3 a las administraciones de Vicente Fox Quezada y Felipe Calder\u00f3n como \u201cDocena Tr\u00e1gica\u201d ya que \u00e9stas s\u00ed estuvieron sometidas a lo que dijera el gobierno de Estados Unidos, adem\u00e1s de que dichos gobiernos hac\u00edan lo que quer\u00edan, salvo que quienes ven\u00edan pagando todo eran los mexicanos. Adem\u00e1s celebr\u00f3 la detenci\u00f3n del ex gobernador de Chihuahua C\u00e9sar Duarte.<\/p>\n<p>&nbsp;<\/p>\n<p>A su vez, el\u00a0diputado del PAN, Guillermo Alaniz de Le\u00f3n\u00a0puntualiz\u00f3 que se debe hacer una evaluaci\u00f3n al detalle de lo que est\u00e1 haciendo el presidente de M\u00e9xico, pues las promesas que prometi\u00f3 en campa\u00f1a no las ha cumplido y lo \u00fanico que se percibe es que sus programas sociales en vez de reducir y combatir la pobreza, la est\u00e1 aumentando y solo los aplican con fines electorales.<\/p>\n<p>&nbsp;<\/p>\n<p>En seguida, fue turno para la diputada Natzielly Rodr\u00edguez Calzada, a quien la Diputaci\u00f3n Permanente de manera previa aprob\u00f3 su participaci\u00f3n, expres\u00f3 un posicionamiento con respecto al mal servicio que brinda la Comisi\u00f3n Federal de Electricidad (CFE), de manera particular, en las fallas el\u00e9ctricas constantes que se registran en las colonias Villa Monta\u00f1a y Villas de nuestra Se\u00f1ora de la Asunci\u00f3n, de la zona oriente de la ciudad de Aguascalientes.<\/p>\n<p>&nbsp;<\/p>\n<p>Rodr\u00edguez Calzada, se\u00f1al\u00f3 que los continuos apagones, ya generan una situaci\u00f3n \u00a0de inseguridad p\u00fablica que afecta la tranquilidad y patrimonio de quienes habitan en esa zona, pues no hay iluminaci\u00f3n en vialidades y tambi\u00e9n quienes habitan en esos fraccionamiento se han visto afectados por los da\u00f1os que sufren sus aparatos electrodom\u00e9sticos.<\/p>\n<p>&nbsp;<\/p>\n<p>Al respecto, la legisladora Elsa Land\u00edn, solicit\u00f3 el uso de la voz para sumarse a la propuesta de quien le antecedi\u00f3 en su participaci\u00f3n, y al mismo tiempo coincidi\u00f3 que en aquellos fraccionamientos existen diversas deficiencias en los servicios p\u00fablicos. De igual manera, propuso que el llamado tambi\u00e9n se le haga a Aldo Ruiz, el S\u00faper Delegado del Gobierno federal, para que a trav\u00e9s de \u00e9l, se gestione la atenci\u00f3n de ese caso en particular.<\/p>\n<p>&nbsp;<\/p>\n<p>Por su parte, el diputado Guillermo Alan\u00edz, tambi\u00e9n afirm\u00f3 que el servicio que ofrece la ciudadan\u00eda la CFE es deficiente, pues critic\u00f3 que la paraestatal anuncia que toda queja se puede resolver a trav\u00e9s de dos l\u00edneas telef\u00f3nicas, en las cuales \u201cno responden\u201d. Aunado al mal servicio de atenci\u00f3n que brindan, se suman alzas significativas a las tarifas el\u00e9ctricas.<\/p>\n<p>&nbsp;<\/p>\n<p>De igual manera, el legislador Heder Guzm\u00e1n, se\u00f1al\u00f3 que la petici\u00f3n de su hom\u00f3loga Natzielly ser\u00e1 atendida por la Diputaci\u00f3n Permanente y se har\u00e1n los exhortos a quienes corresponda, al mismo tiempo que precis\u00f3, que el funcionario federal Aldo Ruiz es el encargado solo de los programas sociales del gobierno federal.<\/p>\n<p>&nbsp;<\/p>\n<p>Tras esta participaci\u00f3n, el presidente de la Diputaci\u00f3n Permanente, clausur\u00f3 los trabajos de la presente sesi\u00f3n, al tiempo de informar que la siguiente reuni\u00f3n de la mesa directiva est\u00e1 sujeta a previo aviso.<\/p>\n","protected":false},"excerpt":{"rendered":"<p>La propuesta fue hecha por la legisladora Elsa Land\u00edn, quien no descarta una nueva reorientaci\u00f3n de recursos del Presupuesto de Egresos para rescate de negocios. En posicionamiento, el diputado Heder Guzm\u00e1n, asegur\u00f3 que el encuentro entre los presidentes de M\u00e9xico y Estados Unidos, traer\u00e1 beneficios a la econom\u00eda del pa\u00eds, por el TEMEC. El legislador [&hellip;]<\/p>\n","protected":false},"author":1,"featured_media":9014,"comment_status":"closed","ping_status":"open","sticky":false,"template":"","format":"standard","meta":{"advanced_seo_description":"","jetpack_seo_html_title":"","jetpack_seo_noindex":false,"_jetpack_memberships_contains_paid_content":false,"footnotes":"","jetpack_publicize_message":"","jetpack_publicize_feature_enabled":true,"jetpack_social_post_already_shared":true,"jetpack_social_options":{"image_generator_settings":{"template":"highway","default_image_id":0,"font":"","enabled":false},"version":2}},"categories":[21,5],"tags":[22,44],"class_list":["post-9013","post","type-post","status-publish","format-standard","has-post-thumbnail","hentry","category-aguascalientes","category-h-congreso-del-estado-aguascalientes","tag-aguascalientes","tag-lxiv-legislatura-aguascalientes"],"jetpack_publicize_connections":[],"jetpack_featured_media_url":"https:\/\/i0.wp.com\/informativoelvalledeaguascalientes.online\/wp-content\/uploads\/2020\/07\/hce_perm_15072020.jpg?fit=1253%2C582&ssl=1","jetpack-related-posts":[],"jetpack_sharing_enabled":true,"jetpack_likes_enabled":true,"_links":{"self":[{"href":"https:\/\/informativoelvalledeaguascalientes.online\/index.php?rest_route=\/wp\/v2\/posts\/9013","targetHints":{"allow":["GET"]}}],"collection":[{"href":"https:\/\/informativoelvalledeaguascalientes.online\/index.php?rest_route=\/wp\/v2\/posts"}],"about":[{"href":"https:\/\/informativoelvalledeaguascalientes.online\/index.php?rest_route=\/wp\/v2\/types\/post"}],"author":[{"embeddable":true,"href":"https:\/\/informativoelvalledeaguascalientes.online\/index.php?rest_route=\/wp\/v2\/users\/1"}],"replies":[{"embeddable":true,"href":"https:\/\/informativoelvalledeaguascalientes.online\/index.php?rest_route=%2Fwp%2Fv2%2Fcomments&post=9013"}],"version-history":[{"count":1,"href":"https:\/\/informativoelvalledeaguascalientes.online\/index.php?rest_route=\/wp\/v2\/posts\/9013\/revisions"}],"predecessor-version":[{"id":9015,"href":"https:\/\/informativoelvalledeaguascalientes.online\/index.php?rest_route=\/wp\/v2\/posts\/9013\/revisions\/9015"}],"wp:featuredmedia":[{"embeddable":true,"href":"https:\/\/informativoelvalledeaguascalientes.online\/index.php?rest_route=\/wp\/v2\/media\/9014"}],"wp:attachment":[{"href":"https:\/\/informativoelvalledeaguascalientes.online\/index.php?rest_route=%2Fwp%2Fv2%2Fmedia&parent=9013"}],"wp:term":[{"taxonomy":"category","embeddable":true,"href":"https:\/\/informativoelvalledeaguascalientes.online\/index.php?rest_route=%2Fwp%2Fv2%2Fcategories&post=9013"},{"taxonomy":"post_tag","embeddable":true,"href":"https:\/\/informativoelvalledeaguascalientes.online\/index.php?rest_route=%2Fwp%2Fv2%2Ftags&post=9013"}],"curies":[{"name":"wp","href":"https:\/\/api.w.org\/{rel}","templated":true}]}}