{"id":8757,"date":"2020-07-08T15:48:04","date_gmt":"2020-07-08T21:48:04","guid":{"rendered":"https:\/\/informativoelvalledeaguascalientes.online\/?p=8757"},"modified":"2020-07-08T15:48:04","modified_gmt":"2020-07-08T21:48:04","slug":"tere-jimenez-instala-consejo-municipal-de-la-juventud","status":"publish","type":"post","link":"https:\/\/informativoelvalledeaguascalientes.online\/?p=8757","title":{"rendered":"TERE JIM\u00c9NEZ INSTALA CONSEJO MUNICIPAL DE LA JUVENTUD"},"content":{"rendered":"<div class=\"opinion-section opinion-single-cover opinion-indent opinion-overlay\">\n<div class=\"container\">\n<div class=\"section-head row justify-content-center text-center\">\n<div class=\"col-12 col-md-8\">\n<div class=\"section-meta\">Al tomar protesta al Consejo Municipal de la Juventud, la alcaldesa <strong>Tere Jim\u00e9nez<\/strong>\u00a0se\u00f1al\u00f3 que con este organismo se fortalecen los v\u00ednculos de la sociedad civil con el Municipio para beneficiar a los j\u00f3venes, contribuyendo a la creaci\u00f3n de programas, proyectos y asuntos prioritarios que ayuden a salir adelante y generar nuevas oportunidades para este importante sector de la poblaci\u00f3n.<\/div>\n<\/div>\n<\/div>\n<\/div>\n<\/div>\n<div class=\"opinion-section\">\n<div class=\"container\">\n<div class=\"section-content row justify-content-center\">\n<div class=\"col-12 col-lg-8 opinion-order-1\">\n<article class=\"opinion-post opinion-single post-18153 post type-post status-publish format-standard has-post-thumbnail hentry category-instituto-municipal-de-la-juventud tag-consejo-municipal-de-la-juventud tag-instalacion tag-tere-jimenez\">\n<div class=\"entry-content\">\n<p>Acompa\u00f1ada por\u00a0<strong>Berenice Anah\u00ed Romo Tapia<\/strong>, regidora presidenta de la Comisi\u00f3n Permanente de Educaci\u00f3n, Juventud y Deporte, la alcaldesa conf\u00edo en que con la participaci\u00f3n activa de los j\u00f3venes se consolidar\u00e1n los procesos de cambio que nuestra sociedad necesita, para crear un mundo m\u00e1s humano justo y equitativo.<\/p>\n<p>El Consejo Municipal de la Juventud qued\u00f3 conformado de la siguiente manera:<\/p>\n<p><strong>Tere Jim\u00e9nez<\/strong>, Presidenta del Consejo Municipal de la Juventud<\/p>\n<p><strong>Berenice Anah\u00ed Romo Tapia<\/strong>, Vicepresidenta<\/p>\n<p><strong>Carmen Noem\u00ed Herrada Campos<\/strong>, Secretaria T\u00e9cnica<\/p>\n<p>Vocales:<\/p>\n<p><strong>Ingrid Eunice Tovar Barona, Mitzi Jannethe Garc\u00eda Zamora, Nanssy Selene Ju\u00e1rez Espinosa, Benjam\u00edn Mart\u00ednez Velasco, Gerardo Zaragoza Zamora, Javier Cervantes S\u00e1nchez, Jonathan Santiago Ram\u00edrez y Luis Roberto Pedroza \u00c1lvarez.<\/strong><\/p>\n<\/div>\n<\/article>\n<\/div>\n<\/div>\n<\/div>\n<\/div>\n","protected":false},"excerpt":{"rendered":"<p>Al tomar protesta al Consejo Municipal de la Juventud, la alcaldesa Tere Jim\u00e9nez\u00a0se\u00f1al\u00f3 que con este organismo se fortalecen los v\u00ednculos de la sociedad civil con el Municipio para beneficiar a los j\u00f3venes, contribuyendo a la creaci\u00f3n de programas, proyectos y asuntos prioritarios que ayuden a salir adelante y generar nuevas oportunidades para este importante [&hellip;]<\/p>\n","protected":false},"author":1,"featured_media":8758,"comment_status":"closed","ping_status":"open","sticky":false,"template":"","format":"standard","meta":{"advanced_seo_description":"","jetpack_seo_html_title":"","jetpack_seo_noindex":false,"_jetpack_memberships_contains_paid_content":false,"footnotes":"","jetpack_publicize_message":"","jetpack_publicize_feature_enabled":true,"jetpack_social_post_already_shared":true,"jetpack_social_options":{"image_generator_settings":{"template":"highway","default_image_id":0,"font":"","enabled":false},"version":2}},"categories":[21,3],"tags":[22,134],"class_list":["post-8757","post","type-post","status-publish","format-standard","has-post-thumbnail","hentry","category-aguascalientes","category-municipio-aguascalientes","tag-aguascalientes","tag-mpio-aguascalientes-imjuva"],"jetpack_publicize_connections":[],"jetpack_featured_media_url":"https:\/\/i0.wp.com\/informativoelvalledeaguascalientes.online\/wp-content\/uploads\/2020\/07\/mpio_ags_imjuva_08072020.jpg?fit=1024%2C682&ssl=1","jetpack-related-posts":[],"jetpack_sharing_enabled":true,"jetpack_likes_enabled":true,"_links":{"self":[{"href":"https:\/\/informativoelvalledeaguascalientes.online\/index.php?rest_route=\/wp\/v2\/posts\/8757","targetHints":{"allow":["GET"]}}],"collection":[{"href":"https:\/\/informativoelvalledeaguascalientes.online\/index.php?rest_route=\/wp\/v2\/posts"}],"about":[{"href":"https:\/\/informativoelvalledeaguascalientes.online\/index.php?rest_route=\/wp\/v2\/types\/post"}],"author":[{"embeddable":true,"href":"https:\/\/informativoelvalledeaguascalientes.online\/index.php?rest_route=\/wp\/v2\/users\/1"}],"replies":[{"embeddable":true,"href":"https:\/\/informativoelvalledeaguascalientes.online\/index.php?rest_route=%2Fwp%2Fv2%2Fcomments&post=8757"}],"version-history":[{"count":1,"href":"https:\/\/informativoelvalledeaguascalientes.online\/index.php?rest_route=\/wp\/v2\/posts\/8757\/revisions"}],"predecessor-version":[{"id":8759,"href":"https:\/\/informativoelvalledeaguascalientes.online\/index.php?rest_route=\/wp\/v2\/posts\/8757\/revisions\/8759"}],"wp:featuredmedia":[{"embeddable":true,"href":"https:\/\/informativoelvalledeaguascalientes.online\/index.php?rest_route=\/wp\/v2\/media\/8758"}],"wp:attachment":[{"href":"https:\/\/informativoelvalledeaguascalientes.online\/index.php?rest_route=%2Fwp%2Fv2%2Fmedia&parent=8757"}],"wp:term":[{"taxonomy":"category","embeddable":true,"href":"https:\/\/informativoelvalledeaguascalientes.online\/index.php?rest_route=%2Fwp%2Fv2%2Fcategories&post=8757"},{"taxonomy":"post_tag","embeddable":true,"href":"https:\/\/informativoelvalledeaguascalientes.online\/index.php?rest_route=%2Fwp%2Fv2%2Ftags&post=8757"}],"curies":[{"name":"wp","href":"https:\/\/api.w.org\/{rel}","templated":true}]}}