{"id":8748,"date":"2020-07-08T15:36:30","date_gmt":"2020-07-08T21:36:30","guid":{"rendered":"https:\/\/informativoelvalledeaguascalientes.online\/?p=8748"},"modified":"2020-07-08T15:36:30","modified_gmt":"2020-07-08T21:36:30","slug":"prepara-seggob-ley-de-archivos-para-blindar-la-memoria-documental-e-historica-del-estado","status":"publish","type":"post","link":"https:\/\/informativoelvalledeaguascalientes.online\/?p=8748","title":{"rendered":"PREPARA SEGGOB LEY DE ARCHIVOS PARA BLINDAR LA MEMORIA DOCUMENTAL E HIST\u00d3RICA DEL ESTADO"},"content":{"rendered":"<ul>\n<li style=\"font-weight: 400;\"><strong><em>Se busca contribuir a la transparencia y fortalecimiento de las instancias responsables en la materia y de los sujetos obligados<\/em><\/strong><\/li>\n<li style=\"font-weight: 400;\"><strong><em>Promover\u00e1 sistemas de archivos para garantizar la organizaci\u00f3n, disponibilidad y localizaci\u00f3n de los documentos<\/em><\/strong><\/li>\n<\/ul>\n<p style=\"font-weight: 400;\">\n<p style=\"font-weight: 400;\">Con el fin de generar las condiciones que permitan el blindaje de la memoria documental e hist\u00f3rica del estado de Aguascalientes, y dar cumplimento con la Ley General de la materia, desde la Secretar\u00eda General de Gobierno se trabaja en el proyecto de iniciativa de Ley de Archivos del Estado de Aguascalientes, en coordinaci\u00f3n con el Instituto de Transparencia del Estado de Aguascalientes (ITEA), proyecto que adem\u00e1s busca contribuir a la transparencia y fortalecimiento de las instancias responsables en la materia, as\u00ed lo se\u00f1al\u00f3 el secretario General de Gobierno, Juan Manuel Flores Femat.<\/p>\n<p style=\"font-weight: 400;\">\n<p style=\"font-weight: 400;\">Durante una reuni\u00f3n sostenida con el comisionado presidente del Instituto de Transparencia del Estado de Aguascalientes (ITEA), Marcos Javier Tachiqu\u00edn Rubalcava, Flores Femat adelant\u00f3 que el proyecto estar\u00e1 present\u00e1ndose a la brevedad, y agreg\u00f3 que la Ley estatal deber\u00e1 estar armonizada con su par federal, de la que puedan derivar esquemas de trabajo a mediano y largo plazo, con una visi\u00f3n funcionalista y a futuro.<\/p>\n<p style=\"font-weight: 400;\">\n<p style=\"font-weight: 400;\">En el encuentro de trabajo al que tambi\u00e9n asistieron el subsecretario de Asuntos Jur\u00eddicos, Juan Carlos Arenas L\u00f3pez, y el director general de Archivos, Jaime Delgado Sosa, se acord\u00f3 que en la conformaci\u00f3n del proyecto legal se debe contemplar que\u00a0 \u00e9ste sea una herramienta que facilite a los ciudadanos el acceso a la informaci\u00f3n, adem\u00e1s del presupuesto que se destinar\u00e1 a tal fin.<\/p>\n<p style=\"font-weight: 400;\">\n<p style=\"font-weight: 400;\">Entre los objetivos de la Ley, est\u00e1n la promoci\u00f3n de m\u00e9todos y t\u00e9cnicas archiv\u00edsticas focalizadas al desarrollo de sistemas de archivos de las entidades que garanticen la organizaci\u00f3n, conservaci\u00f3n, disponibilidad, integridad y localizaci\u00f3n expedita de los documentos de archivo que poseen los sujetos obligados, as\u00ed como fomentar la cultura archiv\u00edstica, contribuyendo a la eficiencia de la administraci\u00f3n p\u00fablica y la correcta gesti\u00f3n gubernamental.<\/p>\n<p style=\"font-weight: 400;\">\n","protected":false},"excerpt":{"rendered":"<p>Se busca contribuir a la transparencia y fortalecimiento de las instancias responsables en la materia y de los sujetos obligados Promover\u00e1 sistemas de archivos para garantizar la organizaci\u00f3n, disponibilidad y localizaci\u00f3n de los documentos Con el fin de generar las condiciones que permitan el blindaje de la memoria documental e hist\u00f3rica del estado de Aguascalientes, [&hellip;]<\/p>\n","protected":false},"author":1,"featured_media":8749,"comment_status":"closed","ping_status":"open","sticky":false,"template":"","format":"standard","meta":{"advanced_seo_description":"","jetpack_seo_html_title":"","jetpack_seo_noindex":false,"_jetpack_memberships_contains_paid_content":false,"footnotes":"","jetpack_publicize_message":"","jetpack_publicize_feature_enabled":true,"jetpack_social_post_already_shared":true,"jetpack_social_options":{"image_generator_settings":{"template":"highway","default_image_id":0,"font":"","enabled":false},"version":2}},"categories":[21,4],"tags":[22,36,51],"class_list":["post-8748","post","type-post","status-publish","format-standard","has-post-thumbnail","hentry","category-aguascalientes","category-gobierno-del-estado-aguascalientes","tag-aguascalientes","tag-itea","tag-seggob"],"jetpack_publicize_connections":[],"jetpack_featured_media_url":"https:\/\/i0.wp.com\/informativoelvalledeaguascalientes.online\/wp-content\/uploads\/2020\/07\/seggob_08072020.jpg?fit=947%2C631&ssl=1","jetpack-related-posts":[],"jetpack_sharing_enabled":true,"jetpack_likes_enabled":true,"_links":{"self":[{"href":"https:\/\/informativoelvalledeaguascalientes.online\/index.php?rest_route=\/wp\/v2\/posts\/8748","targetHints":{"allow":["GET"]}}],"collection":[{"href":"https:\/\/informativoelvalledeaguascalientes.online\/index.php?rest_route=\/wp\/v2\/posts"}],"about":[{"href":"https:\/\/informativoelvalledeaguascalientes.online\/index.php?rest_route=\/wp\/v2\/types\/post"}],"author":[{"embeddable":true,"href":"https:\/\/informativoelvalledeaguascalientes.online\/index.php?rest_route=\/wp\/v2\/users\/1"}],"replies":[{"embeddable":true,"href":"https:\/\/informativoelvalledeaguascalientes.online\/index.php?rest_route=%2Fwp%2Fv2%2Fcomments&post=8748"}],"version-history":[{"count":1,"href":"https:\/\/informativoelvalledeaguascalientes.online\/index.php?rest_route=\/wp\/v2\/posts\/8748\/revisions"}],"predecessor-version":[{"id":8750,"href":"https:\/\/informativoelvalledeaguascalientes.online\/index.php?rest_route=\/wp\/v2\/posts\/8748\/revisions\/8750"}],"wp:featuredmedia":[{"embeddable":true,"href":"https:\/\/informativoelvalledeaguascalientes.online\/index.php?rest_route=\/wp\/v2\/media\/8749"}],"wp:attachment":[{"href":"https:\/\/informativoelvalledeaguascalientes.online\/index.php?rest_route=%2Fwp%2Fv2%2Fmedia&parent=8748"}],"wp:term":[{"taxonomy":"category","embeddable":true,"href":"https:\/\/informativoelvalledeaguascalientes.online\/index.php?rest_route=%2Fwp%2Fv2%2Fcategories&post=8748"},{"taxonomy":"post_tag","embeddable":true,"href":"https:\/\/informativoelvalledeaguascalientes.online\/index.php?rest_route=%2Fwp%2Fv2%2Ftags&post=8748"}],"curies":[{"name":"wp","href":"https:\/\/api.w.org\/{rel}","templated":true}]}}