{"id":8725,"date":"2020-07-07T20:12:58","date_gmt":"2020-07-08T02:12:58","guid":{"rendered":"https:\/\/informativoelvalledeaguascalientes.online\/?p=8725"},"modified":"2020-07-07T20:12:58","modified_gmt":"2020-07-08T02:12:58","slug":"tere-jimenez-concreta-rescate-del-area-natural-protegida-la-pona","status":"publish","type":"post","link":"https:\/\/informativoelvalledeaguascalientes.online\/?p=8725","title":{"rendered":"TERE JIM\u00c9NEZ CONCRETA RESCATE DEL \u00c1REA NATURAL PROTEGIDA LA PONA"},"content":{"rendered":"<div class=\"opinion-section opinion-single-cover opinion-indent opinion-overlay\">\n<div class=\"container\">\n<div class=\"section-head row justify-content-center text-center\"><\/div>\n<\/div>\n<\/div>\n<div class=\"opinion-section\">\n<div class=\"container\">\n<div class=\"section-content row justify-content-center\">\n<div class=\"col-12 col-lg-8 opinion-order-1\">\n<article class=\"opinion-post opinion-single post-18114 post type-post status-publish format-standard has-post-thumbnail hentry category-secretaria-de-medio-ambiente-y-desarrollo-sustentable tag-area-natural tag-la-pona tag-protegida tag-semadesu\">\n<div class=\"entry-content\">\n<ul>\n<li><strong>Realiz\u00f3 recorrido de supervisi\u00f3n de las obras de conservaci\u00f3n que ha realizado SEMADESU en este importante pulm\u00f3n de la ciudad<\/strong><\/li>\n<\/ul>\n<p>En un recorrido que se llev\u00f3 a cabo la tarde de este martes, la alcaldesa\u00a0<strong>Tere Jim\u00e9nez<\/strong>\u00a0supervis\u00f3 los trabajos de mantenimiento en el \u00e1rea natural protegida \u201cLa Pona\u201d, en donde reafirm\u00f3 el compromiso por continuar preservando este pulm\u00f3n natural de Aguascalientes.<\/p>\n<p>Durante la visita,\u00a0<strong>Luis Fernando Reynoso Mart\u00ednez<\/strong>, bi\u00f3logo de la asociaci\u00f3n civil S.O.S \u201cLa Pona\u201d, destac\u00f3 la importancia de los trabajos de conservaci\u00f3n, mismos que ayudan a la supervivencia de una gran variedad de aves que hay en el lugar, as\u00ed como de especies end\u00e9micas de la regi\u00f3n como mezquites y huizaches.<\/p>\n<p>La titular de la Secretar\u00eda de Medio Ambiente y Desarrollo Sustentable (SEMADESU),\u00a0<strong>Sarah\u00ed Mac\u00edas Alicea<\/strong>\u00a0explic\u00f3 que durante los \u00faltimos meses se han llevado a cabo trabajos de limpieza, desmalezado, podas de levantamiento, retiro de troncos laterales de los \u00e1rboles, adem\u00e1s de brechas corta fuego que contribuir\u00e1n a la preservaci\u00f3n del sitio y a evitar incendios.<\/p>\n<p>Con estas labores se concreta el rescate de las 11.4 hect\u00e1reas que fueron declaradas como \u00e1rea natural protegida en noviembre de 2018, hecho que fue posible gracias a la colaboraci\u00f3n de los propietarios que dieron en donaci\u00f3n el terreno y de asociaciones civiles que siguen apoyando en este proyecto.<\/p>\n<p>Adem\u00e1s de que las acciones de conservaci\u00f3n continuar\u00e1n por parte de la SEMADESU, se hace un llamado a la poblaci\u00f3n a cuidar de este espacio tan importante, por los servicios ambientales que brinda a la ciudad capital.<\/p>\n<\/div>\n<\/article>\n<\/div>\n<\/div>\n<\/div>\n<\/div>\n","protected":false},"excerpt":{"rendered":"<p>Realiz\u00f3 recorrido de supervisi\u00f3n de las obras de conservaci\u00f3n que ha realizado SEMADESU en este importante pulm\u00f3n de la ciudad En un recorrido que se llev\u00f3 a cabo la tarde de este martes, la alcaldesa\u00a0Tere Jim\u00e9nez\u00a0supervis\u00f3 los trabajos de mantenimiento en el \u00e1rea natural protegida \u201cLa Pona\u201d, en donde reafirm\u00f3 el compromiso por continuar preservando [&hellip;]<\/p>\n","protected":false},"author":1,"featured_media":8727,"comment_status":"closed","ping_status":"open","sticky":false,"template":"","format":"standard","meta":{"advanced_seo_description":"","jetpack_seo_html_title":"","jetpack_seo_noindex":false,"_jetpack_memberships_contains_paid_content":false,"footnotes":"","jetpack_publicize_message":"","jetpack_publicize_feature_enabled":true,"jetpack_social_post_already_shared":true,"jetpack_social_options":{"image_generator_settings":{"template":"highway","default_image_id":0,"font":"","enabled":false},"version":2}},"categories":[21,3],"tags":[22,25],"class_list":["post-8725","post","type-post","status-publish","format-standard","has-post-thumbnail","hentry","category-aguascalientes","category-municipio-aguascalientes","tag-aguascalientes","tag-mpio-aguascalientes"],"jetpack_publicize_connections":[],"jetpack_featured_media_url":"https:\/\/i0.wp.com\/informativoelvalledeaguascalientes.online\/wp-content\/uploads\/2020\/07\/mpio_ags_pona_07072020.jpg?fit=1024%2C683&ssl=1","jetpack-related-posts":[],"jetpack_sharing_enabled":true,"jetpack_likes_enabled":true,"_links":{"self":[{"href":"https:\/\/informativoelvalledeaguascalientes.online\/index.php?rest_route=\/wp\/v2\/posts\/8725","targetHints":{"allow":["GET"]}}],"collection":[{"href":"https:\/\/informativoelvalledeaguascalientes.online\/index.php?rest_route=\/wp\/v2\/posts"}],"about":[{"href":"https:\/\/informativoelvalledeaguascalientes.online\/index.php?rest_route=\/wp\/v2\/types\/post"}],"author":[{"embeddable":true,"href":"https:\/\/informativoelvalledeaguascalientes.online\/index.php?rest_route=\/wp\/v2\/users\/1"}],"replies":[{"embeddable":true,"href":"https:\/\/informativoelvalledeaguascalientes.online\/index.php?rest_route=%2Fwp%2Fv2%2Fcomments&post=8725"}],"version-history":[{"count":1,"href":"https:\/\/informativoelvalledeaguascalientes.online\/index.php?rest_route=\/wp\/v2\/posts\/8725\/revisions"}],"predecessor-version":[{"id":8728,"href":"https:\/\/informativoelvalledeaguascalientes.online\/index.php?rest_route=\/wp\/v2\/posts\/8725\/revisions\/8728"}],"wp:featuredmedia":[{"embeddable":true,"href":"https:\/\/informativoelvalledeaguascalientes.online\/index.php?rest_route=\/wp\/v2\/media\/8727"}],"wp:attachment":[{"href":"https:\/\/informativoelvalledeaguascalientes.online\/index.php?rest_route=%2Fwp%2Fv2%2Fmedia&parent=8725"}],"wp:term":[{"taxonomy":"category","embeddable":true,"href":"https:\/\/informativoelvalledeaguascalientes.online\/index.php?rest_route=%2Fwp%2Fv2%2Fcategories&post=8725"},{"taxonomy":"post_tag","embeddable":true,"href":"https:\/\/informativoelvalledeaguascalientes.online\/index.php?rest_route=%2Fwp%2Fv2%2Ftags&post=8725"}],"curies":[{"name":"wp","href":"https:\/\/api.w.org\/{rel}","templated":true}]}}