{"id":8722,"date":"2020-07-07T18:40:16","date_gmt":"2020-07-08T00:40:16","guid":{"rendered":"https:\/\/informativoelvalledeaguascalientes.online\/?p=8722"},"modified":"2020-07-07T18:40:16","modified_gmt":"2020-07-08T00:40:16","slug":"intercede-cmov-para-que-gobierno-federal-respalde-a-conductores-de-automoviles-contratados-a-traves-de-plataforma","status":"publish","type":"post","link":"https:\/\/informativoelvalledeaguascalientes.online\/?p=8722","title":{"rendered":"INTERCEDE CMOV PARA QUE GOBIERNO FEDERAL RESPALDE A CONDUCTORES DE AUTOM\u00d3VILES CONTRATADOS A TRAV\u00c9S DE PLATAFORMA"},"content":{"rendered":"<ul>\n<li><strong><em>El titular de la Coordinaci\u00f3n General de Movilidad solicit\u00f3 al delegado de la Secretar\u00eda del Bienestar intervenga ante el SAT para apoyar a los operadores de Uber, Didi, Beat y Bolt <\/em><\/strong><\/li>\n<li><strong><em>Buscar\u00e1n en conjunto acciones que permitan contrarrestar los efectos negativos ocasionados por la pandemia generada por el Covid-19 y las retenciones de IVA e ISR<\/em><\/strong><\/li>\n<\/ul>\n<p>&nbsp;<\/p>\n<p>A petici\u00f3n del secretario general de gobierno, Juan Manuel Flores Femat, ante la problem\u00e1tica econ\u00f3mica que afrontan los operadores de autom\u00f3viles que prestan el servicio de transporte a trav\u00e9s de plataformas digitales, el coordinador general de Movilidad, Gustavo Guti\u00e9rrez de la Torre, se reuni\u00f3 con el delegado de la Secretar\u00eda del Bienestar en Aguascalientes, Aldo Ruiz S\u00e1nchez.<\/p>\n<p>&nbsp;<\/p>\n<p>El titular de la CMOV explic\u00f3 que adem\u00e1s de la disminuci\u00f3n en la demanda de usuarios debido a la pandemia ocasionada por el Covid-19, los operadores enfrentan complicaciones debido al esquema de retenciones de IVA e ISR, as\u00ed como la comisi\u00f3n que cada empresa cobra a su socio conductor.<\/p>\n<p>&nbsp;<\/p>\n<p>Por lo anterior, Guti\u00e9rrez de la Torre intercedi\u00f3 ante el representante del Gobierno Federal en Aguascalientes para que, en un trabajo coordinado, se establezcan los mecanismos adecuados y en beneficio de los prestadores de este servicio de transporte.<\/p>\n<p>&nbsp;<\/p>\n<p>Durante la reuni\u00f3n, el coordinador general de Movilidad le manifest\u00f3 al delegado de la Secretar\u00eda del Bienestar en Aguascalientes que los operadores de las plataformas Didi, Beat, Uber y Bolt que operan en la ciudad trabajan con incertidumbre debido a las modificaciones fiscales y le solicit\u00f3 interceder en el tema con el Servicio de Administraci\u00f3n Tributaria.<\/p>\n<p>&nbsp;<\/p>\n<p>Actualmente, para hacer frente a la disminuci\u00f3n de pasajeros y las nuevas tributaciones, la CMOV ofrece a los due\u00f1os de autom\u00f3viles que presten servicios en estas plataformas, pagos trimestrales, semestrales y anuales en el registro ante la Direcci\u00f3n General de Transporte P\u00fablico.<\/p>\n<p>&nbsp;<\/p>\n<p>El coordinador general de Movilidad agradeci\u00f3 la voluntad y disposici\u00f3n del delegado de la Secretar\u00eda del Bienestar en Aguascalientes para atender las necesidades de este sector del transporte de pasajeros.<\/p>\n<p>&nbsp;<\/p>\n<p>Finalmente, ambos titulares coincidieron en que estar\u00e1n en permanente comunicaci\u00f3n para generar acuerdos en beneficio de los prestadores del servicio de transporte de pasajeros.<\/p>\n<p>&nbsp;<\/p>\n","protected":false},"excerpt":{"rendered":"<p>El titular de la Coordinaci\u00f3n General de Movilidad solicit\u00f3 al delegado de la Secretar\u00eda del Bienestar intervenga ante el SAT para apoyar a los operadores de Uber, Didi, Beat y Bolt Buscar\u00e1n en conjunto acciones que permitan contrarrestar los efectos negativos ocasionados por la pandemia generada por el Covid-19 y las retenciones de IVA e [&hellip;]<\/p>\n","protected":false},"author":1,"featured_media":8723,"comment_status":"closed","ping_status":"open","sticky":false,"template":"","format":"standard","meta":{"advanced_seo_description":"","jetpack_seo_html_title":"","jetpack_seo_noindex":false,"_jetpack_memberships_contains_paid_content":false,"footnotes":"","jetpack_publicize_message":"","jetpack_publicize_feature_enabled":true,"jetpack_social_post_already_shared":true,"jetpack_social_options":{"image_generator_settings":{"template":"highway","default_image_id":0,"font":"","enabled":false},"version":2}},"categories":[21,4],"tags":[22,53],"class_list":["post-8722","post","type-post","status-publish","format-standard","has-post-thumbnail","hentry","category-aguascalientes","category-gobierno-del-estado-aguascalientes","tag-aguascalientes","tag-cmov"],"jetpack_publicize_connections":[],"jetpack_featured_media_url":"https:\/\/i0.wp.com\/informativoelvalledeaguascalientes.online\/wp-content\/uploads\/2020\/07\/cmov_07072020.jpg?fit=776%2C582&ssl=1","jetpack-related-posts":[],"jetpack_sharing_enabled":true,"jetpack_likes_enabled":true,"_links":{"self":[{"href":"https:\/\/informativoelvalledeaguascalientes.online\/index.php?rest_route=\/wp\/v2\/posts\/8722","targetHints":{"allow":["GET"]}}],"collection":[{"href":"https:\/\/informativoelvalledeaguascalientes.online\/index.php?rest_route=\/wp\/v2\/posts"}],"about":[{"href":"https:\/\/informativoelvalledeaguascalientes.online\/index.php?rest_route=\/wp\/v2\/types\/post"}],"author":[{"embeddable":true,"href":"https:\/\/informativoelvalledeaguascalientes.online\/index.php?rest_route=\/wp\/v2\/users\/1"}],"replies":[{"embeddable":true,"href":"https:\/\/informativoelvalledeaguascalientes.online\/index.php?rest_route=%2Fwp%2Fv2%2Fcomments&post=8722"}],"version-history":[{"count":1,"href":"https:\/\/informativoelvalledeaguascalientes.online\/index.php?rest_route=\/wp\/v2\/posts\/8722\/revisions"}],"predecessor-version":[{"id":8724,"href":"https:\/\/informativoelvalledeaguascalientes.online\/index.php?rest_route=\/wp\/v2\/posts\/8722\/revisions\/8724"}],"wp:featuredmedia":[{"embeddable":true,"href":"https:\/\/informativoelvalledeaguascalientes.online\/index.php?rest_route=\/wp\/v2\/media\/8723"}],"wp:attachment":[{"href":"https:\/\/informativoelvalledeaguascalientes.online\/index.php?rest_route=%2Fwp%2Fv2%2Fmedia&parent=8722"}],"wp:term":[{"taxonomy":"category","embeddable":true,"href":"https:\/\/informativoelvalledeaguascalientes.online\/index.php?rest_route=%2Fwp%2Fv2%2Fcategories&post=8722"},{"taxonomy":"post_tag","embeddable":true,"href":"https:\/\/informativoelvalledeaguascalientes.online\/index.php?rest_route=%2Fwp%2Fv2%2Ftags&post=8722"}],"curies":[{"name":"wp","href":"https:\/\/api.w.org\/{rel}","templated":true}]}}