{"id":8710,"date":"2020-07-07T15:35:57","date_gmt":"2020-07-07T21:35:57","guid":{"rendered":"https:\/\/informativoelvalledeaguascalientes.online\/?p=8710"},"modified":"2020-07-07T15:35:57","modified_gmt":"2020-07-07T21:35:57","slug":"tere-jimenez-pone-en-marcha-foro-de-consulta-municipal-de-reactivacion-economica","status":"publish","type":"post","link":"https:\/\/informativoelvalledeaguascalientes.online\/?p=8710","title":{"rendered":"TERE JIM\u00c9NEZ PONE EN MARCHA FORO DE CONSULTA MUNICIPAL DE REACTIVACI\u00d3N ECON\u00d3MICA"},"content":{"rendered":"<div class=\"opinion-section opinion-single-cover opinion-indent opinion-overlay\">\n<div class=\"container\">\n<div class=\"section-head row justify-content-center text-center\">\n<div class=\"col-12 col-md-8\">\n<div class=\"section-meta\">La alcaldesa <strong>Tere Jim\u00e9nez<\/strong>\u00a0presidi\u00f3 la instalaci\u00f3n del Foro de Consulta Municipal de Reactivaci\u00f3n Econ\u00f3mica, el cual tiene por objetivo establecer una alianza de trabajo entre el Municipio, los sectores productivos, la academia y las organizaciones civiles, para buscar estrategias que permitan reactivar la econom\u00eda en Aguascalientes.<\/div>\n<\/div>\n<\/div>\n<\/div>\n<\/div>\n<div class=\"opinion-section\">\n<div class=\"container\">\n<div class=\"section-content row justify-content-center\">\n<div class=\"col-12 col-lg-8 opinion-order-1\">\n<article class=\"opinion-post opinion-single post-18087 post type-post status-publish format-standard has-post-thumbnail hentry category-economia tag-consulta tag-foro tag-reactivacion-economica\">\n<div class=\"entry-content\">\n<p>Acompa\u00f1ada por\u00a0<strong>Luis Obreg\u00f3n Pasillas<\/strong>, titular de la Oficina Municipal de Inversiones y\u00a0<strong>Jos\u00e9 Juan S\u00e1nchez Barba<\/strong>, Secretario de Econom\u00eda Social y Turismo Municipal, indic\u00f3 que es momento de que entre todos se dise\u00f1e una estrategia para hacer frente al comportamiento econ\u00f3mico durante la pandemia.<\/p>\n<p><strong>Obreg\u00f3n Pasillas\u00a0<\/strong>detall\u00f3 que se realizar\u00e1n mesas de trabajo para desarrollar las propuestas de los diversos sectores de la poblaci\u00f3n y que al finalizar esta consulta ciudadana se entregue a la alcaldesa un documento rector que refleje el trabajo realizado.<\/p>\n<p>En el evento estuvieron presentes rectores de las universidades, presidentes de c\u00e1maras empresariales, organizaciones civiles y l\u00edderes de diversos sectores econ\u00f3micos y productivos.<\/p>\n<\/div>\n<\/article>\n<\/div>\n<\/div>\n<\/div>\n<\/div>\n","protected":false},"excerpt":{"rendered":"<p>La alcaldesa Tere Jim\u00e9nez\u00a0presidi\u00f3 la instalaci\u00f3n del Foro de Consulta Municipal de Reactivaci\u00f3n Econ\u00f3mica, el cual tiene por objetivo establecer una alianza de trabajo entre el Municipio, los sectores productivos, la academia y las organizaciones civiles, para buscar estrategias que permitan reactivar la econom\u00eda en Aguascalientes. Acompa\u00f1ada por\u00a0Luis Obreg\u00f3n Pasillas, titular de la Oficina Municipal [&hellip;]<\/p>\n","protected":false},"author":1,"featured_media":8711,"comment_status":"closed","ping_status":"open","sticky":false,"template":"","format":"standard","meta":{"advanced_seo_description":"","jetpack_seo_html_title":"","jetpack_seo_noindex":false,"_jetpack_memberships_contains_paid_content":false,"footnotes":"","jetpack_publicize_message":"","jetpack_publicize_feature_enabled":true,"jetpack_social_post_already_shared":true,"jetpack_social_options":{"image_generator_settings":{"template":"highway","default_image_id":0,"font":"","enabled":false},"version":2}},"categories":[21,3],"tags":[22,25],"class_list":["post-8710","post","type-post","status-publish","format-standard","has-post-thumbnail","hentry","category-aguascalientes","category-municipio-aguascalientes","tag-aguascalientes","tag-mpio-aguascalientes"],"jetpack_publicize_connections":[],"jetpack_featured_media_url":"https:\/\/i0.wp.com\/informativoelvalledeaguascalientes.online\/wp-content\/uploads\/2020\/07\/mpio_ags_reactivacion_eco_07072020.jpg?fit=1024%2C620&ssl=1","jetpack-related-posts":[],"jetpack_sharing_enabled":true,"jetpack_likes_enabled":true,"_links":{"self":[{"href":"https:\/\/informativoelvalledeaguascalientes.online\/index.php?rest_route=\/wp\/v2\/posts\/8710","targetHints":{"allow":["GET"]}}],"collection":[{"href":"https:\/\/informativoelvalledeaguascalientes.online\/index.php?rest_route=\/wp\/v2\/posts"}],"about":[{"href":"https:\/\/informativoelvalledeaguascalientes.online\/index.php?rest_route=\/wp\/v2\/types\/post"}],"author":[{"embeddable":true,"href":"https:\/\/informativoelvalledeaguascalientes.online\/index.php?rest_route=\/wp\/v2\/users\/1"}],"replies":[{"embeddable":true,"href":"https:\/\/informativoelvalledeaguascalientes.online\/index.php?rest_route=%2Fwp%2Fv2%2Fcomments&post=8710"}],"version-history":[{"count":1,"href":"https:\/\/informativoelvalledeaguascalientes.online\/index.php?rest_route=\/wp\/v2\/posts\/8710\/revisions"}],"predecessor-version":[{"id":8712,"href":"https:\/\/informativoelvalledeaguascalientes.online\/index.php?rest_route=\/wp\/v2\/posts\/8710\/revisions\/8712"}],"wp:featuredmedia":[{"embeddable":true,"href":"https:\/\/informativoelvalledeaguascalientes.online\/index.php?rest_route=\/wp\/v2\/media\/8711"}],"wp:attachment":[{"href":"https:\/\/informativoelvalledeaguascalientes.online\/index.php?rest_route=%2Fwp%2Fv2%2Fmedia&parent=8710"}],"wp:term":[{"taxonomy":"category","embeddable":true,"href":"https:\/\/informativoelvalledeaguascalientes.online\/index.php?rest_route=%2Fwp%2Fv2%2Fcategories&post=8710"},{"taxonomy":"post_tag","embeddable":true,"href":"https:\/\/informativoelvalledeaguascalientes.online\/index.php?rest_route=%2Fwp%2Fv2%2Ftags&post=8710"}],"curies":[{"name":"wp","href":"https:\/\/api.w.org\/{rel}","templated":true}]}}