{"id":8701,"date":"2020-07-07T15:25:32","date_gmt":"2020-07-07T21:25:32","guid":{"rendered":"https:\/\/informativoelvalledeaguascalientes.online\/?p=8701"},"modified":"2020-07-07T15:25:32","modified_gmt":"2020-07-07T21:25:32","slug":"accion-de-inconstitucionalidad-por-pin-parental-obedece-al-respeto-de-los-derechos-humanos","status":"publish","type":"post","link":"https:\/\/informativoelvalledeaguascalientes.online\/?p=8701","title":{"rendered":"ACCI\u00d3N DE INCONSTITUCIONALIDAD POR PIN PARENTAL OBEDECE AL RESPETO DE LOS DERECHOS HUMANOS"},"content":{"rendered":"<ul>\n<li style=\"font-weight: 400;\"><strong><em>Sin sesgos morales, ideol\u00f3gicos, religiosos o partidistas, se trata de apego irrestricto a la legalidad: JMFF<\/em><\/strong><\/li>\n<li style=\"font-weight: 400;\"><strong><em>Seggob atenta\u00a0 a la resoluci\u00f3n que emita la SCJN, convoc\u00f3 a instancias competentes en la materia para construir un plan de trabajo bajo todos los escenarios posibles<\/em><\/strong><\/li>\n<\/ul>\n<p style=\"font-weight: 400;\"><strong>\u00a0<\/strong><\/p>\n<p style=\"font-weight: 400;\">La acci\u00f3n de inconstitucionalidad interpuesta por la Comisi\u00f3n Estatal de Derechos Humanos (CEDH) sobre el Pin Parental, obedece al respeto y garant\u00eda de los derechos humanos, sin ning\u00fan tipo de orientaci\u00f3n ni sesgo moral, ideol\u00f3gico, religioso o partidista, por lo que dicha instancia es la que sigue este proceso, as\u00ed lo se\u00f1al\u00f3 el\u00a0 secretario General de Gobierno, Juan Manuel Flores Femat.<\/p>\n<p style=\"font-weight: 400;\">\n<p style=\"font-weight: 400;\">Durante una reuni\u00f3n con Yessica P\u00e9rez Carre\u00f3n, coordinadora de Seguimiento, Vinculaci\u00f3n y Transparencia de la CEDH, el responsable de la pol\u00edtica interna apunt\u00f3 que desde la Secretar\u00eda General de Gobierno estar\u00e1n atentos a la resoluci\u00f3n que emita la Suprema Corte de Justicia de la Naci\u00f3n (SCJN).<\/p>\n<p style=\"font-weight: 400;\">\n<p style=\"font-weight: 400;\">Acompa\u00f1ado por la subsecretaria de Gobierno, Claudia Ortega Valadez; y las titulares del Instituto Aguascalentense de las Mujeres (IAM), Nancy Guti\u00e9rrez Ruvalcaba; del DIF Estatal, Nancy X\u00f3chitl Mac\u00edas Pacheco; y del Sistema de Protecci\u00f3n Integral de los Derechos de las Ni\u00f1as, Ni\u00f1os y Adolescentes (Sipinna), Adriana Jurado Valadez, Flores Femat manifest\u00f3 que el Pin Parental adem\u00e1s de vulnerar los derechos humanos de los menores, afectar\u00eda en los recursos que Sipinna e IAM obtienen de la federaci\u00f3n para realizar capacitaciones o programas preventivos e informativos para este sector de la sociedad.<\/p>\n<p style=\"font-weight: 400;\">\n<p style=\"font-weight: 400;\">Adem\u00e1s de conocer por parte de la CEDH el estatus en que se encuentra la acci\u00f3n de inconstitucionalidad, la reuni\u00f3n tambi\u00e9n permiti\u00f3 que se hiciera una planeaci\u00f3n articulada por parte de las instancias competentes en este tema, sobre las acciones o la din\u00e1mica de trabajo que tendr\u00edan que realizar bajo todos los escenarios posibles, derivados de la resoluci\u00f3n de la SCJN.<\/p>\n<p style=\"font-weight: 400;\">\n","protected":false},"excerpt":{"rendered":"<p>Sin sesgos morales, ideol\u00f3gicos, religiosos o partidistas, se trata de apego irrestricto a la legalidad: JMFF Seggob atenta\u00a0 a la resoluci\u00f3n que emita la SCJN, convoc\u00f3 a instancias competentes en la materia para construir un plan de trabajo bajo todos los escenarios posibles \u00a0 La acci\u00f3n de inconstitucionalidad interpuesta por la Comisi\u00f3n Estatal de Derechos [&hellip;]<\/p>\n","protected":false},"author":1,"featured_media":8702,"comment_status":"closed","ping_status":"open","sticky":false,"template":"","format":"standard","meta":{"advanced_seo_description":"","jetpack_seo_html_title":"","jetpack_seo_noindex":false,"_jetpack_memberships_contains_paid_content":false,"footnotes":"","jetpack_publicize_message":"","jetpack_publicize_feature_enabled":true,"jetpack_social_post_already_shared":true,"jetpack_social_options":{"image_generator_settings":{"template":"highway","default_image_id":0,"font":"","enabled":false},"version":2}},"categories":[21,4],"tags":[22,51],"class_list":["post-8701","post","type-post","status-publish","format-standard","has-post-thumbnail","hentry","category-aguascalientes","category-gobierno-del-estado-aguascalientes","tag-aguascalientes","tag-seggob"],"jetpack_publicize_connections":[],"jetpack_featured_media_url":"https:\/\/i0.wp.com\/informativoelvalledeaguascalientes.online\/wp-content\/uploads\/2020\/07\/seggib_07072020.jpg?fit=966%2C631&ssl=1","jetpack-related-posts":[],"jetpack_sharing_enabled":true,"jetpack_likes_enabled":true,"_links":{"self":[{"href":"https:\/\/informativoelvalledeaguascalientes.online\/index.php?rest_route=\/wp\/v2\/posts\/8701","targetHints":{"allow":["GET"]}}],"collection":[{"href":"https:\/\/informativoelvalledeaguascalientes.online\/index.php?rest_route=\/wp\/v2\/posts"}],"about":[{"href":"https:\/\/informativoelvalledeaguascalientes.online\/index.php?rest_route=\/wp\/v2\/types\/post"}],"author":[{"embeddable":true,"href":"https:\/\/informativoelvalledeaguascalientes.online\/index.php?rest_route=\/wp\/v2\/users\/1"}],"replies":[{"embeddable":true,"href":"https:\/\/informativoelvalledeaguascalientes.online\/index.php?rest_route=%2Fwp%2Fv2%2Fcomments&post=8701"}],"version-history":[{"count":1,"href":"https:\/\/informativoelvalledeaguascalientes.online\/index.php?rest_route=\/wp\/v2\/posts\/8701\/revisions"}],"predecessor-version":[{"id":8703,"href":"https:\/\/informativoelvalledeaguascalientes.online\/index.php?rest_route=\/wp\/v2\/posts\/8701\/revisions\/8703"}],"wp:featuredmedia":[{"embeddable":true,"href":"https:\/\/informativoelvalledeaguascalientes.online\/index.php?rest_route=\/wp\/v2\/media\/8702"}],"wp:attachment":[{"href":"https:\/\/informativoelvalledeaguascalientes.online\/index.php?rest_route=%2Fwp%2Fv2%2Fmedia&parent=8701"}],"wp:term":[{"taxonomy":"category","embeddable":true,"href":"https:\/\/informativoelvalledeaguascalientes.online\/index.php?rest_route=%2Fwp%2Fv2%2Fcategories&post=8701"},{"taxonomy":"post_tag","embeddable":true,"href":"https:\/\/informativoelvalledeaguascalientes.online\/index.php?rest_route=%2Fwp%2Fv2%2Ftags&post=8701"}],"curies":[{"name":"wp","href":"https:\/\/api.w.org\/{rel}","templated":true}]}}