{"id":8683,"date":"2020-07-06T20:07:07","date_gmt":"2020-07-07T02:07:07","guid":{"rendered":"https:\/\/informativoelvalledeaguascalientes.online\/?p=8683"},"modified":"2020-07-06T20:07:07","modified_gmt":"2020-07-07T02:07:07","slug":"recibe-cabildo-de-jm-a-secretario-de-finanzas-estatal","status":"publish","type":"post","link":"https:\/\/informativoelvalledeaguascalientes.online\/?p=8683","title":{"rendered":"RECIBE CABILDO DE JM A SECRETARIO DE FINANZAS ESTATAL"},"content":{"rendered":"<p>El presidente municipal de Jes\u00fas Mar\u00eda, Jos\u00e9 Antonio Ar\u00e1mbula L\u00f3pez recibi\u00f3 al Secretario de Finanzas de Gobierno del Estado, Carlos Magallanes Garc\u00eda en la sesi\u00f3n de Cabildo Ordinaria que celebraron los integrantes este d\u00eda, para dar a conocer los pormenores de la adhesi\u00f3n al esquema de Potenciaci\u00f3n del Fondo de Estabilizaci\u00f3n de Ingresos de las Entidades Federativas (FEIEF). El dictamen cont\u00f3 con la mayor\u00eda de los regidores y una abstenci\u00f3n. Asimismo, el alcalde reiter\u00f3 su disposici\u00f3n para trabajar de la mano en todos los asuntos con el Gobernador Mart\u00edn Orozco Sandoval.<\/p>\n","protected":false},"excerpt":{"rendered":"<p>El presidente municipal de Jes\u00fas Mar\u00eda, Jos\u00e9 Antonio Ar\u00e1mbula L\u00f3pez recibi\u00f3 al Secretario de Finanzas de Gobierno del Estado, Carlos Magallanes Garc\u00eda en la sesi\u00f3n de Cabildo Ordinaria que celebraron los integrantes este d\u00eda, para dar a conocer los pormenores de la adhesi\u00f3n al esquema de Potenciaci\u00f3n del Fondo de Estabilizaci\u00f3n de Ingresos de las [&hellip;]<\/p>\n","protected":false},"author":1,"featured_media":8684,"comment_status":"closed","ping_status":"open","sticky":false,"template":"","format":"standard","meta":{"advanced_seo_description":"","jetpack_seo_html_title":"","jetpack_seo_noindex":false,"_jetpack_memberships_contains_paid_content":false,"footnotes":"","jetpack_publicize_message":"","jetpack_publicize_feature_enabled":true,"jetpack_social_post_already_shared":true,"jetpack_social_options":{"image_generator_settings":{"template":"highway","default_image_id":0,"font":"","enabled":false},"version":2}},"categories":[21,14],"tags":[22,45],"class_list":["post-8683","post","type-post","status-publish","format-standard","has-post-thumbnail","hentry","category-aguascalientes","category-jesus-maria-aguascalientes","tag-aguascalientes","tag-jesus-maria-aguascalientes"],"jetpack_publicize_connections":[],"jetpack_featured_media_url":"https:\/\/i0.wp.com\/informativoelvalledeaguascalientes.online\/wp-content\/uploads\/2020\/07\/jm_ags_finanza_edo_ags_06072020.jpg?fit=1024%2C683&ssl=1","jetpack-related-posts":[],"jetpack_sharing_enabled":true,"jetpack_likes_enabled":true,"_links":{"self":[{"href":"https:\/\/informativoelvalledeaguascalientes.online\/index.php?rest_route=\/wp\/v2\/posts\/8683","targetHints":{"allow":["GET"]}}],"collection":[{"href":"https:\/\/informativoelvalledeaguascalientes.online\/index.php?rest_route=\/wp\/v2\/posts"}],"about":[{"href":"https:\/\/informativoelvalledeaguascalientes.online\/index.php?rest_route=\/wp\/v2\/types\/post"}],"author":[{"embeddable":true,"href":"https:\/\/informativoelvalledeaguascalientes.online\/index.php?rest_route=\/wp\/v2\/users\/1"}],"replies":[{"embeddable":true,"href":"https:\/\/informativoelvalledeaguascalientes.online\/index.php?rest_route=%2Fwp%2Fv2%2Fcomments&post=8683"}],"version-history":[{"count":1,"href":"https:\/\/informativoelvalledeaguascalientes.online\/index.php?rest_route=\/wp\/v2\/posts\/8683\/revisions"}],"predecessor-version":[{"id":8685,"href":"https:\/\/informativoelvalledeaguascalientes.online\/index.php?rest_route=\/wp\/v2\/posts\/8683\/revisions\/8685"}],"wp:featuredmedia":[{"embeddable":true,"href":"https:\/\/informativoelvalledeaguascalientes.online\/index.php?rest_route=\/wp\/v2\/media\/8684"}],"wp:attachment":[{"href":"https:\/\/informativoelvalledeaguascalientes.online\/index.php?rest_route=%2Fwp%2Fv2%2Fmedia&parent=8683"}],"wp:term":[{"taxonomy":"category","embeddable":true,"href":"https:\/\/informativoelvalledeaguascalientes.online\/index.php?rest_route=%2Fwp%2Fv2%2Fcategories&post=8683"},{"taxonomy":"post_tag","embeddable":true,"href":"https:\/\/informativoelvalledeaguascalientes.online\/index.php?rest_route=%2Fwp%2Fv2%2Ftags&post=8683"}],"curies":[{"name":"wp","href":"https:\/\/api.w.org\/{rel}","templated":true}]}}