{"id":8667,"date":"2020-07-06T19:49:03","date_gmt":"2020-07-07T01:49:03","guid":{"rendered":"https:\/\/informativoelvalledeaguascalientes.online\/?p=8667"},"modified":"2020-07-06T19:49:03","modified_gmt":"2020-07-07T01:49:03","slug":"gobierno-del-estado-de-ags-y-empresarios-acuerdan-la-consolidacion-del-modelo-corporativo-del-transporte","status":"publish","type":"post","link":"https:\/\/informativoelvalledeaguascalientes.online\/?p=8667","title":{"rendered":"GOBIERNO DEL ESTADO DE AGS. Y EMPRESARIOS ACUERDAN LA CONSOLIDACI\u00d3N DEL MODELO CORPORATIVO DEL TRANSPORTE"},"content":{"rendered":"<ul>\n<li style=\"font-weight: 400;\"><strong><em>El secretario General de Gobierno sostuvo reuniones con un grupo de empresarios de transporte p\u00fablico en modalidad urbana y el coordinador de Movilidad<\/em><\/strong><\/li>\n<li style=\"font-weight: 400;\"><strong><em>Buscar\u00e1n en conjunto medidas para hacer frente a los efectos de la pandemia<\/em><\/strong><\/li>\n<\/ul>\n<p style=\"font-weight: 400;\"><strong><em>\u00a0<\/em><\/strong><\/p>\n<p style=\"font-weight: 400;\">El secretario General de Gobierno, Juan Manuel Flores Femat, sostuvo reuniones con un grupo de empresarios del transporte p\u00fablico en su modalidad urbana, as\u00ed como con Gustavo Guti\u00e9rrez de la Torre, encargado de despacho de la Coordinaci\u00f3n General de Movilidad, a fin de buscar medidas en conjunto que permitan hacer frente a los efectos de la pandemia, identific\u00e1ndose una de ellas como la consecuente disminuci\u00f3n de pasajeros.<\/p>\n<p style=\"font-weight: 400;\">\n<p style=\"font-weight: 400;\">Respecto al tema de la transici\u00f3n de concesionarios al modelo empresarial o corporativo del transporte p\u00fablico, el responsable de la pol\u00edtica interna se\u00f1al\u00f3 que en un trabajo coordinado, se establecer\u00e1n los mecanismos adecuados para cumplir con los tiempos en la adquisici\u00f3n de los veh\u00edculos que hacen falta, y consolidar este proceso.<\/p>\n<p style=\"font-weight: 400;\">\n<p style=\"font-weight: 400;\">Por su parte, los empresarios del transporte p\u00fablico agradecieron la voluntad y disposici\u00f3n del secretario General de Gobierno para atender sus necesidades, se\u00f1alando que estar\u00e1n en permanente comunicaci\u00f3n para generar acuerdos en beneficio de prestadores y usuarios del servicio.<\/p>\n<p style=\"font-weight: 400;\">\n","protected":false},"excerpt":{"rendered":"<p>El secretario General de Gobierno sostuvo reuniones con un grupo de empresarios de transporte p\u00fablico en modalidad urbana y el coordinador de Movilidad Buscar\u00e1n en conjunto medidas para hacer frente a los efectos de la pandemia \u00a0 El secretario General de Gobierno, Juan Manuel Flores Femat, sostuvo reuniones con un grupo de empresarios del transporte [&hellip;]<\/p>\n","protected":false},"author":1,"featured_media":8668,"comment_status":"closed","ping_status":"open","sticky":false,"template":"","format":"standard","meta":{"advanced_seo_description":"","jetpack_seo_html_title":"","jetpack_seo_noindex":false,"_jetpack_memberships_contains_paid_content":false,"footnotes":"","jetpack_publicize_message":"","jetpack_publicize_feature_enabled":true,"jetpack_social_post_already_shared":true,"jetpack_social_options":{"image_generator_settings":{"template":"highway","default_image_id":0,"font":"","enabled":false},"version":2}},"categories":[21,4],"tags":[22,53,51],"class_list":["post-8667","post","type-post","status-publish","format-standard","has-post-thumbnail","hentry","category-aguascalientes","category-gobierno-del-estado-aguascalientes","tag-aguascalientes","tag-cmov","tag-seggob"],"jetpack_publicize_connections":[],"jetpack_featured_media_url":"https:\/\/i0.wp.com\/informativoelvalledeaguascalientes.online\/wp-content\/uploads\/2020\/07\/seguot_cmovilidad_06072020.jpg?fit=873%2C582&ssl=1","jetpack-related-posts":[],"jetpack_sharing_enabled":true,"jetpack_likes_enabled":true,"_links":{"self":[{"href":"https:\/\/informativoelvalledeaguascalientes.online\/index.php?rest_route=\/wp\/v2\/posts\/8667","targetHints":{"allow":["GET"]}}],"collection":[{"href":"https:\/\/informativoelvalledeaguascalientes.online\/index.php?rest_route=\/wp\/v2\/posts"}],"about":[{"href":"https:\/\/informativoelvalledeaguascalientes.online\/index.php?rest_route=\/wp\/v2\/types\/post"}],"author":[{"embeddable":true,"href":"https:\/\/informativoelvalledeaguascalientes.online\/index.php?rest_route=\/wp\/v2\/users\/1"}],"replies":[{"embeddable":true,"href":"https:\/\/informativoelvalledeaguascalientes.online\/index.php?rest_route=%2Fwp%2Fv2%2Fcomments&post=8667"}],"version-history":[{"count":1,"href":"https:\/\/informativoelvalledeaguascalientes.online\/index.php?rest_route=\/wp\/v2\/posts\/8667\/revisions"}],"predecessor-version":[{"id":8669,"href":"https:\/\/informativoelvalledeaguascalientes.online\/index.php?rest_route=\/wp\/v2\/posts\/8667\/revisions\/8669"}],"wp:featuredmedia":[{"embeddable":true,"href":"https:\/\/informativoelvalledeaguascalientes.online\/index.php?rest_route=\/wp\/v2\/media\/8668"}],"wp:attachment":[{"href":"https:\/\/informativoelvalledeaguascalientes.online\/index.php?rest_route=%2Fwp%2Fv2%2Fmedia&parent=8667"}],"wp:term":[{"taxonomy":"category","embeddable":true,"href":"https:\/\/informativoelvalledeaguascalientes.online\/index.php?rest_route=%2Fwp%2Fv2%2Fcategories&post=8667"},{"taxonomy":"post_tag","embeddable":true,"href":"https:\/\/informativoelvalledeaguascalientes.online\/index.php?rest_route=%2Fwp%2Fv2%2Ftags&post=8667"}],"curies":[{"name":"wp","href":"https:\/\/api.w.org\/{rel}","templated":true}]}}