{"id":8656,"date":"2020-07-06T19:38:21","date_gmt":"2020-07-07T01:38:21","guid":{"rendered":"https:\/\/informativoelvalledeaguascalientes.online\/?p=8656"},"modified":"2020-07-06T19:38:21","modified_gmt":"2020-07-07T01:38:21","slug":"acompanara-martha-marquez-a-papas-de-ninos-con-cancer-de-aguascalientes-en-presentacion-de-amparos","status":"publish","type":"post","link":"https:\/\/informativoelvalledeaguascalientes.online\/?p=8656","title":{"rendered":"ACOMPA\u00d1AR\u00c1 MARTHA M\u00c1RQUEZ A PAP\u00c1S DE NI\u00d1OS CON C\u00c1NCER DE AGUASCALIENTES EN PRESENTACI\u00d3N DE AMPAROS"},"content":{"rendered":"<ul>\n<li><b><i>De las 29 piezas oncol\u00f3gicas que demandan solamente se han otorgado 13 a nivel nacional<\/i><\/b><\/li>\n<li><b><i>Presentar\u00e1n amparos para que se garantice el abasto de medicamentos a la brevedad<\/i><\/b><\/li>\n<\/ul>\n<p><b><i><br \/>\n<\/i><\/b>La Senadora Martha M\u00e1rquez Alvarado acompa\u00f1\u00f3 a los pap\u00e1s de ni\u00f1as y ni\u00f1os con c\u00e1ncer a denunciar la falta de medicamentos oncol\u00f3gicos en diversos hospitales del IMSS en el estado.<\/p>\n<p>\u201cActualmente se tiene escasez de Ciclofosfamida, Citarabina, Ifosfamida entre otros, la Secretar\u00eda de Salud emiti\u00f3 un comunicado la semana pasada en el que asegura que est\u00e1 garantizado el abasto; sin embargo, garantizar solo el 50% de los medicamentos no es ninguna garant\u00eda\u201d expres\u00f3.<\/p>\n<p>M\u00e1rquez Alvarado indic\u00f3 que acompa\u00f1ar\u00e1 a los padres de ni\u00f1as y ni\u00f1os con c\u00e1ncer en la presentaci\u00f3n de amparos para que se les garantice el medicamento oncol\u00f3gico a la brevedad; asimismo, seguir\u00e1 presentando las denuncias correspondientes para que se investigue a los responsables del desabasto.<\/p>\n<p>Aunado a esto, la legisladora federal se\u00f1al\u00f3 que a diferencia de lo que ha dicho el Gobierno Federal, el desabasto de medicamentos se debe a un cambio en el esquema en la compra de medicamentos; as\u00ed como a la inactividad de la\u00a0Comisi\u00f3n Federal para la Protecci\u00f3n contra Riesgos Sanitarios (COFEPRIS), a cargo del Dr. Jos\u00e9 Alonso Novelo Baeza, pues dijo hasta el momento hay un rezago de m\u00e1s de 80 mil tr\u00e1mites que no han sido atendidos.<\/p>\n<p>Por su parte, pap\u00e1s y mam\u00e1s de ni\u00f1as y ni\u00f1os con c\u00e1ncer expresaron su testimonio y se\u00f1alaron que son 19 ni\u00f1os los afectados por la falta de piezas oncol\u00f3gicas en las cl\u00ednicas del IMSS del estado.<\/p>\n<p>Finalmente, la Senadora, quien se desempe\u00f1a como Secretaria de la Comisi\u00f3n de Salud en la C\u00e1mara Alta, refrend\u00f3 su compromiso con los padres de los menores, y enfatiz\u00f3 que seguir\u00e1 agotando todos los recursos que sean necesarios para que se les atienda, ya que cada minuto que pasa es una oportunidad de vida para salvar su vida.<\/p>\n","protected":false},"excerpt":{"rendered":"<p>De las 29 piezas oncol\u00f3gicas que demandan solamente se han otorgado 13 a nivel nacional Presentar\u00e1n amparos para que se garantice el abasto de medicamentos a la brevedad La Senadora Martha M\u00e1rquez Alvarado acompa\u00f1\u00f3 a los pap\u00e1s de ni\u00f1as y ni\u00f1os con c\u00e1ncer a denunciar la falta de medicamentos oncol\u00f3gicos en diversos hospitales del IMSS [&hellip;]<\/p>\n","protected":false},"author":1,"featured_media":8657,"comment_status":"closed","ping_status":"open","sticky":false,"template":"","format":"standard","meta":{"advanced_seo_description":"","jetpack_seo_html_title":"","jetpack_seo_noindex":false,"_jetpack_memberships_contains_paid_content":false,"footnotes":"","jetpack_publicize_message":"","jetpack_publicize_feature_enabled":true,"jetpack_social_post_already_shared":true,"jetpack_social_options":{"image_generator_settings":{"template":"highway","default_image_id":0,"font":"","enabled":false},"version":2}},"categories":[21,19,6,8],"tags":[22,41,23],"class_list":["post-8656","post","type-post","status-publish","format-standard","has-post-thumbnail","hentry","category-aguascalientes","category-informacion-general","category-partidos-politicos","category-prd-aguascalientes","tag-aguascalientes","tag-martha-marquez","tag-pan-aguascalientes"],"jetpack_publicize_connections":[],"jetpack_featured_media_url":"https:\/\/i0.wp.com\/informativoelvalledeaguascalientes.online\/wp-content\/uploads\/2020\/07\/mm_cancer_06072020.jpg?fit=873%2C582&ssl=1","jetpack-related-posts":[],"jetpack_sharing_enabled":true,"jetpack_likes_enabled":true,"_links":{"self":[{"href":"https:\/\/informativoelvalledeaguascalientes.online\/index.php?rest_route=\/wp\/v2\/posts\/8656","targetHints":{"allow":["GET"]}}],"collection":[{"href":"https:\/\/informativoelvalledeaguascalientes.online\/index.php?rest_route=\/wp\/v2\/posts"}],"about":[{"href":"https:\/\/informativoelvalledeaguascalientes.online\/index.php?rest_route=\/wp\/v2\/types\/post"}],"author":[{"embeddable":true,"href":"https:\/\/informativoelvalledeaguascalientes.online\/index.php?rest_route=\/wp\/v2\/users\/1"}],"replies":[{"embeddable":true,"href":"https:\/\/informativoelvalledeaguascalientes.online\/index.php?rest_route=%2Fwp%2Fv2%2Fcomments&post=8656"}],"version-history":[{"count":1,"href":"https:\/\/informativoelvalledeaguascalientes.online\/index.php?rest_route=\/wp\/v2\/posts\/8656\/revisions"}],"predecessor-version":[{"id":8658,"href":"https:\/\/informativoelvalledeaguascalientes.online\/index.php?rest_route=\/wp\/v2\/posts\/8656\/revisions\/8658"}],"wp:featuredmedia":[{"embeddable":true,"href":"https:\/\/informativoelvalledeaguascalientes.online\/index.php?rest_route=\/wp\/v2\/media\/8657"}],"wp:attachment":[{"href":"https:\/\/informativoelvalledeaguascalientes.online\/index.php?rest_route=%2Fwp%2Fv2%2Fmedia&parent=8656"}],"wp:term":[{"taxonomy":"category","embeddable":true,"href":"https:\/\/informativoelvalledeaguascalientes.online\/index.php?rest_route=%2Fwp%2Fv2%2Fcategories&post=8656"},{"taxonomy":"post_tag","embeddable":true,"href":"https:\/\/informativoelvalledeaguascalientes.online\/index.php?rest_route=%2Fwp%2Fv2%2Ftags&post=8656"}],"curies":[{"name":"wp","href":"https:\/\/api.w.org\/{rel}","templated":true}]}}