{"id":8653,"date":"2020-07-06T19:30:32","date_gmt":"2020-07-07T01:30:32","guid":{"rendered":"https:\/\/informativoelvalledeaguascalientes.online\/?p=8653"},"modified":"2020-07-06T19:30:32","modified_gmt":"2020-07-07T01:30:32","slug":"llama-issea-a-mantener-uso-de-cubreboca-para-disminuir-probabilidad-de-contagios-por-covid-19","status":"publish","type":"post","link":"https:\/\/informativoelvalledeaguascalientes.online\/?p=8653","title":{"rendered":"LLAMA ISSEA A MANTENER USO DE CUBREBOCA PARA DISMINUIR PROBABILIDAD DE CONTAGIOS POR COVID-19"},"content":{"rendered":"<ul>\n<li dir=\"ltr\">\n<p dir=\"ltr\">Secretario de Salud emite recomendaciones sobre mascarillas de tela y de tipo m\u00e9dicas<\/p>\n<\/li>\n<li dir=\"ltr\">\n<p dir=\"ltr\">Se han confirmado 3 mil 391 casos de Coronavirus en la entidad, 224 casos permanecen en investigaci\u00f3n y han fallecido 171 personas<\/p>\n<\/li>\n<\/ul>\n<p>&nbsp;<\/p>\n<p dir=\"ltr\">El uso del cubreboca es una de las medidas sanitarias m\u00e1s necesarias para hacer frente a la pandemia por el COVID-19, y forma parte de una estrategia integral para evitar un mayor n\u00famero de contagios por este virus, as\u00ed lo declar\u00f3 el secretario de salud, Miguel \u00c1ngel Piza Jim\u00e9nez, quien nuevamente hizo un llamado a la poblaci\u00f3n para el correcto uso de las mascarillas.<\/p>\n<p>&nbsp;<\/p>\n<p dir=\"ltr\">El titular del ISSEA recomend\u00f3 que para utilizar una mascarilla de tela de forma segura se debe lavar las manos antes de colocarla, ajustarla a la cara de modo que no queden aberturas por los lados y cubra perfectamente boca, nariz y barbilla; evitar tocar la mascarilla y al momento de retirarla hacerlo por los el\u00e1sticos que se colocan tras las orejas. Se\u00f1al\u00f3 que es importante que al quitarla se guarde en una bolsa de pl\u00e1stico limpia y al llegar a casa se lave con jab\u00f3n o detergente.<\/p>\n<p>&nbsp;<\/p>\n<p dir=\"ltr\">Inform\u00f3 que si se hace uso de una mascarilla m\u00e9dica se debe asegurar previo a su uso que \u00e9sta no se encuentre rasgada o agujereada, y despu\u00e9s de su uso quitarla desde atr\u00e1s de las orejas a la cabeza, mantenerla alejada de la persona y de toda superficie para posteriormente desecharla en un cesto de basura cerrado. Se\u00f1al\u00f3 que no se debe reutilizar este insumo.<\/p>\n<p>&nbsp;<\/p>\n<p dir=\"ltr\">Por \u00faltimo, a\u00f1adi\u00f3 que la utilizaci\u00f3n de una mascarilla no basta para proporcionar un nivel adecuado de protecci\u00f3n contra el virus, pues tambi\u00e9n es necesario mantener una sana distancia de 1.5 metros con otras personas, lavarse las manos con agua y jab\u00f3n de forma frecuente y evitar tocarse la cara.<\/p>\n<p>&nbsp;<\/p>\n<p dir=\"ltr\">Piza Jim\u00e9nez dio a conocer que al 6 de julio se han confirmado 3 mil 391 casos de Coronavirus en la entidad, 224 personas permanecen en investigaci\u00f3n y 10 mil 619 personas se han descartado. Cabe mencionar que se han realizado 14 mil 234 pruebas PCR.<\/p>\n<p>&nbsp;<\/p>\n<p dir=\"ltr\">Por otro lado, dio a conocer que al 6 de julio se han confirmado 3 mil 391 casos de Coronavirus en la entidad, 224 personas permanecen en investigaci\u00f3n y 10 mil 619 personas se han descartado. Cabe mencionar que se han realizado 14 mil 234 pruebas PCR.<\/p>\n<p>&nbsp;<\/p>\n<p dir=\"ltr\">Finalmente destac\u00f3 que se mantiene amplio el \u00edndice de disponibilidad hospitalaria en Aguascalientes con un 74% en camas generales y un 72% en camas de terapia intensiva.<\/p>\n<p><span style=\"color: #888888;\"><\/p>\n<p><\/span><\/p>\n","protected":false},"excerpt":{"rendered":"<p>Secretario de Salud emite recomendaciones sobre mascarillas de tela y de tipo m\u00e9dicas Se han confirmado 3 mil 391 casos de Coronavirus en la entidad, 224 casos permanecen en investigaci\u00f3n y han fallecido 171 personas &nbsp; El uso del cubreboca es una de las medidas sanitarias m\u00e1s necesarias para hacer frente a la pandemia por [&hellip;]<\/p>\n","protected":false},"author":1,"featured_media":8654,"comment_status":"closed","ping_status":"open","sticky":false,"template":"","format":"standard","meta":{"advanced_seo_description":"","jetpack_seo_html_title":"","jetpack_seo_noindex":false,"_jetpack_memberships_contains_paid_content":false,"footnotes":"","jetpack_publicize_message":"","jetpack_publicize_feature_enabled":true,"jetpack_social_post_already_shared":true,"jetpack_social_options":{"image_generator_settings":{"template":"highway","default_image_id":0,"font":"","enabled":false},"version":2}},"categories":[21,4],"tags":[22,30],"class_list":["post-8653","post","type-post","status-publish","format-standard","has-post-thumbnail","hentry","category-aguascalientes","category-gobierno-del-estado-aguascalientes","tag-aguascalientes","tag-issea"],"jetpack_publicize_connections":[],"jetpack_featured_media_url":"https:\/\/i0.wp.com\/informativoelvalledeaguascalientes.online\/wp-content\/uploads\/2020\/07\/issea_06072020-1.jpg?fit=1035%2C582&ssl=1","jetpack-related-posts":[],"jetpack_sharing_enabled":true,"jetpack_likes_enabled":true,"_links":{"self":[{"href":"https:\/\/informativoelvalledeaguascalientes.online\/index.php?rest_route=\/wp\/v2\/posts\/8653","targetHints":{"allow":["GET"]}}],"collection":[{"href":"https:\/\/informativoelvalledeaguascalientes.online\/index.php?rest_route=\/wp\/v2\/posts"}],"about":[{"href":"https:\/\/informativoelvalledeaguascalientes.online\/index.php?rest_route=\/wp\/v2\/types\/post"}],"author":[{"embeddable":true,"href":"https:\/\/informativoelvalledeaguascalientes.online\/index.php?rest_route=\/wp\/v2\/users\/1"}],"replies":[{"embeddable":true,"href":"https:\/\/informativoelvalledeaguascalientes.online\/index.php?rest_route=%2Fwp%2Fv2%2Fcomments&post=8653"}],"version-history":[{"count":1,"href":"https:\/\/informativoelvalledeaguascalientes.online\/index.php?rest_route=\/wp\/v2\/posts\/8653\/revisions"}],"predecessor-version":[{"id":8655,"href":"https:\/\/informativoelvalledeaguascalientes.online\/index.php?rest_route=\/wp\/v2\/posts\/8653\/revisions\/8655"}],"wp:featuredmedia":[{"embeddable":true,"href":"https:\/\/informativoelvalledeaguascalientes.online\/index.php?rest_route=\/wp\/v2\/media\/8654"}],"wp:attachment":[{"href":"https:\/\/informativoelvalledeaguascalientes.online\/index.php?rest_route=%2Fwp%2Fv2%2Fmedia&parent=8653"}],"wp:term":[{"taxonomy":"category","embeddable":true,"href":"https:\/\/informativoelvalledeaguascalientes.online\/index.php?rest_route=%2Fwp%2Fv2%2Fcategories&post=8653"},{"taxonomy":"post_tag","embeddable":true,"href":"https:\/\/informativoelvalledeaguascalientes.online\/index.php?rest_route=%2Fwp%2Fv2%2Ftags&post=8653"}],"curies":[{"name":"wp","href":"https:\/\/api.w.org\/{rel}","templated":true}]}}