{"id":86501,"date":"2026-04-25T15:37:07","date_gmt":"2026-04-25T21:37:07","guid":{"rendered":"https:\/\/informativoelvalledeaguascalientes.online\/?p=86501"},"modified":"2026-04-28T15:52:18","modified_gmt":"2026-04-28T21:52:18","slug":"miles-de-familias-se-reunieron-para-disfrutar-del-tradicional-desfile-de-primavera-en-el-marco-de-la-feria-nacional-de-san-marcos","status":"publish","type":"post","link":"https:\/\/informativoelvalledeaguascalientes.online\/?p=86501","title":{"rendered":"MILES DE FAMILIAS SE REUNIERON PARA DISFRUTAR DEL TRADICIONAL DESFILE DE PRIMAVERA EN EL MARCO DE LA FERIA NACIONAL DE SAN MARCOS"},"content":{"rendered":"<p><span class=\"html-span xdj266r x14z9mp xat24cr x1lziwak xexx8yu xyri2b x18d9i69 x1c1uobl x1hl2dhg x16tdsg8 x1vvkbs\"><a class=\"x1i10hfl xjbqb8w x1ejq31n x18oe1m7 x1sy0etr xstzfhl x972fbf x10w94by x1qhh985 x14e42zd x9f619 x1ypdohk xt0psk2 x3ct3a4 xdj266r x14z9mp xat24cr x1lziwak xexx8yu xyri2b x18d9i69 x1c1uobl x16tdsg8 x1hl2dhg xggy1nq x1a2a7pz xkrqix3 x1sur9pj x1fey0fg x1s688f\" tabindex=\"0\" role=\"link\" href=\"https:\/\/www.facebook.com\/profile.php?id=100063474403477&amp;__cft__[0]=AZb8ApAu97jwdTinA757YL4MJB2XoHaRahHWH0ZCcA0bNgH9IHepH2utStYiXkcAFwhOPkz7QCvw3049PhNjpL7p6bQifgptqb_8rYXVfzdd9p_G7V16qCR75Bx-lOym_l8&amp;__tn__=-]K-R\"><span class=\"xt0psk2\">Informativo El Valle de Aguascalientes<\/span><\/a><\/span> <span class=\"html-span xdj266r x14z9mp xat24cr x1lziwak xexx8yu xyri2b x18d9i69 x1c1uobl x1hl2dhg x16tdsg8 x1vvkbs\"><a class=\"x1i10hfl xjbqb8w x1ejq31n x18oe1m7 x1sy0etr xstzfhl x972fbf x10w94by x1qhh985 x14e42zd x9f619 x1ypdohk xt0psk2 x3ct3a4 xdj266r x14z9mp xat24cr x1lziwak xexx8yu xyri2b x18d9i69 x1c1uobl x16tdsg8 x1hl2dhg xggy1nq x1a2a7pz xkrqix3 x1sur9pj x1fey0fg x1s688f\" tabindex=\"0\" role=\"link\" href=\"https:\/\/www.facebook.com\/hashtag\/novaradioaguascalientes?__eep__=6&amp;__cft__[0]=AZb8ApAu97jwdTinA757YL4MJB2XoHaRahHWH0ZCcA0bNgH9IHepH2utStYiXkcAFwhOPkz7QCvw3049PhNjpL7p6bQifgptqb_8rYXVfzdd9p_G7V16qCR75Bx-lOym_l8&amp;__tn__=*NK-R\">#novaradioaguascalientes<\/a><\/span> <span class=\"html-span xdj266r x14z9mp xat24cr x1lziwak xexx8yu xyri2b x18d9i69 x1c1uobl x1hl2dhg x16tdsg8 x1vvkbs\"><a class=\"x1i10hfl xjbqb8w x1ejq31n x18oe1m7 x1sy0etr xstzfhl x972fbf x10w94by x1qhh985 x14e42zd x9f619 x1ypdohk xt0psk2 x3ct3a4 xdj266r x14z9mp xat24cr x1lziwak xexx8yu xyri2b x18d9i69 x1c1uobl x16tdsg8 x1hl2dhg xggy1nq x1a2a7pz xkrqix3 x1sur9pj x1fey0fg x1s688f\" tabindex=\"0\" role=\"link\" href=\"https:\/\/www.facebook.com\/hashtag\/informativoelvalledeaguascalientes?__eep__=6&amp;__cft__[0]=AZb8ApAu97jwdTinA757YL4MJB2XoHaRahHWH0ZCcA0bNgH9IHepH2utStYiXkcAFwhOPkz7QCvw3049PhNjpL7p6bQifgptqb_8rYXVfzdd9p_G7V16qCR75Bx-lOym_l8&amp;__tn__=*NK-R\">#informativoelvalledeaguascalientes<\/a><\/span> <span class=\"html-span xdj266r x14z9mp xat24cr x1lziwak xexx8yu xyri2b x18d9i69 x1c1uobl x1hl2dhg x16tdsg8 x1vvkbs\"><a class=\"x1i10hfl xjbqb8w x1ejq31n x18oe1m7 x1sy0etr xstzfhl x972fbf x10w94by x1qhh985 x14e42zd x9f619 x1ypdohk xt0psk2 x3ct3a4 xdj266r x14z9mp xat24cr x1lziwak xexx8yu xyri2b x18d9i69 x1c1uobl x16tdsg8 x1hl2dhg xggy1nq x1a2a7pz xkrqix3 x1sur9pj x1fey0fg x1s688f\" tabindex=\"0\" role=\"link\" href=\"https:\/\/www.facebook.com\/hashtag\/aguascalientes?__eep__=6&amp;__cft__[0]=AZb8ApAu97jwdTinA757YL4MJB2XoHaRahHWH0ZCcA0bNgH9IHepH2utStYiXkcAFwhOPkz7QCvw3049PhNjpL7p6bQifgptqb_8rYXVfzdd9p_G7V16qCR75Bx-lOym_l8&amp;__tn__=*NK-R\">#Aguascalientes<\/a><\/span> <span class=\"html-span xdj266r x14z9mp xat24cr x1lziwak xexx8yu xyri2b x18d9i69 x1c1uobl x1hl2dhg x16tdsg8 x1vvkbs\"><a class=\"x1i10hfl xjbqb8w x1ejq31n x18oe1m7 x1sy0etr xstzfhl x972fbf x10w94by x1qhh985 x14e42zd x9f619 x1ypdohk xt0psk2 x3ct3a4 xdj266r x14z9mp xat24cr x1lziwak xexx8yu xyri2b x18d9i69 x1c1uobl x16tdsg8 x1hl2dhg xggy1nq x1a2a7pz xkrqix3 x1sur9pj x1fey0fg x1s688f\" tabindex=\"0\" role=\"link\" href=\"https:\/\/www.facebook.com\/hashtag\/informativoelvalledeaguascalientesll?__eep__=6&amp;__cft__[0]=AZb8ApAu97jwdTinA757YL4MJB2XoHaRahHWH0ZCcA0bNgH9IHepH2utStYiXkcAFwhOPkz7QCvw3049PhNjpL7p6bQifgptqb_8rYXVfzdd9p_G7V16qCR75Bx-lOym_l8&amp;__tn__=*NK-R\">#informativoelvalledeaguascalientesll<\/a><\/span> <span class=\"html-span xdj266r x14z9mp xat24cr x1lziwak xexx8yu xyri2b x18d9i69 x1c1uobl x1hl2dhg x16tdsg8 x1vvkbs\"><a class=\"x1i10hfl xjbqb8w x1ejq31n x18oe1m7 x1sy0etr xstzfhl x972fbf x10w94by x1qhh985 x14e42zd x9f619 x1ypdohk xt0psk2 x3ct3a4 xdj266r x14z9mp xat24cr x1lziwak xexx8yu xyri2b x18d9i69 x1c1uobl x16tdsg8 x1hl2dhg xggy1nq x1a2a7pz xkrqix3 x1sur9pj x1fey0fg x1s688f\" tabindex=\"0\" role=\"link\" href=\"https:\/\/www.facebook.com\/hashtag\/elgigantedem%C3%A9xico?__eep__=6&amp;__cft__[0]=AZb8ApAu97jwdTinA757YL4MJB2XoHaRahHWH0ZCcA0bNgH9IHepH2utStYiXkcAFwhOPkz7QCvw3049PhNjpL7p6bQifgptqb_8rYXVfzdd9p_G7V16qCR75Bx-lOym_l8&amp;__tn__=*NK-R\">#ElGiganteDeM\u00e9xico<\/a><\/span><\/p>\n<p>&nbsp;<\/p>\n<div class=\"tiled-gallery type-rectangular tiled-gallery-unresized\" data-original-width=\"640\" data-carousel-extra='null' itemscope itemtype=\"http:\/\/schema.org\/ImageGallery\" > <div class=\"gallery-row\" style=\"width: 640px; height: 287px;\" data-original-width=\"640\" data-original-height=\"287\" > <div class=\"gallery-group images-1\" style=\"width: 429px; height: 287px;\" data-original-width=\"429\" data-original-height=\"287\" > <div class=\"tiled-gallery-item tiled-gallery-item-large\" itemprop=\"associatedMedia\" itemscope itemtype=\"http:\/\/schema.org\/ImageObject\"> <a href=\"https:\/\/informativoelvalledeaguascalientes.online\/?attachment_id=86502\" border=\"0\" itemprop=\"url\"> <meta itemprop=\"width\" content=\"425\"> <meta itemprop=\"height\" content=\"283\"> <img decoding=\"async\" class=\"\" data-attachment-id=\"86502\" data-orig-file=\"https:\/\/informativoelvalledeaguascalientes.online\/wp-content\/uploads\/2026\/04\/desfile-primavera-11.jpeg\" data-orig-size=\"1440,960\" data-comments-opened=\"\" data-image-meta=\"{&quot;aperture&quot;:&quot;0&quot;,&quot;credit&quot;:&quot;&quot;,&quot;camera&quot;:&quot;&quot;,&quot;caption&quot;:&quot;&quot;,&quot;created_timestamp&quot;:&quot;0&quot;,&quot;copyright&quot;:&quot;&quot;,&quot;focal_length&quot;:&quot;0&quot;,&quot;iso&quot;:&quot;0&quot;,&quot;shutter_speed&quot;:&quot;0&quot;,&quot;title&quot;:&quot;&quot;,&quot;orientation&quot;:&quot;0&quot;}\" data-image-title=\"desfile primavera (11)\" data-image-description=\"\" data-medium-file=\"https:\/\/i0.wp.com\/informativoelvalledeaguascalientes.online\/wp-content\/uploads\/2026\/04\/desfile-primavera-11.jpeg?fit=300%2C200&#038;ssl=1\" data-large-file=\"https:\/\/i0.wp.com\/informativoelvalledeaguascalientes.online\/wp-content\/uploads\/2026\/04\/desfile-primavera-11.jpeg?fit=640%2C427&#038;ssl=1\" src=\"https:\/\/i0.wp.com\/informativoelvalledeaguascalientes.online\/wp-content\/uploads\/2026\/04\/desfile-primavera-11.jpeg?w=425&#038;h=283&#038;ssl=1\" srcset=\"https:\/\/i0.wp.com\/informativoelvalledeaguascalientes.online\/wp-content\/uploads\/2026\/04\/desfile-primavera-11.jpeg?w=1440&amp;ssl=1 1440w, https:\/\/i0.wp.com\/informativoelvalledeaguascalientes.online\/wp-content\/uploads\/2026\/04\/desfile-primavera-11.jpeg?resize=300%2C200&amp;ssl=1 300w, https:\/\/i0.wp.com\/informativoelvalledeaguascalientes.online\/wp-content\/uploads\/2026\/04\/desfile-primavera-11.jpeg?resize=1024%2C683&amp;ssl=1 1024w, https:\/\/i0.wp.com\/informativoelvalledeaguascalientes.online\/wp-content\/uploads\/2026\/04\/desfile-primavera-11.jpeg?resize=768%2C512&amp;ssl=1 768w, https:\/\/i0.wp.com\/informativoelvalledeaguascalientes.online\/wp-content\/uploads\/2026\/04\/desfile-primavera-11.jpeg?w=1280&amp;ssl=1 1280w\" width=\"425\" height=\"283\" loading=\"lazy\" data-original-width=\"425\" data-original-height=\"283\" itemprop=\"http:\/\/schema.org\/image\" title=\"desfile primavera (11)\" alt=\"desfile primavera (11)\" style=\"width: 425px; height: 283px;\" \/> <\/a> <\/div> <\/div> <!-- close group --> <div class=\"gallery-group images-2\" style=\"width: 211px; height: 287px;\" data-original-width=\"211\" data-original-height=\"287\" > <div class=\"tiled-gallery-item tiled-gallery-item-small\" itemprop=\"associatedMedia\" itemscope itemtype=\"http:\/\/schema.org\/ImageObject\"> <a href=\"https:\/\/informativoelvalledeaguascalientes.online\/?attachment_id=86503\" border=\"0\" itemprop=\"url\"> <meta itemprop=\"width\" content=\"207\"> <meta itemprop=\"height\" content=\"138\"> <img decoding=\"async\" class=\"\" data-attachment-id=\"86503\" data-orig-file=\"https:\/\/informativoelvalledeaguascalientes.online\/wp-content\/uploads\/2026\/04\/desfile-primavera-12.jpeg\" data-orig-size=\"1440,960\" data-comments-opened=\"\" data-image-meta=\"{&quot;aperture&quot;:&quot;0&quot;,&quot;credit&quot;:&quot;&quot;,&quot;camera&quot;:&quot;&quot;,&quot;caption&quot;:&quot;&quot;,&quot;created_timestamp&quot;:&quot;0&quot;,&quot;copyright&quot;:&quot;&quot;,&quot;focal_length&quot;:&quot;0&quot;,&quot;iso&quot;:&quot;0&quot;,&quot;shutter_speed&quot;:&quot;0&quot;,&quot;title&quot;:&quot;&quot;,&quot;orientation&quot;:&quot;0&quot;}\" data-image-title=\"desfile primavera (12)\" data-image-description=\"\" data-medium-file=\"https:\/\/i0.wp.com\/informativoelvalledeaguascalientes.online\/wp-content\/uploads\/2026\/04\/desfile-primavera-12.jpeg?fit=300%2C200&#038;ssl=1\" data-large-file=\"https:\/\/i0.wp.com\/informativoelvalledeaguascalientes.online\/wp-content\/uploads\/2026\/04\/desfile-primavera-12.jpeg?fit=640%2C427&#038;ssl=1\" src=\"https:\/\/i0.wp.com\/informativoelvalledeaguascalientes.online\/wp-content\/uploads\/2026\/04\/desfile-primavera-12.jpeg?w=207&#038;h=138&#038;ssl=1\" srcset=\"https:\/\/i0.wp.com\/informativoelvalledeaguascalientes.online\/wp-content\/uploads\/2026\/04\/desfile-primavera-12.jpeg?w=1440&amp;ssl=1 1440w, https:\/\/i0.wp.com\/informativoelvalledeaguascalientes.online\/wp-content\/uploads\/2026\/04\/desfile-primavera-12.jpeg?resize=300%2C200&amp;ssl=1 300w, https:\/\/i0.wp.com\/informativoelvalledeaguascalientes.online\/wp-content\/uploads\/2026\/04\/desfile-primavera-12.jpeg?resize=1024%2C683&amp;ssl=1 1024w, https:\/\/i0.wp.com\/informativoelvalledeaguascalientes.online\/wp-content\/uploads\/2026\/04\/desfile-primavera-12.jpeg?resize=768%2C512&amp;ssl=1 768w, https:\/\/i0.wp.com\/informativoelvalledeaguascalientes.online\/wp-content\/uploads\/2026\/04\/desfile-primavera-12.jpeg?w=1280&amp;ssl=1 1280w\" width=\"207\" height=\"138\" loading=\"lazy\" data-original-width=\"207\" data-original-height=\"138\" itemprop=\"http:\/\/schema.org\/image\" title=\"desfile primavera (12)\" alt=\"desfile primavera (12)\" style=\"width: 207px; height: 138px;\" \/> <\/a> <\/div> <div class=\"tiled-gallery-item tiled-gallery-item-small\" itemprop=\"associatedMedia\" itemscope itemtype=\"http:\/\/schema.org\/ImageObject\"> <a href=\"https:\/\/informativoelvalledeaguascalientes.online\/?attachment_id=86504\" border=\"0\" itemprop=\"url\"> <meta itemprop=\"width\" content=\"207\"> <meta itemprop=\"height\" content=\"141\"> <img decoding=\"async\" class=\"\" data-attachment-id=\"86504\" data-orig-file=\"https:\/\/informativoelvalledeaguascalientes.online\/wp-content\/uploads\/2026\/04\/desfile-primavera-13.jpeg\" data-orig-size=\"1440,986\" data-comments-opened=\"\" data-image-meta=\"{&quot;aperture&quot;:&quot;0&quot;,&quot;credit&quot;:&quot;&quot;,&quot;camera&quot;:&quot;&quot;,&quot;caption&quot;:&quot;&quot;,&quot;created_timestamp&quot;:&quot;0&quot;,&quot;copyright&quot;:&quot;&quot;,&quot;focal_length&quot;:&quot;0&quot;,&quot;iso&quot;:&quot;0&quot;,&quot;shutter_speed&quot;:&quot;0&quot;,&quot;title&quot;:&quot;&quot;,&quot;orientation&quot;:&quot;0&quot;}\" data-image-title=\"desfile primavera (13)\" data-image-description=\"\" data-medium-file=\"https:\/\/i0.wp.com\/informativoelvalledeaguascalientes.online\/wp-content\/uploads\/2026\/04\/desfile-primavera-13.jpeg?fit=300%2C205&#038;ssl=1\" data-large-file=\"https:\/\/i0.wp.com\/informativoelvalledeaguascalientes.online\/wp-content\/uploads\/2026\/04\/desfile-primavera-13.jpeg?fit=640%2C438&#038;ssl=1\" src=\"https:\/\/i0.wp.com\/informativoelvalledeaguascalientes.online\/wp-content\/uploads\/2026\/04\/desfile-primavera-13.jpeg?w=207&#038;h=141&#038;ssl=1\" srcset=\"https:\/\/i0.wp.com\/informativoelvalledeaguascalientes.online\/wp-content\/uploads\/2026\/04\/desfile-primavera-13.jpeg?w=1440&amp;ssl=1 1440w, https:\/\/i0.wp.com\/informativoelvalledeaguascalientes.online\/wp-content\/uploads\/2026\/04\/desfile-primavera-13.jpeg?resize=300%2C205&amp;ssl=1 300w, https:\/\/i0.wp.com\/informativoelvalledeaguascalientes.online\/wp-content\/uploads\/2026\/04\/desfile-primavera-13.jpeg?resize=1024%2C701&amp;ssl=1 1024w, https:\/\/i0.wp.com\/informativoelvalledeaguascalientes.online\/wp-content\/uploads\/2026\/04\/desfile-primavera-13.jpeg?resize=768%2C526&amp;ssl=1 768w, https:\/\/i0.wp.com\/informativoelvalledeaguascalientes.online\/wp-content\/uploads\/2026\/04\/desfile-primavera-13.jpeg?w=1280&amp;ssl=1 1280w\" width=\"207\" height=\"141\" loading=\"lazy\" data-original-width=\"207\" data-original-height=\"141\" itemprop=\"http:\/\/schema.org\/image\" title=\"desfile primavera (13)\" alt=\"desfile primavera (13)\" style=\"width: 207px; height: 141px;\" \/> <\/a> <\/div> <\/div> <!-- close group --> <\/div> <!-- close row --> <div class=\"gallery-row\" style=\"width: 640px; height: 144px;\" data-original-width=\"640\" data-original-height=\"144\" > <div class=\"gallery-group images-1\" style=\"width: 214px; height: 144px;\" data-original-width=\"214\" data-original-height=\"144\" > <div class=\"tiled-gallery-item tiled-gallery-item-small\" itemprop=\"associatedMedia\" itemscope itemtype=\"http:\/\/schema.org\/ImageObject\"> <a href=\"https:\/\/informativoelvalledeaguascalientes.online\/?attachment_id=86505\" border=\"0\" itemprop=\"url\"> <meta itemprop=\"width\" content=\"210\"> <meta itemprop=\"height\" content=\"140\"> <img decoding=\"async\" class=\"\" data-attachment-id=\"86505\" data-orig-file=\"https:\/\/informativoelvalledeaguascalientes.online\/wp-content\/uploads\/2026\/04\/desfile-primavera-14.jpeg\" data-orig-size=\"1440,960\" data-comments-opened=\"\" data-image-meta=\"{&quot;aperture&quot;:&quot;0&quot;,&quot;credit&quot;:&quot;&quot;,&quot;camera&quot;:&quot;&quot;,&quot;caption&quot;:&quot;&quot;,&quot;created_timestamp&quot;:&quot;0&quot;,&quot;copyright&quot;:&quot;&quot;,&quot;focal_length&quot;:&quot;0&quot;,&quot;iso&quot;:&quot;0&quot;,&quot;shutter_speed&quot;:&quot;0&quot;,&quot;title&quot;:&quot;&quot;,&quot;orientation&quot;:&quot;0&quot;}\" data-image-title=\"desfile primavera (14)\" data-image-description=\"\" data-medium-file=\"https:\/\/i0.wp.com\/informativoelvalledeaguascalientes.online\/wp-content\/uploads\/2026\/04\/desfile-primavera-14.jpeg?fit=300%2C200&#038;ssl=1\" data-large-file=\"https:\/\/i0.wp.com\/informativoelvalledeaguascalientes.online\/wp-content\/uploads\/2026\/04\/desfile-primavera-14.jpeg?fit=640%2C427&#038;ssl=1\" src=\"https:\/\/i0.wp.com\/informativoelvalledeaguascalientes.online\/wp-content\/uploads\/2026\/04\/desfile-primavera-14.jpeg?w=210&#038;h=140&#038;ssl=1\" srcset=\"https:\/\/i0.wp.com\/informativoelvalledeaguascalientes.online\/wp-content\/uploads\/2026\/04\/desfile-primavera-14.jpeg?w=1440&amp;ssl=1 1440w, https:\/\/i0.wp.com\/informativoelvalledeaguascalientes.online\/wp-content\/uploads\/2026\/04\/desfile-primavera-14.jpeg?resize=300%2C200&amp;ssl=1 300w, https:\/\/i0.wp.com\/informativoelvalledeaguascalientes.online\/wp-content\/uploads\/2026\/04\/desfile-primavera-14.jpeg?resize=1024%2C683&amp;ssl=1 1024w, https:\/\/i0.wp.com\/informativoelvalledeaguascalientes.online\/wp-content\/uploads\/2026\/04\/desfile-primavera-14.jpeg?resize=768%2C512&amp;ssl=1 768w, https:\/\/i0.wp.com\/informativoelvalledeaguascalientes.online\/wp-content\/uploads\/2026\/04\/desfile-primavera-14.jpeg?w=1280&amp;ssl=1 1280w\" width=\"210\" height=\"140\" loading=\"lazy\" data-original-width=\"210\" data-original-height=\"140\" itemprop=\"http:\/\/schema.org\/image\" title=\"desfile primavera (14)\" alt=\"desfile primavera (14)\" style=\"width: 210px; height: 140px;\" \/> <\/a> <\/div> <\/div> <!-- close group --> <div class=\"gallery-group images-1\" style=\"width: 213px; height: 144px;\" data-original-width=\"213\" data-original-height=\"144\" > <div class=\"tiled-gallery-item tiled-gallery-item-small\" itemprop=\"associatedMedia\" itemscope itemtype=\"http:\/\/schema.org\/ImageObject\"> <a href=\"https:\/\/informativoelvalledeaguascalientes.online\/?attachment_id=86506\" border=\"0\" itemprop=\"url\"> <meta itemprop=\"width\" content=\"209\"> <meta itemprop=\"height\" content=\"140\"> <img decoding=\"async\" class=\"\" data-attachment-id=\"86506\" data-orig-file=\"https:\/\/informativoelvalledeaguascalientes.online\/wp-content\/uploads\/2026\/04\/desfile-primavera-15.jpeg\" data-orig-size=\"1440,960\" data-comments-opened=\"\" data-image-meta=\"{&quot;aperture&quot;:&quot;0&quot;,&quot;credit&quot;:&quot;&quot;,&quot;camera&quot;:&quot;&quot;,&quot;caption&quot;:&quot;&quot;,&quot;created_timestamp&quot;:&quot;0&quot;,&quot;copyright&quot;:&quot;&quot;,&quot;focal_length&quot;:&quot;0&quot;,&quot;iso&quot;:&quot;0&quot;,&quot;shutter_speed&quot;:&quot;0&quot;,&quot;title&quot;:&quot;&quot;,&quot;orientation&quot;:&quot;0&quot;}\" data-image-title=\"desfile primavera (15)\" data-image-description=\"\" data-medium-file=\"https:\/\/i0.wp.com\/informativoelvalledeaguascalientes.online\/wp-content\/uploads\/2026\/04\/desfile-primavera-15.jpeg?fit=300%2C200&#038;ssl=1\" data-large-file=\"https:\/\/i0.wp.com\/informativoelvalledeaguascalientes.online\/wp-content\/uploads\/2026\/04\/desfile-primavera-15.jpeg?fit=640%2C427&#038;ssl=1\" src=\"https:\/\/i0.wp.com\/informativoelvalledeaguascalientes.online\/wp-content\/uploads\/2026\/04\/desfile-primavera-15.jpeg?w=209&#038;h=140&#038;ssl=1\" srcset=\"https:\/\/i0.wp.com\/informativoelvalledeaguascalientes.online\/wp-content\/uploads\/2026\/04\/desfile-primavera-15.jpeg?w=1440&amp;ssl=1 1440w, https:\/\/i0.wp.com\/informativoelvalledeaguascalientes.online\/wp-content\/uploads\/2026\/04\/desfile-primavera-15.jpeg?resize=300%2C200&amp;ssl=1 300w, https:\/\/i0.wp.com\/informativoelvalledeaguascalientes.online\/wp-content\/uploads\/2026\/04\/desfile-primavera-15.jpeg?resize=1024%2C683&amp;ssl=1 1024w, https:\/\/i0.wp.com\/informativoelvalledeaguascalientes.online\/wp-content\/uploads\/2026\/04\/desfile-primavera-15.jpeg?resize=768%2C512&amp;ssl=1 768w, https:\/\/i0.wp.com\/informativoelvalledeaguascalientes.online\/wp-content\/uploads\/2026\/04\/desfile-primavera-15.jpeg?w=1280&amp;ssl=1 1280w\" width=\"209\" height=\"140\" loading=\"lazy\" data-original-width=\"209\" data-original-height=\"140\" itemprop=\"http:\/\/schema.org\/image\" title=\"desfile primavera (15)\" alt=\"desfile primavera (15)\" style=\"width: 209px; height: 140px;\" \/> <\/a> <\/div> <\/div> <!-- close group --> <div class=\"gallery-group images-1\" style=\"width: 213px; height: 144px;\" data-original-width=\"213\" data-original-height=\"144\" > <div class=\"tiled-gallery-item tiled-gallery-item-small\" itemprop=\"associatedMedia\" itemscope itemtype=\"http:\/\/schema.org\/ImageObject\"> <a href=\"https:\/\/informativoelvalledeaguascalientes.online\/?attachment_id=86508\" border=\"0\" itemprop=\"url\"> <meta itemprop=\"width\" content=\"209\"> <meta itemprop=\"height\" content=\"140\"> <img decoding=\"async\" class=\"\" data-attachment-id=\"86508\" data-orig-file=\"https:\/\/informativoelvalledeaguascalientes.online\/wp-content\/uploads\/2026\/04\/desfile-primavera-17.jpeg\" data-orig-size=\"1440,960\" data-comments-opened=\"\" data-image-meta=\"{&quot;aperture&quot;:&quot;0&quot;,&quot;credit&quot;:&quot;&quot;,&quot;camera&quot;:&quot;&quot;,&quot;caption&quot;:&quot;&quot;,&quot;created_timestamp&quot;:&quot;0&quot;,&quot;copyright&quot;:&quot;&quot;,&quot;focal_length&quot;:&quot;0&quot;,&quot;iso&quot;:&quot;0&quot;,&quot;shutter_speed&quot;:&quot;0&quot;,&quot;title&quot;:&quot;&quot;,&quot;orientation&quot;:&quot;0&quot;}\" data-image-title=\"desfile primavera (17)\" data-image-description=\"\" data-medium-file=\"https:\/\/i0.wp.com\/informativoelvalledeaguascalientes.online\/wp-content\/uploads\/2026\/04\/desfile-primavera-17.jpeg?fit=300%2C200&#038;ssl=1\" data-large-file=\"https:\/\/i0.wp.com\/informativoelvalledeaguascalientes.online\/wp-content\/uploads\/2026\/04\/desfile-primavera-17.jpeg?fit=640%2C427&#038;ssl=1\" src=\"https:\/\/i0.wp.com\/informativoelvalledeaguascalientes.online\/wp-content\/uploads\/2026\/04\/desfile-primavera-17.jpeg?w=209&#038;h=140&#038;ssl=1\" srcset=\"https:\/\/i0.wp.com\/informativoelvalledeaguascalientes.online\/wp-content\/uploads\/2026\/04\/desfile-primavera-17.jpeg?w=1440&amp;ssl=1 1440w, https:\/\/i0.wp.com\/informativoelvalledeaguascalientes.online\/wp-content\/uploads\/2026\/04\/desfile-primavera-17.jpeg?resize=300%2C200&amp;ssl=1 300w, https:\/\/i0.wp.com\/informativoelvalledeaguascalientes.online\/wp-content\/uploads\/2026\/04\/desfile-primavera-17.jpeg?resize=1024%2C683&amp;ssl=1 1024w, https:\/\/i0.wp.com\/informativoelvalledeaguascalientes.online\/wp-content\/uploads\/2026\/04\/desfile-primavera-17.jpeg?resize=768%2C512&amp;ssl=1 768w, https:\/\/i0.wp.com\/informativoelvalledeaguascalientes.online\/wp-content\/uploads\/2026\/04\/desfile-primavera-17.jpeg?w=1280&amp;ssl=1 1280w\" width=\"209\" height=\"140\" loading=\"lazy\" data-original-width=\"209\" data-original-height=\"140\" itemprop=\"http:\/\/schema.org\/image\" title=\"desfile primavera (17)\" alt=\"desfile primavera (17)\" style=\"width: 209px; height: 140px;\" \/> <\/a> <\/div> <\/div> <!-- close group --> <\/div> <!-- close row --> <div class=\"gallery-row\" style=\"width: 640px; height: 294px;\" data-original-width=\"640\" data-original-height=\"294\" > <div class=\"gallery-group images-2\" style=\"width: 202px; height: 294px;\" data-original-width=\"202\" data-original-height=\"294\" > <div class=\"tiled-gallery-item tiled-gallery-item-small\" itemprop=\"associatedMedia\" itemscope itemtype=\"http:\/\/schema.org\/ImageObject\"> <a href=\"https:\/\/informativoelvalledeaguascalientes.online\/?attachment_id=86509\" border=\"0\" itemprop=\"url\"> <meta itemprop=\"width\" content=\"198\"> <meta itemprop=\"height\" content=\"154\"> <img decoding=\"async\" class=\"\" data-attachment-id=\"86509\" data-orig-file=\"https:\/\/informativoelvalledeaguascalientes.online\/wp-content\/uploads\/2026\/04\/desfile-primavera-18.jpeg\" data-orig-size=\"1242,962\" data-comments-opened=\"\" data-image-meta=\"{&quot;aperture&quot;:&quot;0&quot;,&quot;credit&quot;:&quot;&quot;,&quot;camera&quot;:&quot;&quot;,&quot;caption&quot;:&quot;&quot;,&quot;created_timestamp&quot;:&quot;0&quot;,&quot;copyright&quot;:&quot;&quot;,&quot;focal_length&quot;:&quot;0&quot;,&quot;iso&quot;:&quot;0&quot;,&quot;shutter_speed&quot;:&quot;0&quot;,&quot;title&quot;:&quot;&quot;,&quot;orientation&quot;:&quot;0&quot;}\" data-image-title=\"desfile primavera (18)\" data-image-description=\"\" data-medium-file=\"https:\/\/i0.wp.com\/informativoelvalledeaguascalientes.online\/wp-content\/uploads\/2026\/04\/desfile-primavera-18.jpeg?fit=300%2C232&#038;ssl=1\" data-large-file=\"https:\/\/i0.wp.com\/informativoelvalledeaguascalientes.online\/wp-content\/uploads\/2026\/04\/desfile-primavera-18.jpeg?fit=640%2C496&#038;ssl=1\" src=\"https:\/\/i0.wp.com\/informativoelvalledeaguascalientes.online\/wp-content\/uploads\/2026\/04\/desfile-primavera-18.jpeg?w=198&#038;h=154&#038;ssl=1\" srcset=\"https:\/\/i0.wp.com\/informativoelvalledeaguascalientes.online\/wp-content\/uploads\/2026\/04\/desfile-primavera-18.jpeg?w=1242&amp;ssl=1 1242w, https:\/\/i0.wp.com\/informativoelvalledeaguascalientes.online\/wp-content\/uploads\/2026\/04\/desfile-primavera-18.jpeg?resize=300%2C232&amp;ssl=1 300w, https:\/\/i0.wp.com\/informativoelvalledeaguascalientes.online\/wp-content\/uploads\/2026\/04\/desfile-primavera-18.jpeg?resize=1024%2C793&amp;ssl=1 1024w, https:\/\/i0.wp.com\/informativoelvalledeaguascalientes.online\/wp-content\/uploads\/2026\/04\/desfile-primavera-18.jpeg?resize=768%2C595&amp;ssl=1 768w\" width=\"198\" height=\"154\" loading=\"lazy\" data-original-width=\"198\" data-original-height=\"154\" itemprop=\"http:\/\/schema.org\/image\" title=\"desfile primavera (18)\" alt=\"desfile primavera (18)\" style=\"width: 198px; height: 154px;\" \/> <\/a> <\/div> <div class=\"tiled-gallery-item tiled-gallery-item-small\" itemprop=\"associatedMedia\" itemscope itemtype=\"http:\/\/schema.org\/ImageObject\"> <a href=\"https:\/\/informativoelvalledeaguascalientes.online\/?attachment_id=86510\" border=\"0\" itemprop=\"url\"> <meta itemprop=\"width\" content=\"198\"> <meta itemprop=\"height\" content=\"132\"> <img decoding=\"async\" class=\"\" data-attachment-id=\"86510\" data-orig-file=\"https:\/\/informativoelvalledeaguascalientes.online\/wp-content\/uploads\/2026\/04\/desfile-primavera-19.jpeg\" data-orig-size=\"1440,960\" data-comments-opened=\"\" data-image-meta=\"{&quot;aperture&quot;:&quot;0&quot;,&quot;credit&quot;:&quot;&quot;,&quot;camera&quot;:&quot;&quot;,&quot;caption&quot;:&quot;&quot;,&quot;created_timestamp&quot;:&quot;0&quot;,&quot;copyright&quot;:&quot;&quot;,&quot;focal_length&quot;:&quot;0&quot;,&quot;iso&quot;:&quot;0&quot;,&quot;shutter_speed&quot;:&quot;0&quot;,&quot;title&quot;:&quot;&quot;,&quot;orientation&quot;:&quot;0&quot;}\" data-image-title=\"desfile primavera (19)\" data-image-description=\"\" data-medium-file=\"https:\/\/i0.wp.com\/informativoelvalledeaguascalientes.online\/wp-content\/uploads\/2026\/04\/desfile-primavera-19.jpeg?fit=300%2C200&#038;ssl=1\" data-large-file=\"https:\/\/i0.wp.com\/informativoelvalledeaguascalientes.online\/wp-content\/uploads\/2026\/04\/desfile-primavera-19.jpeg?fit=640%2C427&#038;ssl=1\" src=\"https:\/\/i0.wp.com\/informativoelvalledeaguascalientes.online\/wp-content\/uploads\/2026\/04\/desfile-primavera-19.jpeg?w=198&#038;h=132&#038;ssl=1\" srcset=\"https:\/\/i0.wp.com\/informativoelvalledeaguascalientes.online\/wp-content\/uploads\/2026\/04\/desfile-primavera-19.jpeg?w=1440&amp;ssl=1 1440w, https:\/\/i0.wp.com\/informativoelvalledeaguascalientes.online\/wp-content\/uploads\/2026\/04\/desfile-primavera-19.jpeg?resize=300%2C200&amp;ssl=1 300w, https:\/\/i0.wp.com\/informativoelvalledeaguascalientes.online\/wp-content\/uploads\/2026\/04\/desfile-primavera-19.jpeg?resize=1024%2C683&amp;ssl=1 1024w, https:\/\/i0.wp.com\/informativoelvalledeaguascalientes.online\/wp-content\/uploads\/2026\/04\/desfile-primavera-19.jpeg?resize=768%2C512&amp;ssl=1 768w, https:\/\/i0.wp.com\/informativoelvalledeaguascalientes.online\/wp-content\/uploads\/2026\/04\/desfile-primavera-19.jpeg?w=1280&amp;ssl=1 1280w\" width=\"198\" height=\"132\" loading=\"lazy\" data-original-width=\"198\" data-original-height=\"132\" itemprop=\"http:\/\/schema.org\/image\" title=\"desfile primavera (19)\" alt=\"desfile primavera (19)\" style=\"width: 198px; height: 132px;\" \/> <\/a> <\/div> <\/div> <!-- close group --> <div class=\"gallery-group images-1\" style=\"width: 438px; height: 294px;\" data-original-width=\"438\" data-original-height=\"294\" > <div class=\"tiled-gallery-item tiled-gallery-item-large\" itemprop=\"associatedMedia\" itemscope itemtype=\"http:\/\/schema.org\/ImageObject\"> <a href=\"https:\/\/informativoelvalledeaguascalientes.online\/?attachment_id=86511\" border=\"0\" itemprop=\"url\"> <meta itemprop=\"width\" content=\"434\"> <meta itemprop=\"height\" content=\"290\"> <img decoding=\"async\" class=\"\" data-attachment-id=\"86511\" data-orig-file=\"https:\/\/informativoelvalledeaguascalientes.online\/wp-content\/uploads\/2026\/04\/desfile-primavera-20.jpeg\" data-orig-size=\"1440,962\" data-comments-opened=\"\" data-image-meta=\"{&quot;aperture&quot;:&quot;0&quot;,&quot;credit&quot;:&quot;&quot;,&quot;camera&quot;:&quot;&quot;,&quot;caption&quot;:&quot;&quot;,&quot;created_timestamp&quot;:&quot;0&quot;,&quot;copyright&quot;:&quot;&quot;,&quot;focal_length&quot;:&quot;0&quot;,&quot;iso&quot;:&quot;0&quot;,&quot;shutter_speed&quot;:&quot;0&quot;,&quot;title&quot;:&quot;&quot;,&quot;orientation&quot;:&quot;0&quot;}\" data-image-title=\"desfile primavera (20)\" data-image-description=\"\" data-medium-file=\"https:\/\/i0.wp.com\/informativoelvalledeaguascalientes.online\/wp-content\/uploads\/2026\/04\/desfile-primavera-20.jpeg?fit=300%2C200&#038;ssl=1\" data-large-file=\"https:\/\/i0.wp.com\/informativoelvalledeaguascalientes.online\/wp-content\/uploads\/2026\/04\/desfile-primavera-20.jpeg?fit=640%2C428&#038;ssl=1\" src=\"https:\/\/i0.wp.com\/informativoelvalledeaguascalientes.online\/wp-content\/uploads\/2026\/04\/desfile-primavera-20.jpeg?w=434&#038;h=290&#038;ssl=1\" srcset=\"https:\/\/i0.wp.com\/informativoelvalledeaguascalientes.online\/wp-content\/uploads\/2026\/04\/desfile-primavera-20.jpeg?w=1440&amp;ssl=1 1440w, https:\/\/i0.wp.com\/informativoelvalledeaguascalientes.online\/wp-content\/uploads\/2026\/04\/desfile-primavera-20.jpeg?resize=300%2C200&amp;ssl=1 300w, https:\/\/i0.wp.com\/informativoelvalledeaguascalientes.online\/wp-content\/uploads\/2026\/04\/desfile-primavera-20.jpeg?resize=1024%2C684&amp;ssl=1 1024w, https:\/\/i0.wp.com\/informativoelvalledeaguascalientes.online\/wp-content\/uploads\/2026\/04\/desfile-primavera-20.jpeg?resize=768%2C513&amp;ssl=1 768w, https:\/\/i0.wp.com\/informativoelvalledeaguascalientes.online\/wp-content\/uploads\/2026\/04\/desfile-primavera-20.jpeg?w=1280&amp;ssl=1 1280w\" width=\"434\" height=\"290\" loading=\"lazy\" data-original-width=\"434\" data-original-height=\"290\" itemprop=\"http:\/\/schema.org\/image\" title=\"desfile primavera (20)\" alt=\"desfile primavera (20)\" style=\"width: 434px; height: 290px;\" \/> <\/a> <\/div> <\/div> <!-- close group --> <\/div> <!-- close row --> <div class=\"gallery-row\" style=\"width: 640px; height: 219px;\" data-original-width=\"640\" data-original-height=\"219\" > <div class=\"gallery-group images-1\" style=\"width: 327px; height: 219px;\" data-original-width=\"327\" data-original-height=\"219\" > <div class=\"tiled-gallery-item tiled-gallery-item-large\" itemprop=\"associatedMedia\" itemscope itemtype=\"http:\/\/schema.org\/ImageObject\"> <a href=\"https:\/\/informativoelvalledeaguascalientes.online\/?attachment_id=86512\" border=\"0\" itemprop=\"url\"> <meta itemprop=\"width\" content=\"323\"> <meta itemprop=\"height\" content=\"215\"> <img decoding=\"async\" class=\"\" data-attachment-id=\"86512\" data-orig-file=\"https:\/\/informativoelvalledeaguascalientes.online\/wp-content\/uploads\/2026\/04\/desfile-primavera-21.jpeg\" data-orig-size=\"1440,960\" data-comments-opened=\"\" data-image-meta=\"{&quot;aperture&quot;:&quot;0&quot;,&quot;credit&quot;:&quot;&quot;,&quot;camera&quot;:&quot;&quot;,&quot;caption&quot;:&quot;&quot;,&quot;created_timestamp&quot;:&quot;0&quot;,&quot;copyright&quot;:&quot;&quot;,&quot;focal_length&quot;:&quot;0&quot;,&quot;iso&quot;:&quot;0&quot;,&quot;shutter_speed&quot;:&quot;0&quot;,&quot;title&quot;:&quot;&quot;,&quot;orientation&quot;:&quot;0&quot;}\" data-image-title=\"desfile primavera (21)\" data-image-description=\"\" data-medium-file=\"https:\/\/i0.wp.com\/informativoelvalledeaguascalientes.online\/wp-content\/uploads\/2026\/04\/desfile-primavera-21.jpeg?fit=300%2C200&#038;ssl=1\" data-large-file=\"https:\/\/i0.wp.com\/informativoelvalledeaguascalientes.online\/wp-content\/uploads\/2026\/04\/desfile-primavera-21.jpeg?fit=640%2C427&#038;ssl=1\" src=\"https:\/\/i0.wp.com\/informativoelvalledeaguascalientes.online\/wp-content\/uploads\/2026\/04\/desfile-primavera-21.jpeg?w=323&#038;h=215&#038;ssl=1\" srcset=\"https:\/\/i0.wp.com\/informativoelvalledeaguascalientes.online\/wp-content\/uploads\/2026\/04\/desfile-primavera-21.jpeg?w=1440&amp;ssl=1 1440w, https:\/\/i0.wp.com\/informativoelvalledeaguascalientes.online\/wp-content\/uploads\/2026\/04\/desfile-primavera-21.jpeg?resize=300%2C200&amp;ssl=1 300w, https:\/\/i0.wp.com\/informativoelvalledeaguascalientes.online\/wp-content\/uploads\/2026\/04\/desfile-primavera-21.jpeg?resize=1024%2C683&amp;ssl=1 1024w, https:\/\/i0.wp.com\/informativoelvalledeaguascalientes.online\/wp-content\/uploads\/2026\/04\/desfile-primavera-21.jpeg?resize=768%2C512&amp;ssl=1 768w, https:\/\/i0.wp.com\/informativoelvalledeaguascalientes.online\/wp-content\/uploads\/2026\/04\/desfile-primavera-21.jpeg?w=1280&amp;ssl=1 1280w\" width=\"323\" height=\"215\" loading=\"lazy\" data-original-width=\"323\" data-original-height=\"215\" itemprop=\"http:\/\/schema.org\/image\" title=\"desfile primavera (21)\" alt=\"desfile primavera (21)\" style=\"width: 323px; height: 215px;\" \/> <\/a> <\/div> <\/div> <!-- close group --> <div class=\"gallery-group images-1\" style=\"width: 313px; height: 219px;\" data-original-width=\"313\" data-original-height=\"219\" > <div class=\"tiled-gallery-item tiled-gallery-item-large\" itemprop=\"associatedMedia\" itemscope itemtype=\"http:\/\/schema.org\/ImageObject\"> <a href=\"https:\/\/informativoelvalledeaguascalientes.online\/?attachment_id=86513\" border=\"0\" itemprop=\"url\"> <meta itemprop=\"width\" content=\"309\"> <meta itemprop=\"height\" content=\"215\"> <img decoding=\"async\" class=\"\" data-attachment-id=\"86513\" data-orig-file=\"https:\/\/informativoelvalledeaguascalientes.online\/wp-content\/uploads\/2026\/04\/desfile-primavera-1.jpeg\" data-orig-size=\"1364,949\" data-comments-opened=\"\" data-image-meta=\"{&quot;aperture&quot;:&quot;0&quot;,&quot;credit&quot;:&quot;&quot;,&quot;camera&quot;:&quot;&quot;,&quot;caption&quot;:&quot;&quot;,&quot;created_timestamp&quot;:&quot;0&quot;,&quot;copyright&quot;:&quot;&quot;,&quot;focal_length&quot;:&quot;0&quot;,&quot;iso&quot;:&quot;0&quot;,&quot;shutter_speed&quot;:&quot;0&quot;,&quot;title&quot;:&quot;&quot;,&quot;orientation&quot;:&quot;0&quot;}\" data-image-title=\"desfile primavera (1)\" data-image-description=\"\" data-medium-file=\"https:\/\/i0.wp.com\/informativoelvalledeaguascalientes.online\/wp-content\/uploads\/2026\/04\/desfile-primavera-1.jpeg?fit=300%2C209&#038;ssl=1\" data-large-file=\"https:\/\/i0.wp.com\/informativoelvalledeaguascalientes.online\/wp-content\/uploads\/2026\/04\/desfile-primavera-1.jpeg?fit=640%2C445&#038;ssl=1\" src=\"https:\/\/i0.wp.com\/informativoelvalledeaguascalientes.online\/wp-content\/uploads\/2026\/04\/desfile-primavera-1.jpeg?w=309&#038;h=215&#038;ssl=1\" srcset=\"https:\/\/i0.wp.com\/informativoelvalledeaguascalientes.online\/wp-content\/uploads\/2026\/04\/desfile-primavera-1.jpeg?w=1364&amp;ssl=1 1364w, https:\/\/i0.wp.com\/informativoelvalledeaguascalientes.online\/wp-content\/uploads\/2026\/04\/desfile-primavera-1.jpeg?resize=300%2C209&amp;ssl=1 300w, https:\/\/i0.wp.com\/informativoelvalledeaguascalientes.online\/wp-content\/uploads\/2026\/04\/desfile-primavera-1.jpeg?resize=1024%2C712&amp;ssl=1 1024w, https:\/\/i0.wp.com\/informativoelvalledeaguascalientes.online\/wp-content\/uploads\/2026\/04\/desfile-primavera-1.jpeg?resize=768%2C534&amp;ssl=1 768w, https:\/\/i0.wp.com\/informativoelvalledeaguascalientes.online\/wp-content\/uploads\/2026\/04\/desfile-primavera-1.jpeg?w=1280&amp;ssl=1 1280w\" width=\"309\" height=\"215\" loading=\"lazy\" data-original-width=\"309\" data-original-height=\"215\" itemprop=\"http:\/\/schema.org\/image\" title=\"desfile primavera (1)\" alt=\"desfile primavera (1)\" style=\"width: 309px; height: 215px;\" \/> <\/a> <\/div> <\/div> <!-- close group --> <\/div> <!-- close row --> <div class=\"gallery-row\" style=\"width: 640px; height: 280px;\" data-original-width=\"640\" data-original-height=\"280\" > <div class=\"gallery-group images-1\" style=\"width: 432px; height: 280px;\" data-original-width=\"432\" data-original-height=\"280\" > <div class=\"tiled-gallery-item tiled-gallery-item-large\" itemprop=\"associatedMedia\" itemscope itemtype=\"http:\/\/schema.org\/ImageObject\"> <a href=\"https:\/\/informativoelvalledeaguascalientes.online\/?attachment_id=86514\" border=\"0\" itemprop=\"url\"> <meta itemprop=\"width\" content=\"428\"> <meta itemprop=\"height\" content=\"276\"> <img decoding=\"async\" class=\"\" data-attachment-id=\"86514\" data-orig-file=\"https:\/\/informativoelvalledeaguascalientes.online\/wp-content\/uploads\/2026\/04\/desfile-primavera-2.jpeg\" data-orig-size=\"1440,930\" data-comments-opened=\"\" data-image-meta=\"{&quot;aperture&quot;:&quot;0&quot;,&quot;credit&quot;:&quot;&quot;,&quot;camera&quot;:&quot;&quot;,&quot;caption&quot;:&quot;&quot;,&quot;created_timestamp&quot;:&quot;0&quot;,&quot;copyright&quot;:&quot;&quot;,&quot;focal_length&quot;:&quot;0&quot;,&quot;iso&quot;:&quot;0&quot;,&quot;shutter_speed&quot;:&quot;0&quot;,&quot;title&quot;:&quot;&quot;,&quot;orientation&quot;:&quot;0&quot;}\" data-image-title=\"desfile primavera (2)\" data-image-description=\"\" data-medium-file=\"https:\/\/i0.wp.com\/informativoelvalledeaguascalientes.online\/wp-content\/uploads\/2026\/04\/desfile-primavera-2.jpeg?fit=300%2C194&#038;ssl=1\" data-large-file=\"https:\/\/i0.wp.com\/informativoelvalledeaguascalientes.online\/wp-content\/uploads\/2026\/04\/desfile-primavera-2.jpeg?fit=640%2C413&#038;ssl=1\" src=\"https:\/\/i0.wp.com\/informativoelvalledeaguascalientes.online\/wp-content\/uploads\/2026\/04\/desfile-primavera-2.jpeg?w=428&#038;h=276&#038;ssl=1\" srcset=\"https:\/\/i0.wp.com\/informativoelvalledeaguascalientes.online\/wp-content\/uploads\/2026\/04\/desfile-primavera-2.jpeg?w=1440&amp;ssl=1 1440w, https:\/\/i0.wp.com\/informativoelvalledeaguascalientes.online\/wp-content\/uploads\/2026\/04\/desfile-primavera-2.jpeg?resize=300%2C194&amp;ssl=1 300w, https:\/\/i0.wp.com\/informativoelvalledeaguascalientes.online\/wp-content\/uploads\/2026\/04\/desfile-primavera-2.jpeg?resize=1024%2C661&amp;ssl=1 1024w, https:\/\/i0.wp.com\/informativoelvalledeaguascalientes.online\/wp-content\/uploads\/2026\/04\/desfile-primavera-2.jpeg?resize=768%2C496&amp;ssl=1 768w, https:\/\/i0.wp.com\/informativoelvalledeaguascalientes.online\/wp-content\/uploads\/2026\/04\/desfile-primavera-2.jpeg?w=1280&amp;ssl=1 1280w\" width=\"428\" height=\"276\" loading=\"lazy\" data-original-width=\"428\" data-original-height=\"276\" itemprop=\"http:\/\/schema.org\/image\" title=\"desfile primavera (2)\" alt=\"desfile primavera (2)\" style=\"width: 428px; height: 276px;\" \/> <\/a> <\/div> <\/div> <!-- close group --> <div class=\"gallery-group images-2\" style=\"width: 208px; height: 280px;\" data-original-width=\"208\" data-original-height=\"280\" > <div class=\"tiled-gallery-item tiled-gallery-item-small\" itemprop=\"associatedMedia\" itemscope itemtype=\"http:\/\/schema.org\/ImageObject\"> <a href=\"https:\/\/informativoelvalledeaguascalientes.online\/?attachment_id=86515\" border=\"0\" itemprop=\"url\"> <meta itemprop=\"width\" content=\"204\"> <meta itemprop=\"height\" content=\"136\"> <img decoding=\"async\" class=\"\" data-attachment-id=\"86515\" data-orig-file=\"https:\/\/informativoelvalledeaguascalientes.online\/wp-content\/uploads\/2026\/04\/desfile-primavera-3.jpeg\" data-orig-size=\"1440,960\" data-comments-opened=\"\" data-image-meta=\"{&quot;aperture&quot;:&quot;0&quot;,&quot;credit&quot;:&quot;&quot;,&quot;camera&quot;:&quot;&quot;,&quot;caption&quot;:&quot;&quot;,&quot;created_timestamp&quot;:&quot;0&quot;,&quot;copyright&quot;:&quot;&quot;,&quot;focal_length&quot;:&quot;0&quot;,&quot;iso&quot;:&quot;0&quot;,&quot;shutter_speed&quot;:&quot;0&quot;,&quot;title&quot;:&quot;&quot;,&quot;orientation&quot;:&quot;0&quot;}\" data-image-title=\"desfile primavera (3)\" data-image-description=\"\" data-medium-file=\"https:\/\/i0.wp.com\/informativoelvalledeaguascalientes.online\/wp-content\/uploads\/2026\/04\/desfile-primavera-3.jpeg?fit=300%2C200&#038;ssl=1\" data-large-file=\"https:\/\/i0.wp.com\/informativoelvalledeaguascalientes.online\/wp-content\/uploads\/2026\/04\/desfile-primavera-3.jpeg?fit=640%2C427&#038;ssl=1\" src=\"https:\/\/i0.wp.com\/informativoelvalledeaguascalientes.online\/wp-content\/uploads\/2026\/04\/desfile-primavera-3.jpeg?w=204&#038;h=136&#038;ssl=1\" srcset=\"https:\/\/i0.wp.com\/informativoelvalledeaguascalientes.online\/wp-content\/uploads\/2026\/04\/desfile-primavera-3.jpeg?w=1440&amp;ssl=1 1440w, https:\/\/i0.wp.com\/informativoelvalledeaguascalientes.online\/wp-content\/uploads\/2026\/04\/desfile-primavera-3.jpeg?resize=300%2C200&amp;ssl=1 300w, https:\/\/i0.wp.com\/informativoelvalledeaguascalientes.online\/wp-content\/uploads\/2026\/04\/desfile-primavera-3.jpeg?resize=1024%2C683&amp;ssl=1 1024w, https:\/\/i0.wp.com\/informativoelvalledeaguascalientes.online\/wp-content\/uploads\/2026\/04\/desfile-primavera-3.jpeg?resize=768%2C512&amp;ssl=1 768w, https:\/\/i0.wp.com\/informativoelvalledeaguascalientes.online\/wp-content\/uploads\/2026\/04\/desfile-primavera-3.jpeg?w=1280&amp;ssl=1 1280w\" width=\"204\" height=\"136\" loading=\"lazy\" data-original-width=\"204\" data-original-height=\"136\" itemprop=\"http:\/\/schema.org\/image\" title=\"desfile primavera (3)\" alt=\"desfile primavera (3)\" style=\"width: 204px; height: 136px;\" \/> <\/a> <\/div> <div class=\"tiled-gallery-item tiled-gallery-item-small\" itemprop=\"associatedMedia\" itemscope itemtype=\"http:\/\/schema.org\/ImageObject\"> <a href=\"https:\/\/informativoelvalledeaguascalientes.online\/?attachment_id=86516\" border=\"0\" itemprop=\"url\"> <meta itemprop=\"width\" content=\"204\"> <meta itemprop=\"height\" content=\"136\"> <img decoding=\"async\" class=\"\" data-attachment-id=\"86516\" data-orig-file=\"https:\/\/informativoelvalledeaguascalientes.online\/wp-content\/uploads\/2026\/04\/desfile-primavera-4.jpeg\" data-orig-size=\"1440,960\" data-comments-opened=\"\" data-image-meta=\"{&quot;aperture&quot;:&quot;0&quot;,&quot;credit&quot;:&quot;&quot;,&quot;camera&quot;:&quot;&quot;,&quot;caption&quot;:&quot;&quot;,&quot;created_timestamp&quot;:&quot;0&quot;,&quot;copyright&quot;:&quot;&quot;,&quot;focal_length&quot;:&quot;0&quot;,&quot;iso&quot;:&quot;0&quot;,&quot;shutter_speed&quot;:&quot;0&quot;,&quot;title&quot;:&quot;&quot;,&quot;orientation&quot;:&quot;0&quot;}\" data-image-title=\"desfile primavera (4)\" data-image-description=\"\" data-medium-file=\"https:\/\/i0.wp.com\/informativoelvalledeaguascalientes.online\/wp-content\/uploads\/2026\/04\/desfile-primavera-4.jpeg?fit=300%2C200&#038;ssl=1\" data-large-file=\"https:\/\/i0.wp.com\/informativoelvalledeaguascalientes.online\/wp-content\/uploads\/2026\/04\/desfile-primavera-4.jpeg?fit=640%2C427&#038;ssl=1\" src=\"https:\/\/i0.wp.com\/informativoelvalledeaguascalientes.online\/wp-content\/uploads\/2026\/04\/desfile-primavera-4.jpeg?w=204&#038;h=136&#038;ssl=1\" srcset=\"https:\/\/i0.wp.com\/informativoelvalledeaguascalientes.online\/wp-content\/uploads\/2026\/04\/desfile-primavera-4.jpeg?w=1440&amp;ssl=1 1440w, https:\/\/i0.wp.com\/informativoelvalledeaguascalientes.online\/wp-content\/uploads\/2026\/04\/desfile-primavera-4.jpeg?resize=300%2C200&amp;ssl=1 300w, https:\/\/i0.wp.com\/informativoelvalledeaguascalientes.online\/wp-content\/uploads\/2026\/04\/desfile-primavera-4.jpeg?resize=1024%2C683&amp;ssl=1 1024w, https:\/\/i0.wp.com\/informativoelvalledeaguascalientes.online\/wp-content\/uploads\/2026\/04\/desfile-primavera-4.jpeg?resize=768%2C512&amp;ssl=1 768w, https:\/\/i0.wp.com\/informativoelvalledeaguascalientes.online\/wp-content\/uploads\/2026\/04\/desfile-primavera-4.jpeg?w=1280&amp;ssl=1 1280w\" width=\"204\" height=\"136\" loading=\"lazy\" data-original-width=\"204\" data-original-height=\"136\" itemprop=\"http:\/\/schema.org\/image\" title=\"desfile primavera (4)\" alt=\"desfile primavera (4)\" style=\"width: 204px; height: 136px;\" \/> <\/a> <\/div> <\/div> <!-- close group --> <\/div> <!-- close row --> <div class=\"gallery-row\" style=\"width: 640px; height: 215px;\" data-original-width=\"640\" data-original-height=\"215\" > <div class=\"gallery-group images-1\" style=\"width: 320px; height: 215px;\" data-original-width=\"320\" data-original-height=\"215\" > <div class=\"tiled-gallery-item tiled-gallery-item-large\" itemprop=\"associatedMedia\" itemscope itemtype=\"http:\/\/schema.org\/ImageObject\"> <a href=\"https:\/\/informativoelvalledeaguascalientes.online\/?attachment_id=86517\" border=\"0\" itemprop=\"url\"> <meta itemprop=\"width\" content=\"316\"> <meta itemprop=\"height\" content=\"211\"> <img decoding=\"async\" class=\"\" data-attachment-id=\"86517\" data-orig-file=\"https:\/\/informativoelvalledeaguascalientes.online\/wp-content\/uploads\/2026\/04\/desfile-primavera-5.jpeg\" data-orig-size=\"1440,960\" data-comments-opened=\"\" data-image-meta=\"{&quot;aperture&quot;:&quot;0&quot;,&quot;credit&quot;:&quot;&quot;,&quot;camera&quot;:&quot;&quot;,&quot;caption&quot;:&quot;&quot;,&quot;created_timestamp&quot;:&quot;0&quot;,&quot;copyright&quot;:&quot;&quot;,&quot;focal_length&quot;:&quot;0&quot;,&quot;iso&quot;:&quot;0&quot;,&quot;shutter_speed&quot;:&quot;0&quot;,&quot;title&quot;:&quot;&quot;,&quot;orientation&quot;:&quot;0&quot;}\" data-image-title=\"desfile primavera (5)\" data-image-description=\"\" data-medium-file=\"https:\/\/i0.wp.com\/informativoelvalledeaguascalientes.online\/wp-content\/uploads\/2026\/04\/desfile-primavera-5.jpeg?fit=300%2C200&#038;ssl=1\" data-large-file=\"https:\/\/i0.wp.com\/informativoelvalledeaguascalientes.online\/wp-content\/uploads\/2026\/04\/desfile-primavera-5.jpeg?fit=640%2C427&#038;ssl=1\" src=\"https:\/\/i0.wp.com\/informativoelvalledeaguascalientes.online\/wp-content\/uploads\/2026\/04\/desfile-primavera-5.jpeg?w=316&#038;h=211&#038;ssl=1\" srcset=\"https:\/\/i0.wp.com\/informativoelvalledeaguascalientes.online\/wp-content\/uploads\/2026\/04\/desfile-primavera-5.jpeg?w=1440&amp;ssl=1 1440w, https:\/\/i0.wp.com\/informativoelvalledeaguascalientes.online\/wp-content\/uploads\/2026\/04\/desfile-primavera-5.jpeg?resize=300%2C200&amp;ssl=1 300w, https:\/\/i0.wp.com\/informativoelvalledeaguascalientes.online\/wp-content\/uploads\/2026\/04\/desfile-primavera-5.jpeg?resize=1024%2C683&amp;ssl=1 1024w, https:\/\/i0.wp.com\/informativoelvalledeaguascalientes.online\/wp-content\/uploads\/2026\/04\/desfile-primavera-5.jpeg?resize=768%2C512&amp;ssl=1 768w, https:\/\/i0.wp.com\/informativoelvalledeaguascalientes.online\/wp-content\/uploads\/2026\/04\/desfile-primavera-5.jpeg?w=1280&amp;ssl=1 1280w\" width=\"316\" height=\"211\" loading=\"lazy\" data-original-width=\"316\" data-original-height=\"211\" itemprop=\"http:\/\/schema.org\/image\" title=\"desfile primavera (5)\" alt=\"desfile primavera (5)\" style=\"width: 316px; height: 211px;\" \/> <\/a> <\/div> <\/div> <!-- close group --> <div class=\"gallery-group images-1\" style=\"width: 320px; height: 215px;\" data-original-width=\"320\" data-original-height=\"215\" > <div class=\"tiled-gallery-item tiled-gallery-item-large\" itemprop=\"associatedMedia\" itemscope itemtype=\"http:\/\/schema.org\/ImageObject\"> <a href=\"https:\/\/informativoelvalledeaguascalientes.online\/?attachment_id=86518\" border=\"0\" itemprop=\"url\"> <meta itemprop=\"width\" content=\"316\"> <meta itemprop=\"height\" content=\"211\"> <img decoding=\"async\" class=\"\" data-attachment-id=\"86518\" data-orig-file=\"https:\/\/informativoelvalledeaguascalientes.online\/wp-content\/uploads\/2026\/04\/desfile-primavera-6.jpeg\" data-orig-size=\"1440,960\" data-comments-opened=\"\" data-image-meta=\"{&quot;aperture&quot;:&quot;0&quot;,&quot;credit&quot;:&quot;&quot;,&quot;camera&quot;:&quot;&quot;,&quot;caption&quot;:&quot;&quot;,&quot;created_timestamp&quot;:&quot;0&quot;,&quot;copyright&quot;:&quot;&quot;,&quot;focal_length&quot;:&quot;0&quot;,&quot;iso&quot;:&quot;0&quot;,&quot;shutter_speed&quot;:&quot;0&quot;,&quot;title&quot;:&quot;&quot;,&quot;orientation&quot;:&quot;0&quot;}\" data-image-title=\"desfile primavera (6)\" data-image-description=\"\" data-medium-file=\"https:\/\/i0.wp.com\/informativoelvalledeaguascalientes.online\/wp-content\/uploads\/2026\/04\/desfile-primavera-6.jpeg?fit=300%2C200&#038;ssl=1\" data-large-file=\"https:\/\/i0.wp.com\/informativoelvalledeaguascalientes.online\/wp-content\/uploads\/2026\/04\/desfile-primavera-6.jpeg?fit=640%2C427&#038;ssl=1\" src=\"https:\/\/i0.wp.com\/informativoelvalledeaguascalientes.online\/wp-content\/uploads\/2026\/04\/desfile-primavera-6.jpeg?w=316&#038;h=211&#038;ssl=1\" srcset=\"https:\/\/i0.wp.com\/informativoelvalledeaguascalientes.online\/wp-content\/uploads\/2026\/04\/desfile-primavera-6.jpeg?w=1440&amp;ssl=1 1440w, https:\/\/i0.wp.com\/informativoelvalledeaguascalientes.online\/wp-content\/uploads\/2026\/04\/desfile-primavera-6.jpeg?resize=300%2C200&amp;ssl=1 300w, https:\/\/i0.wp.com\/informativoelvalledeaguascalientes.online\/wp-content\/uploads\/2026\/04\/desfile-primavera-6.jpeg?resize=1024%2C683&amp;ssl=1 1024w, https:\/\/i0.wp.com\/informativoelvalledeaguascalientes.online\/wp-content\/uploads\/2026\/04\/desfile-primavera-6.jpeg?resize=768%2C512&amp;ssl=1 768w, https:\/\/i0.wp.com\/informativoelvalledeaguascalientes.online\/wp-content\/uploads\/2026\/04\/desfile-primavera-6.jpeg?w=1280&amp;ssl=1 1280w\" width=\"316\" height=\"211\" loading=\"lazy\" data-original-width=\"316\" data-original-height=\"211\" itemprop=\"http:\/\/schema.org\/image\" title=\"desfile primavera (6)\" alt=\"desfile primavera (6)\" style=\"width: 316px; height: 211px;\" \/> <\/a> <\/div> <\/div> <!-- close group --> <\/div> <!-- close row --> <div class=\"gallery-row\" style=\"width: 640px; height: 104px;\" data-original-width=\"640\" data-original-height=\"104\" > <div class=\"gallery-group images-1\" style=\"width: 149px; height: 104px;\" data-original-width=\"149\" data-original-height=\"104\" > <div class=\"tiled-gallery-item tiled-gallery-item-small\" itemprop=\"associatedMedia\" itemscope itemtype=\"http:\/\/schema.org\/ImageObject\"> <a href=\"https:\/\/informativoelvalledeaguascalientes.online\/?attachment_id=86519\" border=\"0\" itemprop=\"url\"> <meta itemprop=\"width\" content=\"145\"> <meta itemprop=\"height\" content=\"100\"> <img decoding=\"async\" class=\"\" data-attachment-id=\"86519\" data-orig-file=\"https:\/\/informativoelvalledeaguascalientes.online\/wp-content\/uploads\/2026\/04\/desfile-primavera-7.jpeg\" data-orig-size=\"1369,949\" data-comments-opened=\"\" data-image-meta=\"{&quot;aperture&quot;:&quot;0&quot;,&quot;credit&quot;:&quot;&quot;,&quot;camera&quot;:&quot;&quot;,&quot;caption&quot;:&quot;&quot;,&quot;created_timestamp&quot;:&quot;0&quot;,&quot;copyright&quot;:&quot;&quot;,&quot;focal_length&quot;:&quot;0&quot;,&quot;iso&quot;:&quot;0&quot;,&quot;shutter_speed&quot;:&quot;0&quot;,&quot;title&quot;:&quot;&quot;,&quot;orientation&quot;:&quot;0&quot;}\" data-image-title=\"desfile primavera (7)\" data-image-description=\"\" data-medium-file=\"https:\/\/i0.wp.com\/informativoelvalledeaguascalientes.online\/wp-content\/uploads\/2026\/04\/desfile-primavera-7.jpeg?fit=300%2C208&#038;ssl=1\" data-large-file=\"https:\/\/i0.wp.com\/informativoelvalledeaguascalientes.online\/wp-content\/uploads\/2026\/04\/desfile-primavera-7.jpeg?fit=640%2C444&#038;ssl=1\" src=\"https:\/\/i0.wp.com\/informativoelvalledeaguascalientes.online\/wp-content\/uploads\/2026\/04\/desfile-primavera-7.jpeg?w=145&#038;h=100&#038;ssl=1\" srcset=\"https:\/\/i0.wp.com\/informativoelvalledeaguascalientes.online\/wp-content\/uploads\/2026\/04\/desfile-primavera-7.jpeg?w=1369&amp;ssl=1 1369w, https:\/\/i0.wp.com\/informativoelvalledeaguascalientes.online\/wp-content\/uploads\/2026\/04\/desfile-primavera-7.jpeg?resize=300%2C208&amp;ssl=1 300w, https:\/\/i0.wp.com\/informativoelvalledeaguascalientes.online\/wp-content\/uploads\/2026\/04\/desfile-primavera-7.jpeg?resize=1024%2C710&amp;ssl=1 1024w, https:\/\/i0.wp.com\/informativoelvalledeaguascalientes.online\/wp-content\/uploads\/2026\/04\/desfile-primavera-7.jpeg?resize=768%2C532&amp;ssl=1 768w, https:\/\/i0.wp.com\/informativoelvalledeaguascalientes.online\/wp-content\/uploads\/2026\/04\/desfile-primavera-7.jpeg?w=1280&amp;ssl=1 1280w\" width=\"145\" height=\"100\" loading=\"lazy\" data-original-width=\"145\" data-original-height=\"100\" itemprop=\"http:\/\/schema.org\/image\" title=\"desfile primavera (7)\" alt=\"desfile primavera (7)\" style=\"width: 145px; height: 100px;\" \/> <\/a> <\/div> <\/div> <!-- close group --> <div class=\"gallery-group images-1\" style=\"width: 182px; height: 104px;\" data-original-width=\"182\" data-original-height=\"104\" > <div class=\"tiled-gallery-item tiled-gallery-item-small\" itemprop=\"associatedMedia\" itemscope itemtype=\"http:\/\/schema.org\/ImageObject\"> <a href=\"https:\/\/informativoelvalledeaguascalientes.online\/?attachment_id=86520\" border=\"0\" itemprop=\"url\"> <meta itemprop=\"width\" content=\"178\"> <meta itemprop=\"height\" content=\"100\"> <img decoding=\"async\" class=\"\" data-attachment-id=\"86520\" data-orig-file=\"https:\/\/informativoelvalledeaguascalientes.online\/wp-content\/uploads\/2026\/04\/desfile-primavera-8.jpeg\" data-orig-size=\"1440,810\" data-comments-opened=\"\" data-image-meta=\"{&quot;aperture&quot;:&quot;0&quot;,&quot;credit&quot;:&quot;&quot;,&quot;camera&quot;:&quot;&quot;,&quot;caption&quot;:&quot;&quot;,&quot;created_timestamp&quot;:&quot;0&quot;,&quot;copyright&quot;:&quot;&quot;,&quot;focal_length&quot;:&quot;0&quot;,&quot;iso&quot;:&quot;0&quot;,&quot;shutter_speed&quot;:&quot;0&quot;,&quot;title&quot;:&quot;&quot;,&quot;orientation&quot;:&quot;0&quot;}\" data-image-title=\"desfile primavera (8)\" data-image-description=\"\" data-medium-file=\"https:\/\/i0.wp.com\/informativoelvalledeaguascalientes.online\/wp-content\/uploads\/2026\/04\/desfile-primavera-8.jpeg?fit=300%2C169&#038;ssl=1\" data-large-file=\"https:\/\/i0.wp.com\/informativoelvalledeaguascalientes.online\/wp-content\/uploads\/2026\/04\/desfile-primavera-8.jpeg?fit=640%2C360&#038;ssl=1\" src=\"https:\/\/i0.wp.com\/informativoelvalledeaguascalientes.online\/wp-content\/uploads\/2026\/04\/desfile-primavera-8.jpeg?w=178&#038;h=100&#038;ssl=1\" srcset=\"https:\/\/i0.wp.com\/informativoelvalledeaguascalientes.online\/wp-content\/uploads\/2026\/04\/desfile-primavera-8.jpeg?w=1440&amp;ssl=1 1440w, https:\/\/i0.wp.com\/informativoelvalledeaguascalientes.online\/wp-content\/uploads\/2026\/04\/desfile-primavera-8.jpeg?resize=300%2C169&amp;ssl=1 300w, https:\/\/i0.wp.com\/informativoelvalledeaguascalientes.online\/wp-content\/uploads\/2026\/04\/desfile-primavera-8.jpeg?resize=1024%2C576&amp;ssl=1 1024w, https:\/\/i0.wp.com\/informativoelvalledeaguascalientes.online\/wp-content\/uploads\/2026\/04\/desfile-primavera-8.jpeg?resize=768%2C432&amp;ssl=1 768w, https:\/\/i0.wp.com\/informativoelvalledeaguascalientes.online\/wp-content\/uploads\/2026\/04\/desfile-primavera-8.jpeg?w=1280&amp;ssl=1 1280w\" width=\"178\" height=\"100\" loading=\"lazy\" data-original-width=\"178\" data-original-height=\"100\" itemprop=\"http:\/\/schema.org\/image\" title=\"desfile primavera (8)\" alt=\"desfile primavera (8)\" style=\"width: 178px; height: 100px;\" \/> <\/a> <\/div> <\/div> <!-- close group --> <div class=\"gallery-group images-1\" style=\"width: 155px; height: 104px;\" data-original-width=\"155\" data-original-height=\"104\" > <div class=\"tiled-gallery-item tiled-gallery-item-small\" itemprop=\"associatedMedia\" itemscope itemtype=\"http:\/\/schema.org\/ImageObject\"> <a href=\"https:\/\/informativoelvalledeaguascalientes.online\/?attachment_id=86521\" border=\"0\" itemprop=\"url\"> <meta itemprop=\"width\" content=\"151\"> <meta itemprop=\"height\" content=\"100\"> <img decoding=\"async\" class=\"\" data-attachment-id=\"86521\" data-orig-file=\"https:\/\/informativoelvalledeaguascalientes.online\/wp-content\/uploads\/2026\/04\/desfile-primavera-9.jpeg\" data-orig-size=\"1440,960\" data-comments-opened=\"\" data-image-meta=\"{&quot;aperture&quot;:&quot;0&quot;,&quot;credit&quot;:&quot;&quot;,&quot;camera&quot;:&quot;&quot;,&quot;caption&quot;:&quot;&quot;,&quot;created_timestamp&quot;:&quot;0&quot;,&quot;copyright&quot;:&quot;&quot;,&quot;focal_length&quot;:&quot;0&quot;,&quot;iso&quot;:&quot;0&quot;,&quot;shutter_speed&quot;:&quot;0&quot;,&quot;title&quot;:&quot;&quot;,&quot;orientation&quot;:&quot;0&quot;}\" data-image-title=\"desfile primavera (9)\" data-image-description=\"\" data-medium-file=\"https:\/\/i0.wp.com\/informativoelvalledeaguascalientes.online\/wp-content\/uploads\/2026\/04\/desfile-primavera-9.jpeg?fit=300%2C200&#038;ssl=1\" data-large-file=\"https:\/\/i0.wp.com\/informativoelvalledeaguascalientes.online\/wp-content\/uploads\/2026\/04\/desfile-primavera-9.jpeg?fit=640%2C427&#038;ssl=1\" src=\"https:\/\/i0.wp.com\/informativoelvalledeaguascalientes.online\/wp-content\/uploads\/2026\/04\/desfile-primavera-9.jpeg?w=151&#038;h=100&#038;ssl=1\" srcset=\"https:\/\/i0.wp.com\/informativoelvalledeaguascalientes.online\/wp-content\/uploads\/2026\/04\/desfile-primavera-9.jpeg?w=1440&amp;ssl=1 1440w, https:\/\/i0.wp.com\/informativoelvalledeaguascalientes.online\/wp-content\/uploads\/2026\/04\/desfile-primavera-9.jpeg?resize=300%2C200&amp;ssl=1 300w, https:\/\/i0.wp.com\/informativoelvalledeaguascalientes.online\/wp-content\/uploads\/2026\/04\/desfile-primavera-9.jpeg?resize=1024%2C683&amp;ssl=1 1024w, https:\/\/i0.wp.com\/informativoelvalledeaguascalientes.online\/wp-content\/uploads\/2026\/04\/desfile-primavera-9.jpeg?resize=768%2C512&amp;ssl=1 768w, https:\/\/i0.wp.com\/informativoelvalledeaguascalientes.online\/wp-content\/uploads\/2026\/04\/desfile-primavera-9.jpeg?w=1280&amp;ssl=1 1280w\" width=\"151\" height=\"100\" loading=\"lazy\" data-original-width=\"151\" data-original-height=\"100\" itemprop=\"http:\/\/schema.org\/image\" title=\"desfile primavera (9)\" alt=\"desfile primavera (9)\" style=\"width: 151px; height: 100px;\" \/> <\/a> <\/div> <\/div> <!-- close group --> <div class=\"gallery-group images-1\" style=\"width: 154px; height: 104px;\" data-original-width=\"154\" data-original-height=\"104\" > <div class=\"tiled-gallery-item tiled-gallery-item-small\" itemprop=\"associatedMedia\" itemscope itemtype=\"http:\/\/schema.org\/ImageObject\"> <a href=\"https:\/\/informativoelvalledeaguascalientes.online\/?attachment_id=86522\" border=\"0\" itemprop=\"url\"> <meta itemprop=\"width\" content=\"150\"> <meta itemprop=\"height\" content=\"100\"> <img decoding=\"async\" class=\"\" data-attachment-id=\"86522\" data-orig-file=\"https:\/\/informativoelvalledeaguascalientes.online\/wp-content\/uploads\/2026\/04\/desfile-primavera-10.jpeg\" data-orig-size=\"1440,960\" data-comments-opened=\"\" data-image-meta=\"{&quot;aperture&quot;:&quot;0&quot;,&quot;credit&quot;:&quot;&quot;,&quot;camera&quot;:&quot;&quot;,&quot;caption&quot;:&quot;&quot;,&quot;created_timestamp&quot;:&quot;0&quot;,&quot;copyright&quot;:&quot;&quot;,&quot;focal_length&quot;:&quot;0&quot;,&quot;iso&quot;:&quot;0&quot;,&quot;shutter_speed&quot;:&quot;0&quot;,&quot;title&quot;:&quot;&quot;,&quot;orientation&quot;:&quot;0&quot;}\" data-image-title=\"desfile primavera (10)\" data-image-description=\"\" data-medium-file=\"https:\/\/i0.wp.com\/informativoelvalledeaguascalientes.online\/wp-content\/uploads\/2026\/04\/desfile-primavera-10.jpeg?fit=300%2C200&#038;ssl=1\" data-large-file=\"https:\/\/i0.wp.com\/informativoelvalledeaguascalientes.online\/wp-content\/uploads\/2026\/04\/desfile-primavera-10.jpeg?fit=640%2C427&#038;ssl=1\" src=\"https:\/\/i0.wp.com\/informativoelvalledeaguascalientes.online\/wp-content\/uploads\/2026\/04\/desfile-primavera-10.jpeg?w=150&#038;h=100&#038;ssl=1\" srcset=\"https:\/\/i0.wp.com\/informativoelvalledeaguascalientes.online\/wp-content\/uploads\/2026\/04\/desfile-primavera-10.jpeg?w=1440&amp;ssl=1 1440w, https:\/\/i0.wp.com\/informativoelvalledeaguascalientes.online\/wp-content\/uploads\/2026\/04\/desfile-primavera-10.jpeg?resize=300%2C200&amp;ssl=1 300w, https:\/\/i0.wp.com\/informativoelvalledeaguascalientes.online\/wp-content\/uploads\/2026\/04\/desfile-primavera-10.jpeg?resize=1024%2C683&amp;ssl=1 1024w, https:\/\/i0.wp.com\/informativoelvalledeaguascalientes.online\/wp-content\/uploads\/2026\/04\/desfile-primavera-10.jpeg?resize=768%2C512&amp;ssl=1 768w, https:\/\/i0.wp.com\/informativoelvalledeaguascalientes.online\/wp-content\/uploads\/2026\/04\/desfile-primavera-10.jpeg?w=1280&amp;ssl=1 1280w\" width=\"150\" height=\"100\" loading=\"lazy\" data-original-width=\"150\" data-original-height=\"100\" itemprop=\"http:\/\/schema.org\/image\" title=\"desfile primavera (10)\" alt=\"desfile primavera (10)\" style=\"width: 150px; height: 100px;\" \/> <\/a> <\/div> <\/div> <!-- close group --> <\/div> <!-- close row --> <\/div>\n<p>&nbsp;<\/p>\n<p>* 700 participantes dieron vida a un espect\u00e1culo de ensue\u00f1o<br \/>\n* Desfilaron 12 carros aleg\u00f3ricos que llenaron de color, m\u00fasica y tradici\u00f3n las calles del centro<br \/>\n* El desfile \u201c\u00c9rase una vez\u201d consolid\u00f3 su lugar como uno de los eventos m\u00e1s emblem\u00e1ticos de la feria, al reunir a familias y visitantes en una celebraci\u00f3n de identidad y fantas\u00eda<\/p>\n<p>Entre aplausos, m\u00fasica y el asombro reflejado en miles de rostros, Aguascalientes vivi\u00f3 una ma\u00f1ana que quedar\u00e1 grabada en el coraz\u00f3n. En el marco del D\u00eda de San Marcos, la fecha m\u00e1s significativa de la Feria Nacional de San Marcos, la gobernadora Tere Jim\u00e9nez encabez\u00f3 el tradicional Desfile de Primavera 2026, un evento que a\u00f1o con a\u00f1o re\u00fane a familias enteras para celebrar lo mejor de esta gran fiesta.<\/p>\n<p>Con el nombre de \u201c\u00c9rase una vez\u201d, esta edici\u00f3n n\u00famero 198 transport\u00f3 a miles de asistentes a un universo donde la fantas\u00eda, la tradici\u00f3n y la identidad hidroc\u00e1lida se entrelazaron en cada detalle. Desde las 10:00 horas, partiendo de Madero y calle 28 de Agosto, el recorrido se convirti\u00f3 en un escenario vivo que cautiv\u00f3 a miles de personas, entre familias locales y visitantes, que a\u00f1o con a\u00f1o hacen de este desfile un imperdible.<\/p>\n<p>El espect\u00e1culo, que se extendi\u00f3 por casi dos horas, brill\u00f3 con 12 impresionantes carros aleg\u00f3ricos; cada uno era una obra de arte en movimiento: desde la monumental fuerza de El Gigante de M\u00e9xico, hasta la magia envolvente de Bosque Encantado; pasando por mundos fant\u00e1sticos como Jard\u00edn de Gnomos, Debajo del Mar y Vi\u00f1edos de Magos y Brujas. La creatividad tambi\u00e9n tom\u00f3 forma en propuestas como Disco Troll, Dulce Carrusel y Juego M\u00edstico, mientras que figuras imponentes como Minotauro, La Diosa del Viento y El Guardi\u00e1n Real elevaron la experiencia a un nivel \u00e9pico.<\/p>\n<p>M\u00e1s de 700 participantes, entre bailarines, m\u00fasicos y animadores, llenaron de vida cada tramo del recorrido, donde arrancaron sonrisas y asombro a cada paso.<br \/>\nComo dicta la tradici\u00f3n, el cierre fue simplemente inolvidable: el carro de la reina de la FNSM 2026, Alexa I, deslumbr\u00f3 con elegancia y colorido, mientras la soberana saludaba a las familias en un momento que encapsul\u00f3 la esencia festiva de Aguascalientes.<\/p>\n<p>Este desfile no solo marc\u00f3 uno de los d\u00edas m\u00e1s importantes de la feria, sino que reafirm\u00f3 su lugar como un evento profundamente arraigado en el coraz\u00f3n de la gente, donde generaciones enteras se re\u00fanen para celebrar, so\u00f1ar y compartir.<\/p>\n<p>Para quienes deseen revivir la magia, los 12 carros aleg\u00f3ricos estar\u00e1n en exhibici\u00f3n del 26 de abril al 10 de mayo sobre el Blvd. San Marcos, entre Av. Convenci\u00f3n de 1914 y Av. Aguascalientes, en un horario de 10:00 a 23:00 horas.<\/p>\n","protected":false},"excerpt":{"rendered":"<p>Informativo El Valle de Aguascalientes #novaradioaguascalientes #informativoelvalledeaguascalientes #Aguascalientes #informativoelvalledeaguascalientesll #ElGiganteDeM\u00e9xico &nbsp; &nbsp; * 700 participantes dieron vida a un espect\u00e1culo de ensue\u00f1o * Desfilaron 12 carros aleg\u00f3ricos que llenaron de color, m\u00fasica y tradici\u00f3n las calles del centro * El desfile \u201c\u00c9rase una vez\u201d consolid\u00f3 su lugar como uno de los eventos m\u00e1s emblem\u00e1ticos de [&hellip;]<\/p>\n","protected":false},"author":1,"featured_media":86507,"comment_status":"closed","ping_status":"open","sticky":false,"template":"","format":"standard","meta":{"advanced_seo_description":"","jetpack_seo_html_title":"","jetpack_seo_noindex":false,"_jetpack_memberships_contains_paid_content":false,"footnotes":"","jetpack_publicize_message":"","jetpack_publicize_feature_enabled":true,"jetpack_social_post_already_shared":true,"jetpack_social_options":{"image_generator_settings":{"template":"highway","default_image_id":0,"font":"","enabled":false},"version":2}},"categories":[21,4],"tags":[22,615,320],"class_list":["post-86501","post","type-post","status-publish","format-standard","has-post-thumbnail","hentry","category-aguascalientes","category-gobierno-del-estado-aguascalientes","tag-aguascalientes","tag-gobierno-del-estado-de-aguascalientes","tag-tere-jimenez"],"jetpack_publicize_connections":[],"jetpack_featured_media_url":"https:\/\/i0.wp.com\/informativoelvalledeaguascalientes.online\/wp-content\/uploads\/2026\/04\/desfile-primavera-16.jpeg?fit=1440%2C810&ssl=1","jetpack-related-posts":[],"jetpack_sharing_enabled":true,"jetpack_likes_enabled":true,"_links":{"self":[{"href":"https:\/\/informativoelvalledeaguascalientes.online\/index.php?rest_route=\/wp\/v2\/posts\/86501","targetHints":{"allow":["GET"]}}],"collection":[{"href":"https:\/\/informativoelvalledeaguascalientes.online\/index.php?rest_route=\/wp\/v2\/posts"}],"about":[{"href":"https:\/\/informativoelvalledeaguascalientes.online\/index.php?rest_route=\/wp\/v2\/types\/post"}],"author":[{"embeddable":true,"href":"https:\/\/informativoelvalledeaguascalientes.online\/index.php?rest_route=\/wp\/v2\/users\/1"}],"replies":[{"embeddable":true,"href":"https:\/\/informativoelvalledeaguascalientes.online\/index.php?rest_route=%2Fwp%2Fv2%2Fcomments&post=86501"}],"version-history":[{"count":1,"href":"https:\/\/informativoelvalledeaguascalientes.online\/index.php?rest_route=\/wp\/v2\/posts\/86501\/revisions"}],"predecessor-version":[{"id":86523,"href":"https:\/\/informativoelvalledeaguascalientes.online\/index.php?rest_route=\/wp\/v2\/posts\/86501\/revisions\/86523"}],"wp:featuredmedia":[{"embeddable":true,"href":"https:\/\/informativoelvalledeaguascalientes.online\/index.php?rest_route=\/wp\/v2\/media\/86507"}],"wp:attachment":[{"href":"https:\/\/informativoelvalledeaguascalientes.online\/index.php?rest_route=%2Fwp%2Fv2%2Fmedia&parent=86501"}],"wp:term":[{"taxonomy":"category","embeddable":true,"href":"https:\/\/informativoelvalledeaguascalientes.online\/index.php?rest_route=%2Fwp%2Fv2%2Fcategories&post=86501"},{"taxonomy":"post_tag","embeddable":true,"href":"https:\/\/informativoelvalledeaguascalientes.online\/index.php?rest_route=%2Fwp%2Fv2%2Ftags&post=86501"}],"curies":[{"name":"wp","href":"https:\/\/api.w.org\/{rel}","templated":true}]}}