{"id":86454,"date":"2026-04-24T23:23:00","date_gmt":"2026-04-25T05:23:00","guid":{"rendered":"https:\/\/informativoelvalledeaguascalientes.online\/?p=86454"},"modified":"2026-04-27T23:35:19","modified_gmt":"2026-04-28T05:35:19","slug":"tere-jimenez-promueve-la-feria-de-san-marcos-2026-en-entrevista-con-adela-micha","status":"publish","type":"post","link":"https:\/\/informativoelvalledeaguascalientes.online\/?p=86454","title":{"rendered":"TERE JIM\u00c9NEZ PROMUEVE LA FERIA DE SAN MARCOS 2026 EN ENTREVISTA CON ADELA MICHA"},"content":{"rendered":"<p><span class=\"html-span xdj266r x14z9mp xat24cr x1lziwak xexx8yu xyri2b x18d9i69 x1c1uobl x1hl2dhg x16tdsg8 x1vvkbs\"><a class=\"x1i10hfl xjbqb8w x1ejq31n x18oe1m7 x1sy0etr xstzfhl x972fbf x10w94by x1qhh985 x14e42zd x9f619 x1ypdohk xt0psk2 x3ct3a4 xdj266r x14z9mp xat24cr x1lziwak xexx8yu xyri2b x18d9i69 x1c1uobl x16tdsg8 x1hl2dhg xggy1nq x1a2a7pz xkrqix3 x1sur9pj x1fey0fg x1s688f\" tabindex=\"0\" role=\"link\" href=\"https:\/\/www.facebook.com\/profile.php?id=100063474403477&amp;__cft__[0]=AZb8ApAu97jwdTinA757YL4MJB2XoHaRahHWH0ZCcA0bNgH9IHepH2utStYiXkcAFwhOPkz7QCvw3049PhNjpL7p6bQifgptqb_8rYXVfzdd9p_G7V16qCR75Bx-lOym_l8&amp;__tn__=-]K-R\"><span class=\"xt0psk2\">Informativo El Valle de Aguascalientes<\/span><\/a><\/span> <span class=\"html-span xdj266r x14z9mp xat24cr x1lziwak xexx8yu xyri2b x18d9i69 x1c1uobl x1hl2dhg x16tdsg8 x1vvkbs\"><a class=\"x1i10hfl xjbqb8w x1ejq31n x18oe1m7 x1sy0etr xstzfhl x972fbf x10w94by x1qhh985 x14e42zd x9f619 x1ypdohk xt0psk2 x3ct3a4 xdj266r x14z9mp xat24cr x1lziwak xexx8yu xyri2b x18d9i69 x1c1uobl x16tdsg8 x1hl2dhg xggy1nq x1a2a7pz xkrqix3 x1sur9pj x1fey0fg x1s688f\" tabindex=\"0\" role=\"link\" href=\"https:\/\/www.facebook.com\/hashtag\/novaradioaguascalientes?__eep__=6&amp;__cft__[0]=AZb8ApAu97jwdTinA757YL4MJB2XoHaRahHWH0ZCcA0bNgH9IHepH2utStYiXkcAFwhOPkz7QCvw3049PhNjpL7p6bQifgptqb_8rYXVfzdd9p_G7V16qCR75Bx-lOym_l8&amp;__tn__=*NK-R\">#novaradioaguascalientes<\/a><\/span> <span class=\"html-span xdj266r x14z9mp xat24cr x1lziwak xexx8yu xyri2b x18d9i69 x1c1uobl x1hl2dhg x16tdsg8 x1vvkbs\"><a class=\"x1i10hfl xjbqb8w x1ejq31n x18oe1m7 x1sy0etr xstzfhl x972fbf x10w94by x1qhh985 x14e42zd x9f619 x1ypdohk xt0psk2 x3ct3a4 xdj266r x14z9mp xat24cr x1lziwak xexx8yu xyri2b x18d9i69 x1c1uobl x16tdsg8 x1hl2dhg xggy1nq x1a2a7pz xkrqix3 x1sur9pj x1fey0fg x1s688f\" tabindex=\"0\" role=\"link\" href=\"https:\/\/www.facebook.com\/hashtag\/informativoelvalledeaguascalientes?__eep__=6&amp;__cft__[0]=AZb8ApAu97jwdTinA757YL4MJB2XoHaRahHWH0ZCcA0bNgH9IHepH2utStYiXkcAFwhOPkz7QCvw3049PhNjpL7p6bQifgptqb_8rYXVfzdd9p_G7V16qCR75Bx-lOym_l8&amp;__tn__=*NK-R\">#informativoelvalledeaguascalientes<\/a><\/span> <span class=\"html-span xdj266r x14z9mp xat24cr x1lziwak xexx8yu xyri2b x18d9i69 x1c1uobl x1hl2dhg x16tdsg8 x1vvkbs\"><a class=\"x1i10hfl xjbqb8w x1ejq31n x18oe1m7 x1sy0etr xstzfhl x972fbf x10w94by x1qhh985 x14e42zd x9f619 x1ypdohk xt0psk2 x3ct3a4 xdj266r x14z9mp xat24cr x1lziwak xexx8yu xyri2b x18d9i69 x1c1uobl x16tdsg8 x1hl2dhg xggy1nq x1a2a7pz xkrqix3 x1sur9pj x1fey0fg x1s688f\" tabindex=\"0\" role=\"link\" href=\"https:\/\/www.facebook.com\/hashtag\/aguascalientes?__eep__=6&amp;__cft__[0]=AZb8ApAu97jwdTinA757YL4MJB2XoHaRahHWH0ZCcA0bNgH9IHepH2utStYiXkcAFwhOPkz7QCvw3049PhNjpL7p6bQifgptqb_8rYXVfzdd9p_G7V16qCR75Bx-lOym_l8&amp;__tn__=*NK-R\">#Aguascalientes<\/a><\/span> <span class=\"html-span xdj266r x14z9mp xat24cr x1lziwak xexx8yu xyri2b x18d9i69 x1c1uobl x1hl2dhg x16tdsg8 x1vvkbs\"><a class=\"x1i10hfl xjbqb8w x1ejq31n x18oe1m7 x1sy0etr xstzfhl x972fbf x10w94by x1qhh985 x14e42zd x9f619 x1ypdohk xt0psk2 x3ct3a4 xdj266r x14z9mp xat24cr x1lziwak xexx8yu xyri2b x18d9i69 x1c1uobl x16tdsg8 x1hl2dhg xggy1nq x1a2a7pz xkrqix3 x1sur9pj x1fey0fg x1s688f\" tabindex=\"0\" role=\"link\" href=\"https:\/\/www.facebook.com\/hashtag\/informativoelvalledeaguascalientesll?__eep__=6&amp;__cft__[0]=AZb8ApAu97jwdTinA757YL4MJB2XoHaRahHWH0ZCcA0bNgH9IHepH2utStYiXkcAFwhOPkz7QCvw3049PhNjpL7p6bQifgptqb_8rYXVfzdd9p_G7V16qCR75Bx-lOym_l8&amp;__tn__=*NK-R\">#informativoelvalledeaguascalientesll<\/a><\/span> <span class=\"html-span xdj266r x14z9mp xat24cr x1lziwak xexx8yu xyri2b x18d9i69 x1c1uobl x1hl2dhg x16tdsg8 x1vvkbs\"><a class=\"x1i10hfl xjbqb8w x1ejq31n x18oe1m7 x1sy0etr xstzfhl x972fbf x10w94by x1qhh985 x14e42zd x9f619 x1ypdohk xt0psk2 x3ct3a4 xdj266r x14z9mp xat24cr x1lziwak xexx8yu xyri2b x18d9i69 x1c1uobl x16tdsg8 x1hl2dhg xggy1nq x1a2a7pz xkrqix3 x1sur9pj x1fey0fg x1s688f\" tabindex=\"0\" role=\"link\" href=\"https:\/\/www.facebook.com\/hashtag\/elgigantedem%C3%A9xico?__eep__=6&amp;__cft__[0]=AZb8ApAu97jwdTinA757YL4MJB2XoHaRahHWH0ZCcA0bNgH9IHepH2utStYiXkcAFwhOPkz7QCvw3049PhNjpL7p6bQifgptqb_8rYXVfzdd9p_G7V16qCR75Bx-lOym_l8&amp;__tn__=*NK-R\">#ElGiganteDeM\u00e9xico<\/a><\/span><\/p>\n<p>&nbsp;<\/p>\n<p>La gobernadora Tere Jim\u00e9nez llev\u00f3 el nombre de Aguascalientes a lo m\u00e1s alto durante su participaci\u00f3n en el programa \u201cMe lo Dijo Adela\u201d, conducido por Adela Micha, donde extendi\u00f3 una invitaci\u00f3n abierta al p\u00fablico para vivir una de las celebraciones m\u00e1s importantes de M\u00e9xico: la Feria Nacional de San Marcos (FNSM) 2026, que concluye hasta el pr\u00f3ximo 10 de mayo.<\/p>\n<p>Durante la entrevista, la gobernadora destac\u00f3 que Aguascalientes no solo ofrece una feria llena de tradici\u00f3n, cultura y diversi\u00f3n, sino tambi\u00e9n espect\u00e1culos de primer nivel que la colocan como una de las mejores del pa\u00eds.<br \/>\nSubray\u00f3, adem\u00e1s, que la entidad se distingue por su seguridad, sus constantes inversiones y la alta calidad de vida de sus habitantes.<\/p>\n<p>Con orgullo, Tere Jim\u00e9nez resalt\u00f3 el sello humano que caracteriza a Aguascalientes: su gente. \u201cAqu\u00ed somos c\u00e1lidos, amables y siempre recibimos a los visitantes con los brazos abiertos\u201d, expres\u00f3, reafirmando que el estado es un destino ideal tanto para turistas como para quienes buscan nuevas oportunidades.<\/p>\n<p>La FNSM 2026 promete ser una experiencia inolvidable, donde la tradici\u00f3n se combina con la modernidad en un entorno seguro, vibrante y lleno de hospitalidad. Aguascalientes est\u00e1 listo para recibir a M\u00e9xico y al mundo.<\/p>\n","protected":false},"excerpt":{"rendered":"<p>Informativo El Valle de Aguascalientes #novaradioaguascalientes #informativoelvalledeaguascalientes #Aguascalientes #informativoelvalledeaguascalientesll #ElGiganteDeM\u00e9xico &nbsp; La gobernadora Tere Jim\u00e9nez llev\u00f3 el nombre de Aguascalientes a lo m\u00e1s alto durante su participaci\u00f3n en el programa \u201cMe lo Dijo Adela\u201d, conducido por Adela Micha, donde extendi\u00f3 una invitaci\u00f3n abierta al p\u00fablico para vivir una de las celebraciones m\u00e1s importantes de M\u00e9xico: [&hellip;]<\/p>\n","protected":false},"author":1,"featured_media":86455,"comment_status":"closed","ping_status":"open","sticky":false,"template":"","format":"standard","meta":{"advanced_seo_description":"","jetpack_seo_html_title":"","jetpack_seo_noindex":false,"_jetpack_memberships_contains_paid_content":false,"footnotes":"","jetpack_publicize_message":"","jetpack_publicize_feature_enabled":true,"jetpack_social_post_already_shared":true,"jetpack_social_options":{"image_generator_settings":{"template":"highway","default_image_id":0,"font":"","enabled":false},"version":2}},"categories":[21,4],"tags":[22,615,320],"class_list":["post-86454","post","type-post","status-publish","format-standard","has-post-thumbnail","hentry","category-aguascalientes","category-gobierno-del-estado-aguascalientes","tag-aguascalientes","tag-gobierno-del-estado-de-aguascalientes","tag-tere-jimenez"],"jetpack_publicize_connections":[],"jetpack_featured_media_url":"https:\/\/i0.wp.com\/informativoelvalledeaguascalientes.online\/wp-content\/uploads\/2026\/04\/b2b83783-e638-4f63-abd8-817612142a90.jpg?fit=1591%2C1061&ssl=1","jetpack-related-posts":[],"jetpack_sharing_enabled":true,"jetpack_likes_enabled":true,"_links":{"self":[{"href":"https:\/\/informativoelvalledeaguascalientes.online\/index.php?rest_route=\/wp\/v2\/posts\/86454","targetHints":{"allow":["GET"]}}],"collection":[{"href":"https:\/\/informativoelvalledeaguascalientes.online\/index.php?rest_route=\/wp\/v2\/posts"}],"about":[{"href":"https:\/\/informativoelvalledeaguascalientes.online\/index.php?rest_route=\/wp\/v2\/types\/post"}],"author":[{"embeddable":true,"href":"https:\/\/informativoelvalledeaguascalientes.online\/index.php?rest_route=\/wp\/v2\/users\/1"}],"replies":[{"embeddable":true,"href":"https:\/\/informativoelvalledeaguascalientes.online\/index.php?rest_route=%2Fwp%2Fv2%2Fcomments&post=86454"}],"version-history":[{"count":1,"href":"https:\/\/informativoelvalledeaguascalientes.online\/index.php?rest_route=\/wp\/v2\/posts\/86454\/revisions"}],"predecessor-version":[{"id":86456,"href":"https:\/\/informativoelvalledeaguascalientes.online\/index.php?rest_route=\/wp\/v2\/posts\/86454\/revisions\/86456"}],"wp:featuredmedia":[{"embeddable":true,"href":"https:\/\/informativoelvalledeaguascalientes.online\/index.php?rest_route=\/wp\/v2\/media\/86455"}],"wp:attachment":[{"href":"https:\/\/informativoelvalledeaguascalientes.online\/index.php?rest_route=%2Fwp%2Fv2%2Fmedia&parent=86454"}],"wp:term":[{"taxonomy":"category","embeddable":true,"href":"https:\/\/informativoelvalledeaguascalientes.online\/index.php?rest_route=%2Fwp%2Fv2%2Fcategories&post=86454"},{"taxonomy":"post_tag","embeddable":true,"href":"https:\/\/informativoelvalledeaguascalientes.online\/index.php?rest_route=%2Fwp%2Fv2%2Ftags&post=86454"}],"curies":[{"name":"wp","href":"https:\/\/api.w.org\/{rel}","templated":true}]}}