{"id":8452,"date":"2020-07-01T14:00:17","date_gmt":"2020-07-01T20:00:17","guid":{"rendered":"https:\/\/informativoelvalledeaguascalientes.online\/?p=8452"},"modified":"2020-07-01T14:00:17","modified_gmt":"2020-07-01T20:00:17","slug":"video-feria-de-san-marcos-se-cancela-cuidar-la-salud-es-prioridad-hma","status":"publish","type":"post","link":"https:\/\/informativoelvalledeaguascalientes.online\/?p=8452","title":{"rendered":"VIDEO-. FERIA DE SAN MARCOS SE CANCELA, CUIDAR LA SALUD ES PRIORIDAD: HMA"},"content":{"rendered":"<div class=\"jetpack-video-wrapper\"><iframe loading=\"lazy\" title=\"video cancelacion fnsm 2020 01072020\" width=\"640\" height=\"360\" src=\"https:\/\/www.youtube.com\/embed\/ZhQNpmWEzTE?feature=oembed\" frameborder=\"0\" allow=\"accelerometer; autoplay; clipboard-write; encrypted-media; gyroscope; picture-in-picture; web-share\" referrerpolicy=\"strict-origin-when-cross-origin\" allowfullscreen><\/iframe><\/div>\n<ul>\n<li dir=\"ltr\">\n<p dir=\"ltr\">El trabajo a partir de ahora ser\u00e1 dise\u00f1ar acciones que mitiguen los impactos econ\u00f3micos de quienes se benefician de la FNSM<\/p>\n<\/li>\n<li dir=\"ltr\">\n<p dir=\"ltr\">Se fortalecer\u00e1 el turismo con nuevos planes de acci\u00f3n e importantes eventos para la segunda mitad del a\u00f1o<\/p>\n<\/li>\n<li dir=\"ltr\">\n<p dir=\"ltr\">La edici\u00f3n de la Feria en el 2021 ser\u00e1 la mejor de la historia: HMA<\/p>\n<\/li>\n<\/ul>\n<p dir=\"ltr\">La pandemia por el COVID-19 ha cambiado la forma en la que vivimos y tambi\u00e9n la forma en la que festejamos, sin embargo ante los cambios hay que adaptarse y salir adelante con resiliencia y empe\u00f1o; por ello en un hecho hist\u00f3rico y sin precedentes, el gobernador Mart\u00edn Orozco Sandoval ha determinado salvaguardar la salud de las y los aguascalentenses, cancelando la edici\u00f3n 192 de la Feria Nacional de San Marcos.<\/p>\n<p dir=\"ltr\">Como una rigurosa medida que las circunstancia demandan hoy, el gobernador de Aguascalientes pondera la salud de las familias locales, as\u00ed como de todas aquellas personas que anualmente nos visitan para gozar de una de la ferias m\u00e1s importantes a nivel mundial, reiterando que la labor ahora es mitigar los impactos econ\u00f3micos que esto pueda generar.<\/p>\n<p dir=\"ltr\">As\u00ed lo inform\u00f3 el secretario de Turismo, Humberto Montero de Alba, al anunciar que el Patronato de la Feria Nacional de San Marcos se dedicar\u00e1 a dise\u00f1ar una FNSM 2021 que sea la mejor que se ha vivido en Aguascalientes.<\/p>\n<p dir=\"ltr\">En este mismo sentido, Montero de Alba reiter\u00f3 que la Secretar\u00eda de Turismo tiene la misi\u00f3n de fortalecer los eventos que est\u00e1n programados para el segundo semestre del a\u00f1o, y que adem\u00e1s se sumar\u00e1n al plan de acci\u00f3n para reactivar la econom\u00eda en materia tur\u00edstica en el estado.<\/p>\n<p dir=\"ltr\">El secretario refiri\u00f3 que si bien se estima que la derrama econ\u00f3mica que se pierda este a\u00f1o sea de 9 millones de pesos, se est\u00e1 trabajando en acciones que mitiguen el impacto y protejan sobre todo las inversiones de aquellas personas que hab\u00edan destinado recursos a esta edici\u00f3n de la FNSM.<\/p>\n<p dir=\"ltr\">Humberto Montero inform\u00f3 que se trabajar\u00e1 en el dise\u00f1o de la pr\u00f3xima verbena abrile\u00f1a en una s\u00f3la l\u00ednea con la secretar\u00eda de salud del Estado, para que la edici\u00f3n de la Feria, en el 2021, sea un evento seguro y de gran trascendencia.<\/p>\n<p dir=\"ltr\">Sin lugar a dudas, esta fiesta que nos llena de orgullo y tradici\u00f3n, estar\u00e1 esper\u00e1ndonos el pr\u00f3ximo a\u00f1o para quedarse siempre en nuestra memoria. \u00a1Ay, fiesta bonita!, nos vemos en el 2021.<\/p>\n","protected":false},"excerpt":{"rendered":"<p>El trabajo a partir de ahora ser\u00e1 dise\u00f1ar acciones que mitiguen los impactos econ\u00f3micos de quienes se benefician de la FNSM Se fortalecer\u00e1 el turismo con nuevos planes de acci\u00f3n e importantes eventos para la segunda mitad del a\u00f1o La edici\u00f3n de la Feria en el 2021 ser\u00e1 la mejor de la historia: HMA La [&hellip;]<\/p>\n","protected":false},"author":1,"featured_media":8453,"comment_status":"closed","ping_status":"open","sticky":false,"template":"","format":"standard","meta":{"advanced_seo_description":"","jetpack_seo_html_title":"","jetpack_seo_noindex":false,"_jetpack_memberships_contains_paid_content":false,"footnotes":"","jetpack_publicize_message":"","jetpack_publicize_feature_enabled":true,"jetpack_social_post_already_shared":true,"jetpack_social_options":{"image_generator_settings":{"template":"highway","default_image_id":0,"font":"","enabled":false},"version":2}},"categories":[21,4],"tags":[22,34],"class_list":["post-8452","post","type-post","status-publish","format-standard","has-post-thumbnail","hentry","category-aguascalientes","category-gobierno-del-estado-aguascalientes","tag-aguascalientes","tag-sectur"],"jetpack_publicize_connections":[],"jetpack_featured_media_url":"https:\/\/i0.wp.com\/informativoelvalledeaguascalientes.online\/wp-content\/uploads\/2020\/07\/sectur_01072020.jpg?fit=1280%2C1214&ssl=1","jetpack-related-posts":[],"jetpack_sharing_enabled":true,"jetpack_likes_enabled":true,"_links":{"self":[{"href":"https:\/\/informativoelvalledeaguascalientes.online\/index.php?rest_route=\/wp\/v2\/posts\/8452","targetHints":{"allow":["GET"]}}],"collection":[{"href":"https:\/\/informativoelvalledeaguascalientes.online\/index.php?rest_route=\/wp\/v2\/posts"}],"about":[{"href":"https:\/\/informativoelvalledeaguascalientes.online\/index.php?rest_route=\/wp\/v2\/types\/post"}],"author":[{"embeddable":true,"href":"https:\/\/informativoelvalledeaguascalientes.online\/index.php?rest_route=\/wp\/v2\/users\/1"}],"replies":[{"embeddable":true,"href":"https:\/\/informativoelvalledeaguascalientes.online\/index.php?rest_route=%2Fwp%2Fv2%2Fcomments&post=8452"}],"version-history":[{"count":1,"href":"https:\/\/informativoelvalledeaguascalientes.online\/index.php?rest_route=\/wp\/v2\/posts\/8452\/revisions"}],"predecessor-version":[{"id":8454,"href":"https:\/\/informativoelvalledeaguascalientes.online\/index.php?rest_route=\/wp\/v2\/posts\/8452\/revisions\/8454"}],"wp:featuredmedia":[{"embeddable":true,"href":"https:\/\/informativoelvalledeaguascalientes.online\/index.php?rest_route=\/wp\/v2\/media\/8453"}],"wp:attachment":[{"href":"https:\/\/informativoelvalledeaguascalientes.online\/index.php?rest_route=%2Fwp%2Fv2%2Fmedia&parent=8452"}],"wp:term":[{"taxonomy":"category","embeddable":true,"href":"https:\/\/informativoelvalledeaguascalientes.online\/index.php?rest_route=%2Fwp%2Fv2%2Fcategories&post=8452"},{"taxonomy":"post_tag","embeddable":true,"href":"https:\/\/informativoelvalledeaguascalientes.online\/index.php?rest_route=%2Fwp%2Fv2%2Ftags&post=8452"}],"curies":[{"name":"wp","href":"https:\/\/api.w.org\/{rel}","templated":true}]}}