{"id":83917,"date":"2026-03-13T23:02:06","date_gmt":"2026-03-14T05:02:06","guid":{"rendered":"https:\/\/informativoelvalledeaguascalientes.online\/?p=83917"},"modified":"2026-03-15T23:10:49","modified_gmt":"2026-03-16T05:10:49","slug":"tere-jimenez-encabeza-encuentro-con-mandos-de-la-v-region-militar-en-aguascalientes","status":"publish","type":"post","link":"https:\/\/informativoelvalledeaguascalientes.online\/?p=83917","title":{"rendered":"TERE JIM\u00c9NEZ ENCABEZA ENCUENTRO CON MANDOS DE LA V REGI\u00d3N MILITAR EN AGUASCALIENTES"},"content":{"rendered":"<p><span class=\"html-span xdj266r x14z9mp xat24cr x1lziwak xexx8yu xyri2b x18d9i69 x1c1uobl x1hl2dhg x16tdsg8 x1vvkbs\"><a class=\"x1i10hfl xjbqb8w x1ejq31n x18oe1m7 x1sy0etr xstzfhl x972fbf x10w94by x1qhh985 x14e42zd x9f619 x1ypdohk xt0psk2 x3ct3a4 xdj266r x14z9mp xat24cr x1lziwak xexx8yu xyri2b x18d9i69 x1c1uobl x16tdsg8 x1hl2dhg xggy1nq x1a2a7pz xkrqix3 x1sur9pj x1fey0fg x1s688f\" tabindex=\"0\" role=\"link\" href=\"https:\/\/www.facebook.com\/hashtag\/aguascalientes?__eep__=6&amp;__cft__[0]=AZaSAnQRoyVHalthRgaMWcQtib7jDBljP0wd9_UVoLX_b8giA6oK9u63dnQdWOHEStlbv89OZz8ZfYrpENhWp45by04qSoZL4Dz7oSscrbGhvjyrGI5PFVLJSaUpEweyilJnoGsw0eXBhWkcoTiLC0a9KvHxYLcJo3hIrYvvAG4buOZBGtJm1bDbsqipyPVIdWU&amp;__tn__=*NK-R\">#Aguascalientes<\/a><\/span> <span class=\"html-span xdj266r x14z9mp xat24cr x1lziwak xexx8yu xyri2b x18d9i69 x1c1uobl x1hl2dhg x16tdsg8 x1vvkbs\"><a class=\"x1i10hfl xjbqb8w x1ejq31n x18oe1m7 x1sy0etr xstzfhl x972fbf x10w94by x1qhh985 x14e42zd x9f619 x1ypdohk xt0psk2 x3ct3a4 xdj266r x14z9mp xat24cr x1lziwak xexx8yu xyri2b x18d9i69 x1c1uobl x16tdsg8 x1hl2dhg xggy1nq x1a2a7pz xkrqix3 x1sur9pj x1fey0fg x1s688f\" tabindex=\"0\" role=\"link\" href=\"https:\/\/www.facebook.com\/hashtag\/informativoelvalledeaguascalientesll?__eep__=6&amp;__cft__[0]=AZaSAnQRoyVHalthRgaMWcQtib7jDBljP0wd9_UVoLX_b8giA6oK9u63dnQdWOHEStlbv89OZz8ZfYrpENhWp45by04qSoZL4Dz7oSscrbGhvjyrGI5PFVLJSaUpEweyilJnoGsw0eXBhWkcoTiLC0a9KvHxYLcJo3hIrYvvAG4buOZBGtJm1bDbsqipyPVIdWU&amp;__tn__=*NK-R\">#informativoelvalledeaguascalientesll<\/a><\/span> \u00a0<span class=\"html-span xdj266r x14z9mp xat24cr x1lziwak xexx8yu xyri2b x18d9i69 x1c1uobl x1hl2dhg x16tdsg8 x1vvkbs\"><a class=\"x1i10hfl xjbqb8w x1ejq31n x18oe1m7 x1sy0etr xstzfhl x972fbf x10w94by x1qhh985 x14e42zd x9f619 x1ypdohk xt0psk2 x3ct3a4 xdj266r x14z9mp xat24cr x1lziwak xexx8yu xyri2b x18d9i69 x1c1uobl x16tdsg8 x1hl2dhg xggy1nq x1a2a7pz xkrqix3 x1sur9pj x1fey0fg x1s688f\" tabindex=\"0\" role=\"link\" href=\"https:\/\/www.facebook.com\/hashtag\/novaradioaguascalientes?__eep__=6&amp;__cft__[0]=AZaSAnQRoyVHalthRgaMWcQtib7jDBljP0wd9_UVoLX_b8giA6oK9u63dnQdWOHEStlbv89OZz8ZfYrpENhWp45by04qSoZL4Dz7oSscrbGhvjyrGI5PFVLJSaUpEweyilJnoGsw0eXBhWkcoTiLC0a9KvHxYLcJo3hIrYvvAG4buOZBGtJm1bDbsqipyPVIdWU&amp;__tn__=*NK-R\">#novaradioaguascalientes<\/a><\/span> <span class=\"html-span xdj266r x14z9mp xat24cr x1lziwak xexx8yu xyri2b x18d9i69 x1c1uobl x1hl2dhg x16tdsg8 x1vvkbs\"><a class=\"x1i10hfl xjbqb8w x1ejq31n x18oe1m7 x1sy0etr xstzfhl x972fbf x10w94by x1qhh985 x14e42zd x9f619 x1ypdohk xt0psk2 x3ct3a4 xdj266r x14z9mp xat24cr x1lziwak xexx8yu xyri2b x18d9i69 x1c1uobl x16tdsg8 x1hl2dhg xggy1nq x1a2a7pz xkrqix3 x1sur9pj x1fey0fg x1s688f\" tabindex=\"0\" role=\"link\" href=\"https:\/\/www.facebook.com\/hashtag\/informativoelvalledeaguascalientes?__eep__=6&amp;__cft__[0]=AZaSAnQRoyVHalthRgaMWcQtib7jDBljP0wd9_UVoLX_b8giA6oK9u63dnQdWOHEStlbv89OZz8ZfYrpENhWp45by04qSoZL4Dz7oSscrbGhvjyrGI5PFVLJSaUpEweyilJnoGsw0eXBhWkcoTiLC0a9KvHxYLcJo3hIrYvvAG4buOZBGtJm1bDbsqipyPVIdWU&amp;__tn__=*NK-R\">#informativoelvalledeaguascalientes<\/a><\/span><\/p>\n<p>&nbsp;<\/p>\n<p>* Reconocieron a fuerzas armadas y corporaciones de seguridad por su labor para mantener la paz<\/p>\n<p>La gobernadora de Aguascalientes, Tere Jim\u00e9nez, encabez\u00f3 un encuentro con mandos de la V Regi\u00f3n Militar, en el que adem\u00e1s se entregaron reconocimientos a integrantes del Ej\u00e9rcito mexicano, la Guardia Nacional y corporaciones de seguridad p\u00fablica estatales y municipales por su destacado desempe\u00f1o y su labor para mantener la paz y la tranquilidad de la poblaci\u00f3n.<\/p>\n<p>Durante la ceremonia, que reuni\u00f3 en Aguascalientes a representantes de las fuerzas armadas que integran esta regi\u00f3n militar \u2014conformada por Aguascalientes, Colima, Jalisco, Nayarit y Zacatecas\u2014, se destac\u00f3 la coordinaci\u00f3n entre las instituciones de seguridad como un factor clave para preservar la estabilidad y el desarrollo del estado.<\/p>\n<p>\u201cEstos reconocimientos simbolizan el agradecimiento de las mujeres y hombres que todos los d\u00edas se levantan y luchan por ser mejores; de los visitantes, que disfrutan de la hospitalidad y la belleza de nuestra entidad; de los empresarios, que abren sus negocios cada ma\u00f1ana, y de las ni\u00f1as, los ni\u00f1os y j\u00f3venes que pueden jugar, so\u00f1ar y vivir aqu\u00ed en esta tierra. Confiamos en ustedes y contamos con ustedes\u201d, destac\u00f3 la gobernadora.<\/p>\n<p>A\u00f1adi\u00f3 que, en Aguascalientes, la seguridad se sostiene con coordinaci\u00f3n, inteligencia, tecnolog\u00eda y el compromiso de que la ley se haga valer y de que ning\u00fan delito quede impune.<\/p>\n<p>\u201cSigamos trabajando unidos por Aguascalientes; hagamos que nuestra labor sea una garant\u00eda de progreso, desarrollo y dignidad humana para todos aqu\u00ed en la tierra de la gente buena, aqu\u00ed en Aguascalientes, el Gigante de M\u00e9xico\u201d, subray\u00f3 Tere Jim\u00e9nez.<\/p>\n<p>El jefe de Estado Mayor de la V Regi\u00f3n Militar, Jorge Ambia Minero, asegur\u00f3 que en Aguascalientes se ha demostrado que, cuando las instituciones trabajan unidas, los resultados se traducen en tranquilidad para las familias y en condiciones propicias para el desarrollo del estado.<\/p>\n<p>\u201cLos logros alcanzados en materia de seguridad en este estado son producto de tres principios que han guiado el actuar conjunto de las autoridades civiles, militares y de seguridad p\u00fablica: la cooperaci\u00f3n, la colaboraci\u00f3n y, sobre todo, la confianza\u201d, precis\u00f3.<\/p>\n<p>Sin embargo, dijo que detr\u00e1s de cada resultado est\u00e1 el trabajo de hombres y mujeres que a diario cumplen su deber con responsabilidad, lealtad, disciplina, profesionalismo y un profundo amor por M\u00e9xico.<\/p>\n<p>\u201cPor ello, los reconocimientos que hoy se otorgan no solo distinguen trayectorias individuales, sino que honran el esp\u00edritu de servicio que caracteriza a quienes integran todas las instituciones de seguridad\u201d, concluy\u00f3.<\/p>\n<p>Durante la ceremonia, realizada en las instalaciones de la 14\/a. Zona Militar, se reconoci\u00f3 a personal de la V Regi\u00f3n Militar, as\u00ed como a integrantes de la Guardia Nacional en Aguascalientes, a polic\u00edas de los 11 municipios del estado, a uniformados de la Secretar\u00eda de Seguridad P\u00fablica del Estado y a polic\u00edas de investigaci\u00f3n de la Fiscal\u00eda General de la Rep\u00fablica y de la Fiscal\u00eda General del Estado.<\/p>\n<p>En el evento, estuvieron presentes Leonardo Monta\u00f1ez Castro, presidente municipal de Aguascalientes; Alfredo Salgado Vargas, comandante de la 3.\u00aa porci\u00f3n norte-centro de la Guardia Nacional; \u00c1lvaro Javier Ju\u00e1rez V\u00e1zquez, comandante de la 14\/a. Zona Militar; Mar\u00eda Jos\u00e9 Ocampo V\u00e1zquez, magistrada presidenta del Supremo Tribunal de Justicia en el Estado de Aguascalientes; Jos\u00e9 Antonio Ar\u00e1mbula L\u00f3pez, secretario general de Gobierno del Estado de Aguascalientes; Isaac Bravo L\u00f3pez, comandante de la 11\/a. Zona Militar; Carlos Alberto Guerrero Curiel, comandante de la 13\/a. Zona Militar; Julio C\u00e9sar Islas S\u00e1nchez, comandante de la 15\/a. Zona Militar; Horacio Flores Fonseca, comandante de la 41\/a. Zona Militar; Isaac Aar\u00f3n Jes\u00fas Garc\u00eda, coordinador de la Guardia Nacional en Aguascalientes; Maribel Ch\u00e1vez Arriaga, delegada estatal de la Fiscal\u00eda General de la Rep\u00fablica; Antonio Mart\u00ednez Romo, secretario de Seguridad P\u00fablica del Estado de Aguascalientes; Luis Gaistardo Serrano, jefe de estaci\u00f3n del Centro Nacional de Inteligencia en el estado de Aguascalientes; Francisco P\u00e9rez Conde, comandante del 4.\u00ba Regimiento Mecanizado; Jes\u00fas Alonso Porras, comandante interino del 8.\u00ba Grupo de Infanter\u00eda; Fernando Alberto Alf\u00e9rez Alc\u00e1zar, secretario t\u00e9cnico estatal de la Secretar\u00eda de Seguridad y Protecci\u00f3n Ciudadana en el Estado de Aguascalientes; Jos\u00e9 Antonio Orta \u00c1lvarez, vicefiscal de Investigaci\u00f3n del Delito de la Fiscal\u00eda General del Estado de Aguascalientes, y Gonzalo P\u00e9rez Z\u00fa\u00f1iga, secretario de Seguridad P\u00fablica del Municipio de Aguascalientes.<\/p>\n","protected":false},"excerpt":{"rendered":"<p>#Aguascalientes #informativoelvalledeaguascalientesll \u00a0#novaradioaguascalientes #informativoelvalledeaguascalientes &nbsp; * Reconocieron a fuerzas armadas y corporaciones de seguridad por su labor para mantener la paz La gobernadora de Aguascalientes, Tere Jim\u00e9nez, encabez\u00f3 un encuentro con mandos de la V Regi\u00f3n Militar, en el que adem\u00e1s se entregaron reconocimientos a integrantes del Ej\u00e9rcito mexicano, la Guardia Nacional y corporaciones de [&hellip;]<\/p>\n","protected":false},"author":1,"featured_media":83918,"comment_status":"closed","ping_status":"open","sticky":false,"template":"","format":"standard","meta":{"advanced_seo_description":"","jetpack_seo_html_title":"","jetpack_seo_noindex":false,"_jetpack_memberships_contains_paid_content":false,"footnotes":"","jetpack_publicize_message":"","jetpack_publicize_feature_enabled":true,"jetpack_social_post_already_shared":true,"jetpack_social_options":{"image_generator_settings":{"template":"highway","default_image_id":0,"font":"","enabled":false},"version":2}},"categories":[21,4],"tags":[1005,22,615,320,1004],"class_list":["post-83917","post","type-post","status-publish","format-standard","has-post-thumbnail","hentry","category-aguascalientes","category-gobierno-del-estado-aguascalientes","tag-14-a-zona-militar","tag-aguascalientes","tag-gobierno-del-estado-de-aguascalientes","tag-tere-jimenez","tag-v-region-militar"],"jetpack_publicize_connections":[],"jetpack_featured_media_url":"https:\/\/i0.wp.com\/informativoelvalledeaguascalientes.online\/wp-content\/uploads\/2026\/03\/d65ee181-b39a-412e-b5a5-c3e06bffa4c6.jpg?fit=1440%2C960&ssl=1","jetpack-related-posts":[],"jetpack_sharing_enabled":true,"jetpack_likes_enabled":true,"_links":{"self":[{"href":"https:\/\/informativoelvalledeaguascalientes.online\/index.php?rest_route=\/wp\/v2\/posts\/83917","targetHints":{"allow":["GET"]}}],"collection":[{"href":"https:\/\/informativoelvalledeaguascalientes.online\/index.php?rest_route=\/wp\/v2\/posts"}],"about":[{"href":"https:\/\/informativoelvalledeaguascalientes.online\/index.php?rest_route=\/wp\/v2\/types\/post"}],"author":[{"embeddable":true,"href":"https:\/\/informativoelvalledeaguascalientes.online\/index.php?rest_route=\/wp\/v2\/users\/1"}],"replies":[{"embeddable":true,"href":"https:\/\/informativoelvalledeaguascalientes.online\/index.php?rest_route=%2Fwp%2Fv2%2Fcomments&post=83917"}],"version-history":[{"count":1,"href":"https:\/\/informativoelvalledeaguascalientes.online\/index.php?rest_route=\/wp\/v2\/posts\/83917\/revisions"}],"predecessor-version":[{"id":83919,"href":"https:\/\/informativoelvalledeaguascalientes.online\/index.php?rest_route=\/wp\/v2\/posts\/83917\/revisions\/83919"}],"wp:featuredmedia":[{"embeddable":true,"href":"https:\/\/informativoelvalledeaguascalientes.online\/index.php?rest_route=\/wp\/v2\/media\/83918"}],"wp:attachment":[{"href":"https:\/\/informativoelvalledeaguascalientes.online\/index.php?rest_route=%2Fwp%2Fv2%2Fmedia&parent=83917"}],"wp:term":[{"taxonomy":"category","embeddable":true,"href":"https:\/\/informativoelvalledeaguascalientes.online\/index.php?rest_route=%2Fwp%2Fv2%2Fcategories&post=83917"},{"taxonomy":"post_tag","embeddable":true,"href":"https:\/\/informativoelvalledeaguascalientes.online\/index.php?rest_route=%2Fwp%2Fv2%2Ftags&post=83917"}],"curies":[{"name":"wp","href":"https:\/\/api.w.org\/{rel}","templated":true}]}}