{"id":83242,"date":"2026-02-27T15:06:33","date_gmt":"2026-02-27T21:06:33","guid":{"rendered":"https:\/\/informativoelvalledeaguascalientes.online\/?p=83242"},"modified":"2026-03-04T15:08:25","modified_gmt":"2026-03-04T21:08:25","slug":"orgullo-hidrocalido-en-aguas-abiertas","status":"publish","type":"post","link":"https:\/\/informativoelvalledeaguascalientes.online\/?p=83242","title":{"rendered":"\u00a1Orgullo hidroc\u00e1lido en aguas abiertas!"},"content":{"rendered":"<p><span class=\"html-span xdj266r x14z9mp xat24cr x1lziwak xexx8yu xyri2b x18d9i69 x1c1uobl x1hl2dhg x16tdsg8 x1vvkbs\"><a class=\"x1i10hfl xjbqb8w x1ejq31n x18oe1m7 x1sy0etr xstzfhl x972fbf x10w94by x1qhh985 x14e42zd x9f619 x1ypdohk xt0psk2 x3ct3a4 xdj266r x14z9mp xat24cr x1lziwak xexx8yu xyri2b x18d9i69 x1c1uobl x16tdsg8 x1hl2dhg xggy1nq x1a2a7pz xkrqix3 x1sur9pj x1fey0fg x1s688f\" tabindex=\"0\" role=\"link\" href=\"https:\/\/www.facebook.com\/hashtag\/aguascalientes?__eep__=6&amp;__cft__[0]=AZaSAnQRoyVHalthRgaMWcQtib7jDBljP0wd9_UVoLX_b8giA6oK9u63dnQdWOHEStlbv89OZz8ZfYrpENhWp45by04qSoZL4Dz7oSscrbGhvjyrGI5PFVLJSaUpEweyilJnoGsw0eXBhWkcoTiLC0a9KvHxYLcJo3hIrYvvAG4buOZBGtJm1bDbsqipyPVIdWU&amp;__tn__=*NK-R\">#Aguascalientes<\/a><\/span> <span class=\"html-span xdj266r x14z9mp xat24cr x1lziwak xexx8yu xyri2b x18d9i69 x1c1uobl x1hl2dhg x16tdsg8 x1vvkbs\"><a class=\"x1i10hfl xjbqb8w x1ejq31n x18oe1m7 x1sy0etr xstzfhl x972fbf x10w94by x1qhh985 x14e42zd x9f619 x1ypdohk xt0psk2 x3ct3a4 xdj266r x14z9mp xat24cr x1lziwak xexx8yu xyri2b x18d9i69 x1c1uobl x16tdsg8 x1hl2dhg xggy1nq x1a2a7pz xkrqix3 x1sur9pj x1fey0fg x1s688f\" tabindex=\"0\" role=\"link\" href=\"https:\/\/www.facebook.com\/hashtag\/informativoelvalledeaguascalientesll?__eep__=6&amp;__cft__[0]=AZaSAnQRoyVHalthRgaMWcQtib7jDBljP0wd9_UVoLX_b8giA6oK9u63dnQdWOHEStlbv89OZz8ZfYrpENhWp45by04qSoZL4Dz7oSscrbGhvjyrGI5PFVLJSaUpEweyilJnoGsw0eXBhWkcoTiLC0a9KvHxYLcJo3hIrYvvAG4buOZBGtJm1bDbsqipyPVIdWU&amp;__tn__=*NK-R\">#informativoelvalledeaguascalientesll<\/a><\/span> \u00a0<span class=\"html-span xdj266r x14z9mp xat24cr x1lziwak xexx8yu xyri2b x18d9i69 x1c1uobl x1hl2dhg x16tdsg8 x1vvkbs\"><a class=\"x1i10hfl xjbqb8w x1ejq31n x18oe1m7 x1sy0etr xstzfhl x972fbf x10w94by x1qhh985 x14e42zd x9f619 x1ypdohk xt0psk2 x3ct3a4 xdj266r x14z9mp xat24cr x1lziwak xexx8yu xyri2b x18d9i69 x1c1uobl x16tdsg8 x1hl2dhg xggy1nq x1a2a7pz xkrqix3 x1sur9pj x1fey0fg x1s688f\" tabindex=\"0\" role=\"link\" href=\"https:\/\/www.facebook.com\/hashtag\/novaradioaguascalientes?__eep__=6&amp;__cft__[0]=AZaSAnQRoyVHalthRgaMWcQtib7jDBljP0wd9_UVoLX_b8giA6oK9u63dnQdWOHEStlbv89OZz8ZfYrpENhWp45by04qSoZL4Dz7oSscrbGhvjyrGI5PFVLJSaUpEweyilJnoGsw0eXBhWkcoTiLC0a9KvHxYLcJo3hIrYvvAG4buOZBGtJm1bDbsqipyPVIdWU&amp;__tn__=*NK-R\">#novaradioaguascalientes<\/a><\/span> <span class=\"html-span xdj266r x14z9mp xat24cr x1lziwak xexx8yu xyri2b x18d9i69 x1c1uobl x1hl2dhg x16tdsg8 x1vvkbs\"><a class=\"x1i10hfl xjbqb8w x1ejq31n x18oe1m7 x1sy0etr xstzfhl x972fbf x10w94by x1qhh985 x14e42zd x9f619 x1ypdohk xt0psk2 x3ct3a4 xdj266r x14z9mp xat24cr x1lziwak xexx8yu xyri2b x18d9i69 x1c1uobl x16tdsg8 x1hl2dhg xggy1nq x1a2a7pz xkrqix3 x1sur9pj x1fey0fg x1s688f\" tabindex=\"0\" role=\"link\" href=\"https:\/\/www.facebook.com\/hashtag\/informativoelvalledeaguascalientes?__eep__=6&amp;__cft__[0]=AZaSAnQRoyVHalthRgaMWcQtib7jDBljP0wd9_UVoLX_b8giA6oK9u63dnQdWOHEStlbv89OZz8ZfYrpENhWp45by04qSoZL4Dz7oSscrbGhvjyrGI5PFVLJSaUpEweyilJnoGsw0eXBhWkcoTiLC0a9KvHxYLcJo3hIrYvvAG4buOZBGtJm1bDbsqipyPVIdWU&amp;__tn__=*NK-R\">#informativoelvalledeaguascalientes<\/a><\/span><\/p>\n<p>&nbsp;<\/p>\n<p>\u00a1Orgullo hidroc\u00e1lido en aguas abiertas! \ud83c\udf0a\ud83c\udfca\u200d\u2640\ufe0f<\/p>\n<p>Felicitamos a nuestras y nuestros nadadores que brillaron en la \u201cRuta del Arrecife 2026\u201d, celebrado en Puerto Morelos, Quintana Roo, as\u00ed como a sus entrenadores Jos\u00e9 Ferm\u00edn Mart\u00ednez Naranjo \u201cPica\u201d, Javier de la Hoz y Laura Mart\u00ednez, por su extraordinario trabajo y compromiso.<\/p>\n<p>\u2728 RESULTADOS DESTACADOS<\/p>\n<p>\ud83d\udd39 Distancia 1.25 km | Categor\u00eda 6\u201311 a\u00f1os<br \/>\n\ud83e\udd47 Luisa Fernanda G\u00e1mez Medina<br \/>\n\ud83e\udd48 Santiago Sommers Santoyo<br \/>\n\ud83e\udd49 Alisson Montserrat V\u00e1zquez Ramos<\/p>\n<p>\ud83d\udd39 Distancia 2.5 km | Categor\u00eda 12\u201313 a\u00f1os<br \/>\n\ud83e\udd47 Victoria Floriano Hern\u00e1ndez \u2014 Clasificada al Campeonato Nacional de Aguas Abiertas<br \/>\n\ud83e\udd48 Erick V\u00e1zquez Ramos \u2014 Clasificado al Campeonato Nacional de Aguas Abiertas<br \/>\n\ud83c\udfc5 Elih\u00fa Retamoza Herrera \u2014 6.\u00ba lugar y clasificado al Campeonato Nacional de Aguas Abiertas<\/p>\n<p>\ud83d\udd39 Distancia 5 km | Categor\u00eda 14\u201315 a\u00f1os<br \/>\n\ud83e\udd47 Ana Berenice Mart\u00ednez Ortiz \u2014 Clasificada al Campeonato Nacional de Aguas Abiertas<br \/>\n\ud83e\udd48 Leonel Edre\u00ed Fern\u00e1ndez Campos \u2014 Clasificado al Campeonato Nacional de Aguas Abiertas<br \/>\n\ud83c\udfc5 Francesca Delgado Bravo \u2014 4.\u00ba lugar y clasificada al Campeonato Nacional de Aguas Abiertas<\/p>\n<p>\ud83d\udd39 Distancia 7.5 km | Categor\u00eda 16\u201317 a\u00f1os<br \/>\n\ud83e\udd48 Sara Abigail Mart\u00ednez Ortiz \u2014 Clasificada al Campeonato Nacional de Aguas Abiertas<br \/>\n\ud83e\udd49 Hansel Quiroz Herrera \u2014 Clasificado al Campeonato Nacional de Aguas Abiertas<\/p>\n<p>\ud83d\udd39 Distancia 10 km | Categor\u00eda 18\u201319 a\u00f1os<br \/>\n\ud83e\udd47 Dana Michelle Toledo R\u00edos \u2014 Clasificada al Campeonato Nacional de Aguas Abiertas<br \/>\n\ud83e\udd49 Katherine Mercado Alf\u00e9rez \u2014 Clasificada al Campeonato Nacional de Aguas Abiertas<\/p>\n<p>\ud83d\udd39 Distancia 10 km | Categor\u00eda 20\u201322 a\u00f1os<br \/>\n\ud83c\udfc5 Mar\u00eda del Rosario Herrera L\u00f3pez \u2014 7.\u00ba lugar y clasificada al Campeonato Nacional de Aguas Abiertas<\/p>\n<p>\ud83d\udc4f Gracias al esfuerzo colectivo, Aguascalientes obtuvo el 3.er lugar por equipos, reafirmando el gran nivel de nuestra nataci\u00f3n.<\/p>\n<p>\ud83c\udf1f Menci\u00f3n especial para Dalia Berenice Moreno Velasco, quien logr\u00f3 su clasificaci\u00f3n al Campeonato Internacional en Aruba.<\/p>\n<p>\u00a1Muchas felicidades a cada atleta, entrenadores y familias por poner en alto el nombre de Aguascalientes!<\/p>\n","protected":false},"excerpt":{"rendered":"<p>#Aguascalientes #informativoelvalledeaguascalientesll \u00a0#novaradioaguascalientes #informativoelvalledeaguascalientes &nbsp; \u00a1Orgullo hidroc\u00e1lido en aguas abiertas! \ud83c\udf0a\ud83c\udfca\u200d\u2640\ufe0f Felicitamos a nuestras y nuestros nadadores que brillaron en la \u201cRuta del Arrecife 2026\u201d, celebrado en Puerto Morelos, Quintana Roo, as\u00ed como a sus entrenadores Jos\u00e9 Ferm\u00edn Mart\u00ednez Naranjo \u201cPica\u201d, Javier de la Hoz y Laura Mart\u00ednez, por su extraordinario trabajo y compromiso. \u2728 [&hellip;]<\/p>\n","protected":false},"author":1,"featured_media":83243,"comment_status":"closed","ping_status":"open","sticky":false,"template":"","format":"standard","meta":{"advanced_seo_description":"","jetpack_seo_html_title":"","jetpack_seo_noindex":false,"_jetpack_memberships_contains_paid_content":false,"footnotes":"","jetpack_publicize_message":"","jetpack_publicize_feature_enabled":true,"jetpack_social_post_already_shared":true,"jetpack_social_options":{"image_generator_settings":{"template":"highway","default_image_id":0,"font":"","enabled":false},"version":2}},"categories":[21,4],"tags":[22,615,113],"class_list":["post-83242","post","type-post","status-publish","format-standard","has-post-thumbnail","hentry","category-aguascalientes","category-gobierno-del-estado-aguascalientes","tag-aguascalientes","tag-gobierno-del-estado-de-aguascalientes","tag-idea"],"jetpack_publicize_connections":[],"jetpack_featured_media_url":"https:\/\/i0.wp.com\/informativoelvalledeaguascalientes.online\/wp-content\/uploads\/2026\/03\/673010b4-a07e-4d2c-80bc-4858dcf97543.jpg?fit=1217%2C1600&ssl=1","jetpack-related-posts":[],"jetpack_sharing_enabled":true,"jetpack_likes_enabled":true,"_links":{"self":[{"href":"https:\/\/informativoelvalledeaguascalientes.online\/index.php?rest_route=\/wp\/v2\/posts\/83242","targetHints":{"allow":["GET"]}}],"collection":[{"href":"https:\/\/informativoelvalledeaguascalientes.online\/index.php?rest_route=\/wp\/v2\/posts"}],"about":[{"href":"https:\/\/informativoelvalledeaguascalientes.online\/index.php?rest_route=\/wp\/v2\/types\/post"}],"author":[{"embeddable":true,"href":"https:\/\/informativoelvalledeaguascalientes.online\/index.php?rest_route=\/wp\/v2\/users\/1"}],"replies":[{"embeddable":true,"href":"https:\/\/informativoelvalledeaguascalientes.online\/index.php?rest_route=%2Fwp%2Fv2%2Fcomments&post=83242"}],"version-history":[{"count":1,"href":"https:\/\/informativoelvalledeaguascalientes.online\/index.php?rest_route=\/wp\/v2\/posts\/83242\/revisions"}],"predecessor-version":[{"id":83244,"href":"https:\/\/informativoelvalledeaguascalientes.online\/index.php?rest_route=\/wp\/v2\/posts\/83242\/revisions\/83244"}],"wp:featuredmedia":[{"embeddable":true,"href":"https:\/\/informativoelvalledeaguascalientes.online\/index.php?rest_route=\/wp\/v2\/media\/83243"}],"wp:attachment":[{"href":"https:\/\/informativoelvalledeaguascalientes.online\/index.php?rest_route=%2Fwp%2Fv2%2Fmedia&parent=83242"}],"wp:term":[{"taxonomy":"category","embeddable":true,"href":"https:\/\/informativoelvalledeaguascalientes.online\/index.php?rest_route=%2Fwp%2Fv2%2Fcategories&post=83242"},{"taxonomy":"post_tag","embeddable":true,"href":"https:\/\/informativoelvalledeaguascalientes.online\/index.php?rest_route=%2Fwp%2Fv2%2Ftags&post=83242"}],"curies":[{"name":"wp","href":"https:\/\/api.w.org\/{rel}","templated":true}]}}