{"id":83166,"date":"2026-02-26T22:13:06","date_gmt":"2026-02-27T04:13:06","guid":{"rendered":"https:\/\/informativoelvalledeaguascalientes.online\/?p=83166"},"modified":"2026-03-03T22:14:30","modified_gmt":"2026-03-04T04:14:30","slug":"en-aguascalientes-los-milagros-se-cumplen-conoce-la-historia-del-pequeno-alessandro","status":"publish","type":"post","link":"https:\/\/informativoelvalledeaguascalientes.online\/?p=83166","title":{"rendered":"EN AGUASCALIENTES, LOS MILAGROS SE CUMPLEN: CONOCE LA HISTORIA DEL PEQUE\u00d1O ALESSANDRO"},"content":{"rendered":"<p><span class=\"html-span xdj266r x14z9mp xat24cr x1lziwak xexx8yu xyri2b x18d9i69 x1c1uobl x1hl2dhg x16tdsg8 x1vvkbs\"><a class=\"x1i10hfl xjbqb8w x1ejq31n x18oe1m7 x1sy0etr xstzfhl x972fbf x10w94by x1qhh985 x14e42zd x9f619 x1ypdohk xt0psk2 x3ct3a4 xdj266r x14z9mp xat24cr x1lziwak xexx8yu xyri2b x18d9i69 x1c1uobl x16tdsg8 x1hl2dhg xggy1nq x1a2a7pz xkrqix3 x1sur9pj x1fey0fg x1s688f\" tabindex=\"0\" role=\"link\" href=\"https:\/\/www.facebook.com\/hashtag\/aguascalientes?__eep__=6&amp;__cft__[0]=AZaSAnQRoyVHalthRgaMWcQtib7jDBljP0wd9_UVoLX_b8giA6oK9u63dnQdWOHEStlbv89OZz8ZfYrpENhWp45by04qSoZL4Dz7oSscrbGhvjyrGI5PFVLJSaUpEweyilJnoGsw0eXBhWkcoTiLC0a9KvHxYLcJo3hIrYvvAG4buOZBGtJm1bDbsqipyPVIdWU&amp;__tn__=*NK-R\">#Aguascalientes<\/a><\/span> <span class=\"html-span xdj266r x14z9mp xat24cr x1lziwak xexx8yu xyri2b x18d9i69 x1c1uobl x1hl2dhg x16tdsg8 x1vvkbs\"><a class=\"x1i10hfl xjbqb8w x1ejq31n x18oe1m7 x1sy0etr xstzfhl x972fbf x10w94by x1qhh985 x14e42zd x9f619 x1ypdohk xt0psk2 x3ct3a4 xdj266r x14z9mp xat24cr x1lziwak xexx8yu xyri2b x18d9i69 x1c1uobl x16tdsg8 x1hl2dhg xggy1nq x1a2a7pz xkrqix3 x1sur9pj x1fey0fg x1s688f\" tabindex=\"0\" role=\"link\" href=\"https:\/\/www.facebook.com\/hashtag\/informativoelvalledeaguascalientesll?__eep__=6&amp;__cft__[0]=AZaSAnQRoyVHalthRgaMWcQtib7jDBljP0wd9_UVoLX_b8giA6oK9u63dnQdWOHEStlbv89OZz8ZfYrpENhWp45by04qSoZL4Dz7oSscrbGhvjyrGI5PFVLJSaUpEweyilJnoGsw0eXBhWkcoTiLC0a9KvHxYLcJo3hIrYvvAG4buOZBGtJm1bDbsqipyPVIdWU&amp;__tn__=*NK-R\">#informativoelvalledeaguascalientesll<\/a><\/span> \u00a0<span class=\"html-span xdj266r x14z9mp xat24cr x1lziwak xexx8yu xyri2b x18d9i69 x1c1uobl x1hl2dhg x16tdsg8 x1vvkbs\"><a class=\"x1i10hfl xjbqb8w x1ejq31n x18oe1m7 x1sy0etr xstzfhl x972fbf x10w94by x1qhh985 x14e42zd x9f619 x1ypdohk xt0psk2 x3ct3a4 xdj266r x14z9mp xat24cr x1lziwak xexx8yu xyri2b x18d9i69 x1c1uobl x16tdsg8 x1hl2dhg xggy1nq x1a2a7pz xkrqix3 x1sur9pj x1fey0fg x1s688f\" tabindex=\"0\" role=\"link\" href=\"https:\/\/www.facebook.com\/hashtag\/novaradioaguascalientes?__eep__=6&amp;__cft__[0]=AZaSAnQRoyVHalthRgaMWcQtib7jDBljP0wd9_UVoLX_b8giA6oK9u63dnQdWOHEStlbv89OZz8ZfYrpENhWp45by04qSoZL4Dz7oSscrbGhvjyrGI5PFVLJSaUpEweyilJnoGsw0eXBhWkcoTiLC0a9KvHxYLcJo3hIrYvvAG4buOZBGtJm1bDbsqipyPVIdWU&amp;__tn__=*NK-R\">#novaradioaguascalientes<\/a><\/span> <span class=\"html-span xdj266r x14z9mp xat24cr x1lziwak xexx8yu xyri2b x18d9i69 x1c1uobl x1hl2dhg x16tdsg8 x1vvkbs\"><a class=\"x1i10hfl xjbqb8w x1ejq31n x18oe1m7 x1sy0etr xstzfhl x972fbf x10w94by x1qhh985 x14e42zd x9f619 x1ypdohk xt0psk2 x3ct3a4 xdj266r x14z9mp xat24cr x1lziwak xexx8yu xyri2b x18d9i69 x1c1uobl x16tdsg8 x1hl2dhg xggy1nq x1a2a7pz xkrqix3 x1sur9pj x1fey0fg x1s688f\" tabindex=\"0\" role=\"link\" href=\"https:\/\/www.facebook.com\/hashtag\/informativoelvalledeaguascalientes?__eep__=6&amp;__cft__[0]=AZaSAnQRoyVHalthRgaMWcQtib7jDBljP0wd9_UVoLX_b8giA6oK9u63dnQdWOHEStlbv89OZz8ZfYrpENhWp45by04qSoZL4Dz7oSscrbGhvjyrGI5PFVLJSaUpEweyilJnoGsw0eXBhWkcoTiLC0a9KvHxYLcJo3hIrYvvAG4buOZBGtJm1bDbsqipyPVIdWU&amp;__tn__=*NK-R\">#informativoelvalledeaguascalientes<\/a><\/span><\/p>\n<p>&nbsp;<\/p>\n<p>Alessandro Tadeo Hern\u00e1ndez Mart\u00ednez tiene un a\u00f1o y cinco meses de edad y ya es un ejemplo de fortaleza. Originario de Aguascalientes, este peque\u00f1o guerrero ha demostrado que, con apoyo oportuno y acompa\u00f1amiento profesional, los diagn\u00f3sticos no son sentencias, sino puntos de partida para nuevas posibilidades.<\/p>\n<p>A los ocho meses de nacido, su familia recibi\u00f3 un diagn\u00f3stico que estremeci\u00f3 su mundo: un retraso en el neurodesarrollo y braquicefalia cong\u00e9nita. El panorama era incierto; sin embargo, desde ese momento su madre, Ana Bel\u00e9n Hern\u00e1ndez Mart\u00ednez, decidi\u00f3 que la historia de su hijo no estar\u00eda marcada por el miedo, sino por la acci\u00f3n. Fue as\u00ed como comenz\u00f3 su proceso de terapias y rehabilitaci\u00f3n.<\/p>\n<p>El camino los llev\u00f3 al DIF Estatal de Aguascalientes, donde Alessandro inici\u00f3 atenci\u00f3n especializada, incluyendo sesiones en el tanque terap\u00e9utico pedi\u00e1trico. Lo que al principio parec\u00eda un reto abrumador, hoy se ha transformado en una ruta de avances constantes.<\/p>\n<p>\u201cLa verdad, nos ha ido muy bien aqu\u00ed, hemos recibido un excelente trato. Agradezco a la gobernadora Tere Jim\u00e9nez y a la se\u00f1ora Aurora Jim\u00e9nez, porque nos apoyaron para que mi hijo pudiera recibir un casco especial para su tratamiento, ya que tiene un valor de 53 mil pesos, y estoy m\u00e1s que agradecida porque ya veo el cambio en mi beb\u00e9\u201d, expresa su madre al recordar la atenci\u00f3n recibida. Destaca no solo la profesionalidad de terapeutas y personal, sino la calidez humana con la que fueron acompa\u00f1ados desde el primer d\u00eda. El apoyo para conseguir el casco ortop\u00e9dico, la orientaci\u00f3n y el respaldo en cada etapa marcaron una diferencia profunda en su experiencia.<\/p>\n<p>Pero el cambio m\u00e1s poderoso se refleja en el propio Alessandro. Seg\u00fan cuenta su mam\u00e1, los m\u00e9dicos hab\u00edan estimado que podr\u00eda caminar hasta los cinco a\u00f1os. Hoy, la realidad empieza a desmentir ese pron\u00f3stico, pues gracias al casco y a sus terapias ya comenz\u00f3 a dar sus primeros pasos.<\/p>\n<p>\u201cMi hijo va avanzando, veo mucha mejor\u00eda y estoy muy satisfecha por los grandes avances que he visto\u201d, afirma con emoci\u00f3n. Cada peque\u00f1o movimiento, cada nuevo logro y cada sesi\u00f3n de terapia se han convertido en victorias para toda su familia.<\/p>\n<p>Para ella, la recomendaci\u00f3n para quienes pasan por un momento similar es la de acudir a terapia, lo que puede transformar vidas, pues la se\u00f1ora est\u00e1 convencida de que el acompa\u00f1amiento integral y el trato digno marcan la diferencia justo en los momentos en que m\u00e1s se necesita.<\/p>\n<p>Su testimonio culmina con un agradecimiento que resume la dimensi\u00f3n humana de esta experiencia. \u201cMe dieron una atenci\u00f3n que jam\u00e1s pens\u00e9 recibir, un apoyo tan grande con respeto y dignidad. Gracias por todas las atenciones que nos han brindado\u201d.<\/p>\n<p>La historia de Alessandro no solo habla de rehabilitaci\u00f3n m\u00e9dica, habla de oportunidades, de manos que sostienen y de instituciones que se convierten en aliadas de las familias. Es la prueba viva de que, cuando el apoyo llega a tiempo, la esperanza no solo se siente, tambi\u00e9n aprende a caminar.<\/p>\n","protected":false},"excerpt":{"rendered":"<p>#Aguascalientes #informativoelvalledeaguascalientesll \u00a0#novaradioaguascalientes #informativoelvalledeaguascalientes &nbsp; Alessandro Tadeo Hern\u00e1ndez Mart\u00ednez tiene un a\u00f1o y cinco meses de edad y ya es un ejemplo de fortaleza. Originario de Aguascalientes, este peque\u00f1o guerrero ha demostrado que, con apoyo oportuno y acompa\u00f1amiento profesional, los diagn\u00f3sticos no son sentencias, sino puntos de partida para nuevas posibilidades. A los ocho meses [&hellip;]<\/p>\n","protected":false},"author":1,"featured_media":83167,"comment_status":"closed","ping_status":"open","sticky":false,"template":"","format":"standard","meta":{"_monsterinsights_skip_tracking":false,"advanced_seo_description":"","jetpack_seo_html_title":"","jetpack_seo_noindex":false,"jetpack_seo_schema_type":"","_jetpack_newsletter_access":"","_jetpack_dont_email_post_to_subs":false,"_jetpack_newsletter_tier_id":0,"_jetpack_memberships_contains_paywalled_content":false,"_jetpack_feature_clip_id":0,"_jetpack_memberships_contains_paid_content":false,"footnotes":"","jetpack_publicize_message":"","jetpack_publicize_feature_enabled":true,"jetpack_social_post_already_shared":true,"jetpack_social_options":{"image_generator_settings":{"template":"highway","default_image_id":0,"font":"","enabled":false},"version":2},"jetpack_post_was_ever_published":false},"categories":[21,4],"tags":[22,615],"class_list":["post-83166","post","type-post","status-publish","format-standard","has-post-thumbnail","hentry","category-aguascalientes","category-gobierno-del-estado-aguascalientes","tag-aguascalientes","tag-gobierno-del-estado-de-aguascalientes"],"jetpack_publicize_connections":[],"jetpack_featured_media_url":"https:\/\/i0.wp.com\/informativoelvalledeaguascalientes.online\/wp-content\/uploads\/2026\/03\/a138a841-b74c-4bed-8ed4-658a7a76a6d4.jpg?fit=1599%2C899&ssl=1","jetpack-related-posts":[],"jetpack_sharing_enabled":true,"jetpack_likes_enabled":true,"_links":{"self":[{"href":"https:\/\/informativoelvalledeaguascalientes.online\/index.php?rest_route=\/wp\/v2\/posts\/83166","targetHints":{"allow":["GET"]}}],"collection":[{"href":"https:\/\/informativoelvalledeaguascalientes.online\/index.php?rest_route=\/wp\/v2\/posts"}],"about":[{"href":"https:\/\/informativoelvalledeaguascalientes.online\/index.php?rest_route=\/wp\/v2\/types\/post"}],"author":[{"embeddable":true,"href":"https:\/\/informativoelvalledeaguascalientes.online\/index.php?rest_route=\/wp\/v2\/users\/1"}],"replies":[{"embeddable":true,"href":"https:\/\/informativoelvalledeaguascalientes.online\/index.php?rest_route=%2Fwp%2Fv2%2Fcomments&post=83166"}],"version-history":[{"count":1,"href":"https:\/\/informativoelvalledeaguascalientes.online\/index.php?rest_route=\/wp\/v2\/posts\/83166\/revisions"}],"predecessor-version":[{"id":83168,"href":"https:\/\/informativoelvalledeaguascalientes.online\/index.php?rest_route=\/wp\/v2\/posts\/83166\/revisions\/83168"}],"wp:featuredmedia":[{"embeddable":true,"href":"https:\/\/informativoelvalledeaguascalientes.online\/index.php?rest_route=\/wp\/v2\/media\/83167"}],"wp:attachment":[{"href":"https:\/\/informativoelvalledeaguascalientes.online\/index.php?rest_route=%2Fwp%2Fv2%2Fmedia&parent=83166"}],"wp:term":[{"taxonomy":"category","embeddable":true,"href":"https:\/\/informativoelvalledeaguascalientes.online\/index.php?rest_route=%2Fwp%2Fv2%2Fcategories&post=83166"},{"taxonomy":"post_tag","embeddable":true,"href":"https:\/\/informativoelvalledeaguascalientes.online\/index.php?rest_route=%2Fwp%2Fv2%2Ftags&post=83166"}],"curies":[{"name":"wp","href":"https:\/\/api.w.org\/{rel}","templated":true}]}}