{"id":82991,"date":"2026-02-21T18:29:59","date_gmt":"2026-02-22T00:29:59","guid":{"rendered":"https:\/\/informativoelvalledeaguascalientes.online\/?p=82991"},"modified":"2026-02-21T18:29:59","modified_gmt":"2026-02-22T00:29:59","slug":"video-refuerza-cesar-medina-la-seguridad-en-el-rio-san-pedro-con-nueva-iluminacion-y-rescate-de-espacios-publicos","status":"publish","type":"post","link":"https:\/\/informativoelvalledeaguascalientes.online\/?p=82991","title":{"rendered":"VIDEO: REFUERZA C\u00c9SAR MEDINA LA SEGURIDAD EN EL R\u00cdO SAN PEDRO CON NUEVA ILUMINACI\u00d3N Y RESCATE DE ESPACIOS P\u00daBLICOS"},"content":{"rendered":"<p><span class=\"html-span xdj266r x14z9mp xat24cr x1lziwak xexx8yu xyri2b x18d9i69 x1c1uobl x1hl2dhg x16tdsg8 x1vvkbs\"><a class=\"x1i10hfl xjbqb8w x1ejq31n x18oe1m7 x1sy0etr xstzfhl x972fbf x10w94by x1qhh985 x14e42zd x9f619 x1ypdohk xt0psk2 x3ct3a4 xdj266r x14z9mp xat24cr x1lziwak xexx8yu xyri2b x18d9i69 x1c1uobl x16tdsg8 x1hl2dhg xggy1nq x1a2a7pz xkrqix3 x1sur9pj x1fey0fg x1s688f\" tabindex=\"0\" role=\"link\" href=\"https:\/\/www.facebook.com\/hashtag\/aguascalientes?__eep__=6&amp;__cft__[0]=AZaSAnQRoyVHalthRgaMWcQtib7jDBljP0wd9_UVoLX_b8giA6oK9u63dnQdWOHEStlbv89OZz8ZfYrpENhWp45by04qSoZL4Dz7oSscrbGhvjyrGI5PFVLJSaUpEweyilJnoGsw0eXBhWkcoTiLC0a9KvHxYLcJo3hIrYvvAG4buOZBGtJm1bDbsqipyPVIdWU&amp;__tn__=*NK-R\">#Aguascalientes<\/a><\/span> <span class=\"html-span xdj266r x14z9mp xat24cr x1lziwak xexx8yu xyri2b x18d9i69 x1c1uobl x1hl2dhg x16tdsg8 x1vvkbs\"><a class=\"x1i10hfl xjbqb8w x1ejq31n x18oe1m7 x1sy0etr xstzfhl x972fbf x10w94by x1qhh985 x14e42zd x9f619 x1ypdohk xt0psk2 x3ct3a4 xdj266r x14z9mp xat24cr x1lziwak xexx8yu xyri2b x18d9i69 x1c1uobl x16tdsg8 x1hl2dhg xggy1nq x1a2a7pz xkrqix3 x1sur9pj x1fey0fg x1s688f\" tabindex=\"0\" role=\"link\" href=\"https:\/\/www.facebook.com\/hashtag\/informativoelvalledeaguascalientesll?__eep__=6&amp;__cft__[0]=AZaSAnQRoyVHalthRgaMWcQtib7jDBljP0wd9_UVoLX_b8giA6oK9u63dnQdWOHEStlbv89OZz8ZfYrpENhWp45by04qSoZL4Dz7oSscrbGhvjyrGI5PFVLJSaUpEweyilJnoGsw0eXBhWkcoTiLC0a9KvHxYLcJo3hIrYvvAG4buOZBGtJm1bDbsqipyPVIdWU&amp;__tn__=*NK-R\">#informativoelvalledeaguascalientesll<\/a><\/span> \u00a0<span class=\"html-span xdj266r x14z9mp xat24cr x1lziwak xexx8yu xyri2b x18d9i69 x1c1uobl x1hl2dhg x16tdsg8 x1vvkbs\"><a class=\"x1i10hfl xjbqb8w x1ejq31n x18oe1m7 x1sy0etr xstzfhl x972fbf x10w94by x1qhh985 x14e42zd x9f619 x1ypdohk xt0psk2 x3ct3a4 xdj266r x14z9mp xat24cr x1lziwak xexx8yu xyri2b x18d9i69 x1c1uobl x16tdsg8 x1hl2dhg xggy1nq x1a2a7pz xkrqix3 x1sur9pj x1fey0fg x1s688f\" tabindex=\"0\" role=\"link\" href=\"https:\/\/www.facebook.com\/hashtag\/novaradioaguascalientes?__eep__=6&amp;__cft__[0]=AZaSAnQRoyVHalthRgaMWcQtib7jDBljP0wd9_UVoLX_b8giA6oK9u63dnQdWOHEStlbv89OZz8ZfYrpENhWp45by04qSoZL4Dz7oSscrbGhvjyrGI5PFVLJSaUpEweyilJnoGsw0eXBhWkcoTiLC0a9KvHxYLcJo3hIrYvvAG4buOZBGtJm1bDbsqipyPVIdWU&amp;__tn__=*NK-R\">#novaradioaguascalientes<\/a><\/span> <span class=\"html-span xdj266r x14z9mp xat24cr x1lziwak xexx8yu xyri2b x18d9i69 x1c1uobl x1hl2dhg x16tdsg8 x1vvkbs\"><a class=\"x1i10hfl xjbqb8w x1ejq31n x18oe1m7 x1sy0etr xstzfhl x972fbf x10w94by x1qhh985 x14e42zd x9f619 x1ypdohk xt0psk2 x3ct3a4 xdj266r x14z9mp xat24cr x1lziwak xexx8yu xyri2b x18d9i69 x1c1uobl x16tdsg8 x1hl2dhg xggy1nq x1a2a7pz xkrqix3 x1sur9pj x1fey0fg x1s688f\" tabindex=\"0\" role=\"link\" href=\"https:\/\/www.facebook.com\/hashtag\/informativoelvalledeaguascalientes?__eep__=6&amp;__cft__[0]=AZaSAnQRoyVHalthRgaMWcQtib7jDBljP0wd9_UVoLX_b8giA6oK9u63dnQdWOHEStlbv89OZz8ZfYrpENhWp45by04qSoZL4Dz7oSscrbGhvjyrGI5PFVLJSaUpEweyilJnoGsw0eXBhWkcoTiLC0a9KvHxYLcJo3hIrYvvAG4buOZBGtJm1bDbsqipyPVIdWU&amp;__tn__=*NK-R\">#informativoelvalledeaguascalientes<\/a><\/span><\/p>\n<div style=\"width: 640px;\" class=\"wp-video\"><video class=\"wp-video-shortcode\" id=\"video-82991-1\" width=\"640\" height=\"362\" preload=\"metadata\" controls=\"controls\"><source type=\"video\/mp4\" src=\"https:\/\/informativoelvalledeaguascalientes.online\/wp-content\/uploads\/2026\/02\/WhatsApp-Video-2026-02-20-at-2.21.42-PM.mp4?_=1\" \/><a href=\"https:\/\/informativoelvalledeaguascalientes.online\/wp-content\/uploads\/2026\/02\/WhatsApp-Video-2026-02-20-at-2.21.42-PM.mp4\">https:\/\/informativoelvalledeaguascalientes.online\/wp-content\/uploads\/2026\/02\/WhatsApp-Video-2026-02-20-at-2.21.42-PM.mp4<\/a><\/video><\/div>\n<p>&nbsp;<\/p>\n<p>\u2022 Se instalaron 30 luminarias para eliminar zonas oscuras y brindar mayor tranquilidad a las familias<\/p>\n<p>El Gobierno Municipal de Jes\u00fas Mar\u00eda, encabezado por el presidente municipal C\u00e9sar Medina, llev\u00f3 a cabo la instalaci\u00f3n de 30 nuevas luminarias en el circuito del R\u00edo San Pedro, una acci\u00f3n que atiende directamente las solicitudes de la ciudadan\u00eda y que hoy permite contar con entornos m\u00e1s seguros, visibles y dignos para la convivencia siendo esta una parte de la estrategia integral la cual tiene como objetivo principal fortalecer la seguridad y recuperar los espacios p\u00fablicos del municipio.<\/p>\n<p>Durante un recorrido por la zona, el alcalde destac\u00f3 que el compromiso con los ciudadanos es claro por eso es que en Jes\u00fas Mar\u00cda las palabras se vuelven resultados, por lo que, tras las jornadas de limpieza realizadas en este punto, se detectaron \u00e1reas con baja visibilidad que representaban un riesgo para quienes diariamente utilizan este espacio para caminar, hacer ejercicio o convivir en familia.<\/p>\n<p>\u201cCuando un espacio p\u00fablico se ilumina, se limpia y se vuelve a llenar de vida, tambi\u00e9n se fortalece la seguridad. Ese es el modelo que estamos impulsando en Jes\u00fas Mar\u00eda: prevenci\u00f3n, cercan\u00eda y resultados\u201d, subray\u00f3.<\/p>\n<p>Las nuevas luminarias fueron colocadas en puntos estrat\u00e9gicos desde el acceso al circuito y a lo largo del per\u00edmetro, sustituyendo esquemas anteriores que hab\u00edan sido vandalizados y que no garantizaban la iluminaci\u00f3n necesaria. Con ello, se mejora de manera significativa la imagen urbana y se generan condiciones que inhiben conductas indebidas.<\/p>\n<p>El titular de Servicios P\u00fablicos, Enrique Barba, explic\u00f3 que esta intervenci\u00f3n forma parte de un plan permanente para modernizar el sistema de alumbrado y responder a las necesidades reales de la poblaci\u00f3n, priorizando los espacios donde existe mayor afluencia de personas.<\/p>\n<p>Gracias al rescate del parque del R\u00edo San Pedro y al reforzamiento del alumbrado, hoy se registra mayor presencia de familias y usuarios, lo que contribuye directamente a la prevenci\u00f3n del delito mediante la apropiaci\u00f3n ciudadana de los espacios p\u00fablicos.<\/p>\n<p>Estas acciones se integran a la pol\u00edtica de seguridad del Gobierno Municipal, que combina infraestructura urbana, servicios p\u00fablicos eficientes y participaci\u00f3n social, consolidando a Jes\u00fas Mar\u00eda como un municipio m\u00e1s ordenado, seguro y con mejor calidad de vida.<\/p>\n<p>Finalmente, el presidente municipal reconoci\u00f3 el trabajo del personal de Servicios P\u00fablicos, del Cabildo y la confianza de la ciudadan\u00eda, y reiter\u00f3 que su administraci\u00f3n continuar\u00e1 llevando obras y acciones a cada rinc\u00f3n del municipio.<\/p>\n","protected":false},"excerpt":{"rendered":"<p>#Aguascalientes #informativoelvalledeaguascalientesll \u00a0#novaradioaguascalientes #informativoelvalledeaguascalientes &nbsp; \u2022 Se instalaron 30 luminarias para eliminar zonas oscuras y brindar mayor tranquilidad a las familias El Gobierno Municipal de Jes\u00fas Mar\u00eda, encabezado por el presidente municipal C\u00e9sar Medina, llev\u00f3 a cabo la instalaci\u00f3n de 30 nuevas luminarias en el circuito del R\u00edo San Pedro, una acci\u00f3n que atiende directamente [&hellip;]<\/p>\n","protected":false},"author":1,"featured_media":82993,"comment_status":"closed","ping_status":"open","sticky":false,"template":"","format":"standard","meta":{"advanced_seo_description":"","jetpack_seo_html_title":"","jetpack_seo_noindex":false,"_jetpack_memberships_contains_paid_content":false,"footnotes":"","jetpack_publicize_message":"","jetpack_publicize_feature_enabled":true,"jetpack_social_post_already_shared":true,"jetpack_social_options":{"image_generator_settings":{"template":"highway","default_image_id":0,"font":"","enabled":false},"version":2}},"categories":[21,14],"tags":[22,45],"class_list":["post-82991","post","type-post","status-publish","format-standard","has-post-thumbnail","hentry","category-aguascalientes","category-jesus-maria-aguascalientes","tag-aguascalientes","tag-jesus-maria-aguascalientes"],"jetpack_publicize_connections":[],"jetpack_featured_media_url":"https:\/\/i0.wp.com\/informativoelvalledeaguascalientes.online\/wp-content\/uploads\/2026\/02\/d8bb91fd-5a4e-4a1d-8ece-9f12d240ef8b.jpg?fit=1600%2C1066&ssl=1","jetpack-related-posts":[],"jetpack_sharing_enabled":true,"jetpack_likes_enabled":true,"_links":{"self":[{"href":"https:\/\/informativoelvalledeaguascalientes.online\/index.php?rest_route=\/wp\/v2\/posts\/82991","targetHints":{"allow":["GET"]}}],"collection":[{"href":"https:\/\/informativoelvalledeaguascalientes.online\/index.php?rest_route=\/wp\/v2\/posts"}],"about":[{"href":"https:\/\/informativoelvalledeaguascalientes.online\/index.php?rest_route=\/wp\/v2\/types\/post"}],"author":[{"embeddable":true,"href":"https:\/\/informativoelvalledeaguascalientes.online\/index.php?rest_route=\/wp\/v2\/users\/1"}],"replies":[{"embeddable":true,"href":"https:\/\/informativoelvalledeaguascalientes.online\/index.php?rest_route=%2Fwp%2Fv2%2Fcomments&post=82991"}],"version-history":[{"count":1,"href":"https:\/\/informativoelvalledeaguascalientes.online\/index.php?rest_route=\/wp\/v2\/posts\/82991\/revisions"}],"predecessor-version":[{"id":82994,"href":"https:\/\/informativoelvalledeaguascalientes.online\/index.php?rest_route=\/wp\/v2\/posts\/82991\/revisions\/82994"}],"wp:featuredmedia":[{"embeddable":true,"href":"https:\/\/informativoelvalledeaguascalientes.online\/index.php?rest_route=\/wp\/v2\/media\/82993"}],"wp:attachment":[{"href":"https:\/\/informativoelvalledeaguascalientes.online\/index.php?rest_route=%2Fwp%2Fv2%2Fmedia&parent=82991"}],"wp:term":[{"taxonomy":"category","embeddable":true,"href":"https:\/\/informativoelvalledeaguascalientes.online\/index.php?rest_route=%2Fwp%2Fv2%2Fcategories&post=82991"},{"taxonomy":"post_tag","embeddable":true,"href":"https:\/\/informativoelvalledeaguascalientes.online\/index.php?rest_route=%2Fwp%2Fv2%2Ftags&post=82991"}],"curies":[{"name":"wp","href":"https:\/\/api.w.org\/{rel}","templated":true}]}}