{"id":82988,"date":"2026-02-21T18:25:07","date_gmt":"2026-02-22T00:25:07","guid":{"rendered":"https:\/\/informativoelvalledeaguascalientes.online\/?p=82988"},"modified":"2026-02-21T18:25:07","modified_gmt":"2026-02-22T00:25:07","slug":"en-la-delegacion-de-la-labor-se-dio-el-arranque-de-la-cabalgata-ruta-de-la-independencia-2026","status":"publish","type":"post","link":"https:\/\/informativoelvalledeaguascalientes.online\/?p=82988","title":{"rendered":"En la delegaci\u00f3n de La Labor se dio el arranque de la Cabalgata Ruta de la Independencia 2026"},"content":{"rendered":"<p><span class=\"html-span xdj266r x14z9mp xat24cr x1lziwak xexx8yu xyri2b x18d9i69 x1c1uobl x1hl2dhg x16tdsg8 x1vvkbs\"><a class=\"x1i10hfl xjbqb8w x1ejq31n x18oe1m7 x1sy0etr xstzfhl x972fbf x10w94by x1qhh985 x14e42zd x9f619 x1ypdohk xt0psk2 x3ct3a4 xdj266r x14z9mp xat24cr x1lziwak xexx8yu xyri2b x18d9i69 x1c1uobl x16tdsg8 x1hl2dhg xggy1nq x1a2a7pz xkrqix3 x1sur9pj x1fey0fg x1s688f\" tabindex=\"0\" role=\"link\" href=\"https:\/\/www.facebook.com\/hashtag\/aguascalientes?__eep__=6&amp;__cft__[0]=AZaSAnQRoyVHalthRgaMWcQtib7jDBljP0wd9_UVoLX_b8giA6oK9u63dnQdWOHEStlbv89OZz8ZfYrpENhWp45by04qSoZL4Dz7oSscrbGhvjyrGI5PFVLJSaUpEweyilJnoGsw0eXBhWkcoTiLC0a9KvHxYLcJo3hIrYvvAG4buOZBGtJm1bDbsqipyPVIdWU&amp;__tn__=*NK-R\">#Aguascalientes<\/a><\/span> <span class=\"html-span xdj266r x14z9mp xat24cr x1lziwak xexx8yu xyri2b x18d9i69 x1c1uobl x1hl2dhg x16tdsg8 x1vvkbs\"><a class=\"x1i10hfl xjbqb8w x1ejq31n x18oe1m7 x1sy0etr xstzfhl x972fbf x10w94by x1qhh985 x14e42zd x9f619 x1ypdohk xt0psk2 x3ct3a4 xdj266r x14z9mp xat24cr x1lziwak xexx8yu xyri2b x18d9i69 x1c1uobl x16tdsg8 x1hl2dhg xggy1nq x1a2a7pz xkrqix3 x1sur9pj x1fey0fg x1s688f\" tabindex=\"0\" role=\"link\" href=\"https:\/\/www.facebook.com\/hashtag\/informativoelvalledeaguascalientesll?__eep__=6&amp;__cft__[0]=AZaSAnQRoyVHalthRgaMWcQtib7jDBljP0wd9_UVoLX_b8giA6oK9u63dnQdWOHEStlbv89OZz8ZfYrpENhWp45by04qSoZL4Dz7oSscrbGhvjyrGI5PFVLJSaUpEweyilJnoGsw0eXBhWkcoTiLC0a9KvHxYLcJo3hIrYvvAG4buOZBGtJm1bDbsqipyPVIdWU&amp;__tn__=*NK-R\">#informativoelvalledeaguascalientesll<\/a><\/span> \u00a0<span class=\"html-span xdj266r x14z9mp xat24cr x1lziwak xexx8yu xyri2b x18d9i69 x1c1uobl x1hl2dhg x16tdsg8 x1vvkbs\"><a class=\"x1i10hfl xjbqb8w x1ejq31n x18oe1m7 x1sy0etr xstzfhl x972fbf x10w94by x1qhh985 x14e42zd x9f619 x1ypdohk xt0psk2 x3ct3a4 xdj266r x14z9mp xat24cr x1lziwak xexx8yu xyri2b x18d9i69 x1c1uobl x16tdsg8 x1hl2dhg xggy1nq x1a2a7pz xkrqix3 x1sur9pj x1fey0fg x1s688f\" tabindex=\"0\" role=\"link\" href=\"https:\/\/www.facebook.com\/hashtag\/novaradioaguascalientes?__eep__=6&amp;__cft__[0]=AZaSAnQRoyVHalthRgaMWcQtib7jDBljP0wd9_UVoLX_b8giA6oK9u63dnQdWOHEStlbv89OZz8ZfYrpENhWp45by04qSoZL4Dz7oSscrbGhvjyrGI5PFVLJSaUpEweyilJnoGsw0eXBhWkcoTiLC0a9KvHxYLcJo3hIrYvvAG4buOZBGtJm1bDbsqipyPVIdWU&amp;__tn__=*NK-R\">#novaradioaguascalientes<\/a><\/span> <span class=\"html-span xdj266r x14z9mp xat24cr x1lziwak xexx8yu xyri2b x18d9i69 x1c1uobl x1hl2dhg x16tdsg8 x1vvkbs\"><a class=\"x1i10hfl xjbqb8w x1ejq31n x18oe1m7 x1sy0etr xstzfhl x972fbf x10w94by x1qhh985 x14e42zd x9f619 x1ypdohk xt0psk2 x3ct3a4 xdj266r x14z9mp xat24cr x1lziwak xexx8yu xyri2b x18d9i69 x1c1uobl x16tdsg8 x1hl2dhg xggy1nq x1a2a7pz xkrqix3 x1sur9pj x1fey0fg x1s688f\" tabindex=\"0\" role=\"link\" href=\"https:\/\/www.facebook.com\/hashtag\/informativoelvalledeaguascalientes?__eep__=6&amp;__cft__[0]=AZaSAnQRoyVHalthRgaMWcQtib7jDBljP0wd9_UVoLX_b8giA6oK9u63dnQdWOHEStlbv89OZz8ZfYrpENhWp45by04qSoZL4Dz7oSscrbGhvjyrGI5PFVLJSaUpEweyilJnoGsw0eXBhWkcoTiLC0a9KvHxYLcJo3hIrYvvAG4buOZBGtJm1bDbsqipyPVIdWU&amp;__tn__=*NK-R\">#informativoelvalledeaguascalientes<\/a><\/span><\/p>\n<p>&nbsp;<\/p>\n<p>En la delegaci\u00f3n de La Labor se dio el arranque de la Cabalgata Ruta de la Independencia 2026, una tradici\u00f3n que honra el paso del Cura Miguel Hidalgo por tierras de Aguascalientes, recorriendo los municipios de Calvillo, San Jos\u00e9 de Gracia y Rinc\u00f3n de Romos.<\/p>\n<p>Se comparti\u00f3 una rese\u00f1a hist\u00f3rica que record\u00f3 la importancia de este recorrido en la construcci\u00f3n de nuestra identidad y memoria colectiva.<\/p>\n<p>Tambi\u00e9n se bendijo a los charros y cabalgantes que participan en esta traves\u00eda, y se hizo entrega del l\u00e1baro patrio que acompa\u00f1ar\u00e1 el trayecto.<\/p>\n<p>Esta cabalgata no solo fortalece nuestras tradiciones, sino que tambi\u00e9n une a las familias y comunidades en torno a los valores de libertad, historia y orgullo por nuestras ra\u00edces.<\/p>\n<p>#LegadoParaMiGente<\/p>\n","protected":false},"excerpt":{"rendered":"<p>#Aguascalientes #informativoelvalledeaguascalientesll \u00a0#novaradioaguascalientes #informativoelvalledeaguascalientes &nbsp; En la delegaci\u00f3n de La Labor se dio el arranque de la Cabalgata Ruta de la Independencia 2026, una tradici\u00f3n que honra el paso del Cura Miguel Hidalgo por tierras de Aguascalientes, recorriendo los municipios de Calvillo, San Jos\u00e9 de Gracia y Rinc\u00f3n de Romos. Se comparti\u00f3 una rese\u00f1a hist\u00f3rica [&hellip;]<\/p>\n","protected":false},"author":1,"featured_media":82989,"comment_status":"closed","ping_status":"open","sticky":false,"template":"","format":"standard","meta":{"advanced_seo_description":"","jetpack_seo_html_title":"","jetpack_seo_noindex":false,"_jetpack_memberships_contains_paid_content":false,"footnotes":"","jetpack_publicize_message":"","jetpack_publicize_feature_enabled":true,"jetpack_social_post_already_shared":true,"jetpack_social_options":{"image_generator_settings":{"template":"highway","default_image_id":0,"font":"","enabled":false},"version":2}},"categories":[21,13],"tags":[22,88,29],"class_list":["post-82988","post","type-post","status-publish","format-standard","has-post-thumbnail","hentry","category-aguascalientes","category-calvillo-aguascalientes","tag-aguascalientes","tag-calvillo","tag-calvillo-aguascalientes"],"jetpack_publicize_connections":[],"jetpack_featured_media_url":"https:\/\/i0.wp.com\/informativoelvalledeaguascalientes.online\/wp-content\/uploads\/2026\/02\/3a7110de-b42f-4ad3-ad44-fcbf308bd3f7.jpg?fit=1500%2C1001&ssl=1","jetpack-related-posts":[],"jetpack_sharing_enabled":true,"jetpack_likes_enabled":true,"_links":{"self":[{"href":"https:\/\/informativoelvalledeaguascalientes.online\/index.php?rest_route=\/wp\/v2\/posts\/82988","targetHints":{"allow":["GET"]}}],"collection":[{"href":"https:\/\/informativoelvalledeaguascalientes.online\/index.php?rest_route=\/wp\/v2\/posts"}],"about":[{"href":"https:\/\/informativoelvalledeaguascalientes.online\/index.php?rest_route=\/wp\/v2\/types\/post"}],"author":[{"embeddable":true,"href":"https:\/\/informativoelvalledeaguascalientes.online\/index.php?rest_route=\/wp\/v2\/users\/1"}],"replies":[{"embeddable":true,"href":"https:\/\/informativoelvalledeaguascalientes.online\/index.php?rest_route=%2Fwp%2Fv2%2Fcomments&post=82988"}],"version-history":[{"count":1,"href":"https:\/\/informativoelvalledeaguascalientes.online\/index.php?rest_route=\/wp\/v2\/posts\/82988\/revisions"}],"predecessor-version":[{"id":82990,"href":"https:\/\/informativoelvalledeaguascalientes.online\/index.php?rest_route=\/wp\/v2\/posts\/82988\/revisions\/82990"}],"wp:featuredmedia":[{"embeddable":true,"href":"https:\/\/informativoelvalledeaguascalientes.online\/index.php?rest_route=\/wp\/v2\/media\/82989"}],"wp:attachment":[{"href":"https:\/\/informativoelvalledeaguascalientes.online\/index.php?rest_route=%2Fwp%2Fv2%2Fmedia&parent=82988"}],"wp:term":[{"taxonomy":"category","embeddable":true,"href":"https:\/\/informativoelvalledeaguascalientes.online\/index.php?rest_route=%2Fwp%2Fv2%2Fcategories&post=82988"},{"taxonomy":"post_tag","embeddable":true,"href":"https:\/\/informativoelvalledeaguascalientes.online\/index.php?rest_route=%2Fwp%2Fv2%2Ftags&post=82988"}],"curies":[{"name":"wp","href":"https:\/\/api.w.org\/{rel}","templated":true}]}}