{"id":82892,"date":"2026-02-17T21:14:12","date_gmt":"2026-02-18T03:14:12","guid":{"rendered":"https:\/\/informativoelvalledeaguascalientes.online\/?p=82892"},"modified":"2026-02-17T21:14:12","modified_gmt":"2026-02-18T03:14:12","slug":"la-diputacion-permanente-del-congreso-de-aguascalientes-convoco-a-su-primer-periodo-extraordinario-del-segundo-ano-legislativo","status":"publish","type":"post","link":"https:\/\/informativoelvalledeaguascalientes.online\/?p=82892","title":{"rendered":"LA DIPUTACI\u00d3N PERMANENTE DEL CONGRESO DE AGUASCALIENTES CONVOC\u00d3 A SU PRIMER PERIODO EXTRAORDINARIO DEL SEGUNDO A\u00d1O LEGISLATIVO"},"content":{"rendered":"<p><span class=\"html-span xdj266r x14z9mp xat24cr x1lziwak xexx8yu xyri2b x18d9i69 x1c1uobl x1hl2dhg x16tdsg8 x1vvkbs\"><a class=\"x1i10hfl xjbqb8w x1ejq31n x18oe1m7 x1sy0etr xstzfhl x972fbf x10w94by x1qhh985 x14e42zd x9f619 x1ypdohk xt0psk2 x3ct3a4 xdj266r x14z9mp xat24cr x1lziwak xexx8yu xyri2b x18d9i69 x1c1uobl x16tdsg8 x1hl2dhg xggy1nq x1a2a7pz xkrqix3 x1sur9pj x1fey0fg x1s688f\" tabindex=\"0\" role=\"link\" href=\"https:\/\/www.facebook.com\/hashtag\/aguascalientes?__eep__=6&amp;__cft__[0]=AZaSAnQRoyVHalthRgaMWcQtib7jDBljP0wd9_UVoLX_b8giA6oK9u63dnQdWOHEStlbv89OZz8ZfYrpENhWp45by04qSoZL4Dz7oSscrbGhvjyrGI5PFVLJSaUpEweyilJnoGsw0eXBhWkcoTiLC0a9KvHxYLcJo3hIrYvvAG4buOZBGtJm1bDbsqipyPVIdWU&amp;__tn__=*NK-R\">#Aguascalientes<\/a><\/span> <span class=\"html-span xdj266r x14z9mp xat24cr x1lziwak xexx8yu xyri2b x18d9i69 x1c1uobl x1hl2dhg x16tdsg8 x1vvkbs\"><a class=\"x1i10hfl xjbqb8w x1ejq31n x18oe1m7 x1sy0etr xstzfhl x972fbf x10w94by x1qhh985 x14e42zd x9f619 x1ypdohk xt0psk2 x3ct3a4 xdj266r x14z9mp xat24cr x1lziwak xexx8yu xyri2b x18d9i69 x1c1uobl x16tdsg8 x1hl2dhg xggy1nq x1a2a7pz xkrqix3 x1sur9pj x1fey0fg x1s688f\" tabindex=\"0\" role=\"link\" href=\"https:\/\/www.facebook.com\/hashtag\/informativoelvalledeaguascalientesll?__eep__=6&amp;__cft__[0]=AZaSAnQRoyVHalthRgaMWcQtib7jDBljP0wd9_UVoLX_b8giA6oK9u63dnQdWOHEStlbv89OZz8ZfYrpENhWp45by04qSoZL4Dz7oSscrbGhvjyrGI5PFVLJSaUpEweyilJnoGsw0eXBhWkcoTiLC0a9KvHxYLcJo3hIrYvvAG4buOZBGtJm1bDbsqipyPVIdWU&amp;__tn__=*NK-R\">#informativoelvalledeaguascalientesll<\/a><\/span> \u00a0<span class=\"html-span xdj266r x14z9mp xat24cr x1lziwak xexx8yu xyri2b x18d9i69 x1c1uobl x1hl2dhg x16tdsg8 x1vvkbs\"><a class=\"x1i10hfl xjbqb8w x1ejq31n x18oe1m7 x1sy0etr xstzfhl x972fbf x10w94by x1qhh985 x14e42zd x9f619 x1ypdohk xt0psk2 x3ct3a4 xdj266r x14z9mp xat24cr x1lziwak xexx8yu xyri2b x18d9i69 x1c1uobl x16tdsg8 x1hl2dhg xggy1nq x1a2a7pz xkrqix3 x1sur9pj x1fey0fg x1s688f\" tabindex=\"0\" role=\"link\" href=\"https:\/\/www.facebook.com\/hashtag\/novaradioaguascalientes?__eep__=6&amp;__cft__[0]=AZaSAnQRoyVHalthRgaMWcQtib7jDBljP0wd9_UVoLX_b8giA6oK9u63dnQdWOHEStlbv89OZz8ZfYrpENhWp45by04qSoZL4Dz7oSscrbGhvjyrGI5PFVLJSaUpEweyilJnoGsw0eXBhWkcoTiLC0a9KvHxYLcJo3hIrYvvAG4buOZBGtJm1bDbsqipyPVIdWU&amp;__tn__=*NK-R\">#novaradioaguascalientes<\/a><\/span> <span class=\"html-span xdj266r x14z9mp xat24cr x1lziwak xexx8yu xyri2b x18d9i69 x1c1uobl x1hl2dhg x16tdsg8 x1vvkbs\"><a class=\"x1i10hfl xjbqb8w x1ejq31n x18oe1m7 x1sy0etr xstzfhl x972fbf x10w94by x1qhh985 x14e42zd x9f619 x1ypdohk xt0psk2 x3ct3a4 xdj266r x14z9mp xat24cr x1lziwak xexx8yu xyri2b x18d9i69 x1c1uobl x16tdsg8 x1hl2dhg xggy1nq x1a2a7pz xkrqix3 x1sur9pj x1fey0fg x1s688f\" tabindex=\"0\" role=\"link\" href=\"https:\/\/www.facebook.com\/hashtag\/informativoelvalledeaguascalientes?__eep__=6&amp;__cft__[0]=AZaSAnQRoyVHalthRgaMWcQtib7jDBljP0wd9_UVoLX_b8giA6oK9u63dnQdWOHEStlbv89OZz8ZfYrpENhWp45by04qSoZL4Dz7oSscrbGhvjyrGI5PFVLJSaUpEweyilJnoGsw0eXBhWkcoTiLC0a9KvHxYLcJo3hIrYvvAG4buOZBGtJm1bDbsqipyPVIdWU&amp;__tn__=*NK-R\">#informativoelvalledeaguascalientes<\/a><\/span><\/p>\n<p>&nbsp;<\/p>\n<p>&nbsp;<\/p>\n<p>En el marco de la novena sesi\u00f3n ordinaria de la Diputaci\u00f3n Permanente de la LXVI Legislatura del Congreso de Aguascalientes, que encabez\u00f3 el diputado presidente\u00a0Jos\u00e9 Trinidad Romo Mar\u00edn, y con la participaci\u00f3n de las y los legisladores\u00a0Irma Reza de la Cruz, Emanuelle S\u00e1nchez N\u00e1jera y Omar Vald\u00e9s Reyes, se aprob\u00f3 el acuerdo que de manera previa emiti\u00f3 la Junta de Coordinaci\u00f3n Pol\u00edtica, para convocar a las y los integrantes del Pleno al\u00a0Primer Periodo Extraordinario de Sesiones, correspondiente al segundo a\u00f1o de ejercicio constitucional.<\/p>\n<p>&nbsp;<\/p>\n<p>Este llamado se realiza en t\u00e9rminos de lo dispuesto por el art\u00edculo 25, fracci\u00f3n III, de la Constituci\u00f3n Pol\u00edtica del Estado de Aguascalientes, con el prop\u00f3sito de que sean discutidos y, en su caso, aprobados diversos asuntos de car\u00e1cter prioritario que no pueden esperar al siguiente periodo ordinario, dada su relevancia en materia de seguridad, justicia, vivienda, desarrollo social y econ\u00f3mico, as\u00ed como en el cumplimiento de atribuciones propias del Poder Legislativo.<\/p>\n<p>&nbsp;<\/p>\n<p>Entre los temas que abordar\u00e1 el Pleno encuentran la adecuaci\u00f3n de los requisitos para ocupar la titularidad del \u00d3rgano Superior de Fiscalizaci\u00f3n del Estado de Aguascalientes (OSFAGS); la homologaci\u00f3n del periodo del cargo de la persona titular de la Fiscal\u00eda General del Estado conforme a lo que establece la legislaci\u00f3n federal; adem\u00e1s de reformas al C\u00f3digo Penal del Estado para armonizarlo con la Ley General en materia de prevenci\u00f3n, investigaci\u00f3n y sanci\u00f3n del delito de extorsi\u00f3n.<\/p>\n<p>&nbsp;<\/p>\n<p>Tambi\u00e9n, dentro del orden del d\u00eda para esta sesi\u00f3n extraordinaria, se contempla la integraci\u00f3n del tipo penal de reclutamiento forzoso, la incorporaci\u00f3n de agravantes gen\u00e9ricas y disposiciones relacionadas con el uso de inteligencia artificial, adem\u00e1s de la adecuaci\u00f3n de la figura de la prescripci\u00f3n, esto con el prop\u00f3sito de actualizar y fortalecer el marco jur\u00eddico en materia de seguridad p\u00fablica y justicia.<\/p>\n<p>&nbsp;<\/p>\n<p>De igual manera, se analizar\u00e1n la aprobaci\u00f3n de medidas para brindar mayor certeza en la individualizaci\u00f3n de pensiones alimenticias y establecer garant\u00edas ante su incumplimiento en el C\u00f3digo Civil del Estado.<\/p>\n<p>&nbsp;<\/p>\n<p>En materia de vivienda e infraestructura, se someter\u00e1 a votaci\u00f3n del Pleno la autorizaci\u00f3n para la aportaci\u00f3n de predios propiedad del Instituto de Vivienda Social y Ordenamiento de la Propiedad, destinados a la construcci\u00f3n de casas habitaci\u00f3n en el municipio de Pabell\u00f3n de Arteaga y en el fraccionamiento Natura ubicado en la ciudad de Aguascalientes; de igual manera, abordar\u00e1n la iniciativa que dar\u00e1 paso a la implementaci\u00f3n de mecanismos que permitan optimizar y facilitar la liberaci\u00f3n de predios concesionados en obras estrat\u00e9gicas como carreteras y puentes, y la creaci\u00f3n de un concepto de aprovechamiento de infraestructura urbana que permita captar recursos para su mantenimiento.<\/p>\n<p>&nbsp;<\/p>\n<p>En el \u00e1mbito hacendario, se revisar\u00e1 la incorporaci\u00f3n de conceptos y la actualizaci\u00f3n de valores en la Ley de Ingresos del Municipio de Jes\u00fas Mar\u00eda para un adecuado c\u00e1lculo y gesti\u00f3n de la recaudaci\u00f3n, as\u00ed como la inclusi\u00f3n de est\u00edmulos a la transmisi\u00f3n de concesiones en la Ley de Ingresos del Estado. Asimismo, se propondr\u00e1 la actualizaci\u00f3n de la denominaci\u00f3n de la Procuradur\u00eda Estatal de Protecci\u00f3n al Ambiente, con el objeto de reconocer de manera formal sus facultades en materia de protecci\u00f3n animal.<\/p>\n<p>&nbsp;<\/p>\n<p>Tambi\u00e9n se contemplan adecuaciones a la normatividad en materia de responsabilidades administrativas y al Estatuto Jur\u00eddico de los Trabajadores al Servicio del Estado, con el prop\u00f3sito de prevenir y sancionar conductas que pudieran considerarse como injerencia sindical. De igual forma, se analizar\u00e1 la adecuaci\u00f3n de la temporalidad para el reconocimiento de mujeres legisladoras prevista en la Ley de Premios que Otorga el Poder Legislativo, as\u00ed como la denominaci\u00f3n oficial que deber\u00e1 instaurarse en el a\u00f1o 2026 para esta Honorable Legislatura.<\/p>\n<p>&nbsp;<\/p>\n<p>En consecuencia, la Diputaci\u00f3n Permanente convoc\u00f3 a las y los integrantes del Pleno a celebrar el Periodo Extraordinario este\u00a0jueves 19 de febrero de 2026, a las 10:00 horas en el\u00a0Sal\u00f3n Soberana Convenci\u00f3n Revolucionaria de Aguascalientes, recinto oficial del Poder Legislativo, y antes, a las 09:00 horas, la realizaci\u00f3n de una sesi\u00f3n previa para designar a la mesa directiva que dirigir\u00e1 los trabajos de esta asamblea.<\/p>\n<p>&nbsp;<\/p>\n<p>Finalmente, el diputado presidente\u00a0Jos\u00e9 Trinidad Romo Mar\u00edn\u00a0clausur\u00f3 los trabajos de la presente reuni\u00f3n y cit\u00f3 a la siguiente sesi\u00f3n a las y los integrantes de la Diputaci\u00f3n Permanente para el\u00a0martes 24 de febrero de 2026, a las 10:00 horas, en el\u00a0Sal\u00f3n Aquiles Elorduy Garc\u00eda.<\/p>\n","protected":false},"excerpt":{"rendered":"<p>#Aguascalientes #informativoelvalledeaguascalientesll \u00a0#novaradioaguascalientes #informativoelvalledeaguascalientes &nbsp; &nbsp; En el marco de la novena sesi\u00f3n ordinaria de la Diputaci\u00f3n Permanente de la LXVI Legislatura del Congreso de Aguascalientes, que encabez\u00f3 el diputado presidente\u00a0Jos\u00e9 Trinidad Romo Mar\u00edn, y con la participaci\u00f3n de las y los legisladores\u00a0Irma Reza de la Cruz, Emanuelle S\u00e1nchez N\u00e1jera y Omar Vald\u00e9s Reyes, se [&hellip;]<\/p>\n","protected":false},"author":1,"featured_media":82893,"comment_status":"closed","ping_status":"open","sticky":false,"template":"","format":"standard","meta":{"advanced_seo_description":"","jetpack_seo_html_title":"","jetpack_seo_noindex":false,"_jetpack_memberships_contains_paid_content":false,"footnotes":"","jetpack_publicize_message":"","jetpack_publicize_feature_enabled":true,"jetpack_social_post_already_shared":true,"jetpack_social_options":{"image_generator_settings":{"template":"highway","default_image_id":0,"font":"","enabled":false},"version":2}},"categories":[21,5],"tags":[22,872],"class_list":["post-82892","post","type-post","status-publish","format-standard","has-post-thumbnail","hentry","category-aguascalientes","category-h-congreso-del-estado-aguascalientes","tag-aguascalientes","tag-lxvi-legislatura-aguascalientes"],"jetpack_publicize_connections":[],"jetpack_featured_media_url":"https:\/\/i0.wp.com\/informativoelvalledeaguascalientes.online\/wp-content\/uploads\/2026\/02\/NOVENA-PERMANENTE.jpg?fit=911%2C607&ssl=1","jetpack-related-posts":[],"jetpack_sharing_enabled":true,"jetpack_likes_enabled":true,"_links":{"self":[{"href":"https:\/\/informativoelvalledeaguascalientes.online\/index.php?rest_route=\/wp\/v2\/posts\/82892","targetHints":{"allow":["GET"]}}],"collection":[{"href":"https:\/\/informativoelvalledeaguascalientes.online\/index.php?rest_route=\/wp\/v2\/posts"}],"about":[{"href":"https:\/\/informativoelvalledeaguascalientes.online\/index.php?rest_route=\/wp\/v2\/types\/post"}],"author":[{"embeddable":true,"href":"https:\/\/informativoelvalledeaguascalientes.online\/index.php?rest_route=\/wp\/v2\/users\/1"}],"replies":[{"embeddable":true,"href":"https:\/\/informativoelvalledeaguascalientes.online\/index.php?rest_route=%2Fwp%2Fv2%2Fcomments&post=82892"}],"version-history":[{"count":1,"href":"https:\/\/informativoelvalledeaguascalientes.online\/index.php?rest_route=\/wp\/v2\/posts\/82892\/revisions"}],"predecessor-version":[{"id":82894,"href":"https:\/\/informativoelvalledeaguascalientes.online\/index.php?rest_route=\/wp\/v2\/posts\/82892\/revisions\/82894"}],"wp:featuredmedia":[{"embeddable":true,"href":"https:\/\/informativoelvalledeaguascalientes.online\/index.php?rest_route=\/wp\/v2\/media\/82893"}],"wp:attachment":[{"href":"https:\/\/informativoelvalledeaguascalientes.online\/index.php?rest_route=%2Fwp%2Fv2%2Fmedia&parent=82892"}],"wp:term":[{"taxonomy":"category","embeddable":true,"href":"https:\/\/informativoelvalledeaguascalientes.online\/index.php?rest_route=%2Fwp%2Fv2%2Fcategories&post=82892"},{"taxonomy":"post_tag","embeddable":true,"href":"https:\/\/informativoelvalledeaguascalientes.online\/index.php?rest_route=%2Fwp%2Fv2%2Ftags&post=82892"}],"curies":[{"name":"wp","href":"https:\/\/api.w.org\/{rel}","templated":true}]}}